{"id":3819,"date":"2023-05-17T07:25:52","date_gmt":"2023-05-17T07:25:52","guid":{"rendered":"https:\/\/choras.lt\/?p=3819"},"modified":"2024-04-11T08:56:41","modified_gmt":"2024-04-11T08:56:41","slug":"kvieciame-i-xv-aji-choru-festivali-konkursa-musu-dainose","status":"publish","type":"post","link":"https:\/\/choras.lt\/index.php\/2023\/05\/17\/kvieciame-i-xv-aji-choru-festivali-konkursa-musu-dainose\/","title":{"rendered":"KVIE\u010cIAME \u012e XV-\u0104J\u012e CHOR\u0172 FESTIVAL\u012e \u2013 KONKURS\u0104 \u201eM\u016aS\u0172 DAINOSE\u201c"},"content":{"rendered":"\n<p>Chor\u0173 festivalis \u201eM\u016bs\u0173 dainose\u201c Vievyje prad\u0117tas organizuoti 2007 m. Jo id\u0117ja gim\u0117 siekiant i\u0161saugoti ir pagerbti garsios chorved\u0117s, pedagog\u0117s vieviet\u0117s Aldonos Pulauskien\u0117s \u0161vies\u0173 atminim\u0105.<\/p>\n\n\n\n<p>Puosel\u0117jantis Lietuvos dain\u0173 \u0161ven\u010di\u0173 tradicij\u0105 per keliolika met\u0173 festivalis i\u0161augo nuo savivaldyb\u0117s chor\u0173 koncerto iki \u0161alies ir tarptautinio renginio, kuriame kasmet dalyvauja kelios de\u0161imtys vaik\u0173, jaunimo ir suaugusi\u0173j\u0173 chor\u0173 i\u0161 \u012fvairi\u0173 \u0161alies region\u0173 bei u\u017esienio &#8211; Latvijos, Estijos, Lenkijos, Suomijos, Baltarusijos.<\/p>\n\n\n\n<p>Nuo 2010 m. prad\u0117jus organizuoti chor\u0173 konkursus \u0161is t\u0119stinis projektas gavo nauj\u0105 pavadinim\u0105: Chor\u0173 festivalis \u2013 konkursas \u201eM\u016bs\u0173 dainose\u201c. Pagrindin\u012f konkurso priz\u0105, kuris kasmet \u012fteikiamas geriausiam vaik\u0173 chorui \u2013 konkurso nugal\u0117tojui ir geriausiam suaugusi\u0173j\u0173 chorui \u2013 konkurso nugal\u0117tojui, \u012fsteig\u0117 Aldonos Pulauskien\u0117s s\u016bnus kompozitorius, d\u017eiazo grupi\u0173 lyderis Dainius Pulauskas. Jis kartu su \u017emona Jolanta Mili\u0161auskaite &#8211; Pulauskiene \u2013 festivalio himno \u201eM\u016bs\u0173 dainose\u201c autoriai.<\/p>\n\n\n\n<p>Projekto renginius vainikuoja chor\u0173 ir jungtini\u0173 chor\u0173 koncertai. Pastaruosius galima vadinti Ma\u017eosiomis dain\u0173 \u0161vent\u0117mis, kuriose skamba Lietuvos dain\u0173 \u0161ven\u010di\u0173 Aukso fondo k\u016briniai. Vaik\u0173 bei suaugusi\u0173j\u0173 jungtiniams chorams diriguoja projekte dalyvaujan\u010di\u0173 chor\u0173 vadovai. 2023 m. \u201eM\u016bs\u0173 dainose\u201c, kurio pagrindiniai renginiai vyks gegu\u017e\u0117s 20-21 d., dalyvauja 34 suaugusi\u0173j\u0173 ir 17 vaik\u0173 chor\u0173, tarp j\u0173 \u2013 chorai i\u0161 Suomijos, Ukrainos. Jungtini\u0173 chor\u0173 koncertin\u0117se programose dalyvauja ir kit\u0173 \u017eanr\u0173 kolektyvai \u2013 pu\u010diam\u0173j\u0173 orkestrai, tautini\u0173 \u0161oki\u0173 kolektyvai.<\/p>\n\n\n\n<p>Vievis nuo seno gars\u0117ja chorinio dainavimo tradicijomis, jas puosel\u0117ja ir skleid\u017eia. \u201eM\u016bs\u0173 dainose\u201c tapo Vievio miesto kult\u016brinio i\u0161skirtinumo \u017eenklu, pla\u010diai \u017einomu ir vertinamu \u0161alies chorin\u0117je bendruomen\u0117je.<\/p>\n\n\n\n<p>Projekt\u0105 finansuoja Lietuvos kult\u016bros taryba ir Elektr\u0117n\u0173 savivaldyb\u0117, remia privat\u016bs verslininkai.<\/p>\n\n\n\n<p>Laukiame chor\u0173 kasmet smagiame ir prasmingame chor\u0173 festivalyje-konkurse \u201eM\u016bs\u0173 dainose\u201c!<\/p>\n\n\n\n<p><\/p>\n\n\n\n<p class=\"has-text-align-center\"><strong>Audron\u0117 Stepankevi\u010di\u016bt\u0117,<\/strong><br>projekto &#8220;Chor\u0173 festivalis \u2013 konkursas \u201eM\u016bs\u0173 dainose\u201c&#8221; vadov\u0117<\/p>\n","protected":false},"excerpt":{"rendered":"<p>Chor\u0173 festivalis \u201eM\u016bs\u0173 dainose\u201c Vievyje prad\u0117tas organizuoti 2007 m. Jo id\u0117ja gim\u0117 siekiant i\u0161saugoti ir pagerbti garsios chorved\u0117s, pedagog\u0117s vieviet\u0117s Aldonos Pulauskien\u0117s \u0161vies\u0173 atminim\u0105. Puosel\u0117jantis Lietuvos dain\u0173 \u0161ven\u010di\u0173 tradicij\u0105 per&hellip; <\/p>\n","protected":false},"author":2,"featured_media":3824,"comment_status":"open","ping_status":"open","sticky":false,"template":"","format":"standard","meta":{"footnotes":""},"categories":[2],"tags":[],"_links":{"self":[{"href":"https:\/\/choras.lt\/index.php\/wp-json\/wp\/v2\/posts\/3819"}],"collection":[{"href":"https:\/\/choras.lt\/index.php\/wp-json\/wp\/v2\/posts"}],"about":[{"href":"https:\/\/choras.lt\/index.php\/wp-json\/wp\/v2\/types\/post"}],"author":[{"embeddable":true,"href":"https:\/\/choras.lt\/index.php\/wp-json\/wp\/v2\/users\/2"}],"replies":[{"embeddable":true,"href":"https:\/\/choras.lt\/index.php\/wp-json\/wp\/v2\/comments?post=3819"}],"version-history":[{"count":5,"href":"https:\/\/choras.lt\/index.php\/wp-json\/wp\/v2\/posts\/3819\/revisions"}],"predecessor-version":[{"id":5174,"href":"https:\/\/choras.lt\/index.php\/wp-json\/wp\/v2\/posts\/3819\/revisions\/5174"}],"wp:featuredmedia":[{"embeddable":true,"href":"https:\/\/choras.lt\/index.php\/wp-json\/wp\/v2\/media\/3824"}],"wp:attachment":[{"href":"https:\/\/choras.lt\/index.php\/wp-json\/wp\/v2\/media?parent=3819"}],"wp:term":[{"taxonomy":"category","embeddable":true,"href":"https:\/\/choras.lt\/index.php\/wp-json\/wp\/v2\/categories?post=3819"},{"taxonomy":"post_tag","embeddable":true,"href":"https:\/\/choras.lt\/index.php\/wp-json\/wp\/v2\/tags?post=3819"}],"curies":[{"name":"wp","href":"https:\/\/api.w.org\/{rel}","templated":true}]}}