{"id":3865,"date":"2023-05-29T20:07:29","date_gmt":"2023-05-29T20:07:29","guid":{"rendered":"https:\/\/choras.lt\/?p=3865"},"modified":"2023-05-29T20:07:33","modified_gmt":"2023-05-29T20:07:33","slug":"per-lietuva-keliaujantis-ansambliu-vakaras-uzburs-taurage","status":"publish","type":"post","link":"https:\/\/choras.lt\/index.php\/2023\/05\/29\/per-lietuva-keliaujantis-ansambliu-vakaras-uzburs-taurage\/","title":{"rendered":"Per Lietuv\u0105 keliaujantis Ansambli\u0173 vakaras u\u017eburs Taurag\u0119"},"content":{"rendered":"\n<p>Pirm\u0105 vasaros savaitgal\u012f Taurag\u0117 kvie\u010dia \u012f \u012fsp\u016bding\u0105 rengin\u012f \u2013 spalvingas Lietuvos dain\u0173 \u0161vent\u0117s Ansambli\u0173 vakaras \u201eGyvyb\u0117s medis\u201c suskamb\u0117s Taurag\u0117s sl\u0117nyje ant J\u016bros up\u0117s vingio.<\/p>\n\n\n\n<p>Teatralizuot\u0105 2024 m. \u0161imtmet\u012f min\u0117sian\u010dios Dain\u0173 \u0161vent\u0117s Ansambli\u0173 vakaro koncert\u0105, jungiant\u012f liaudi\u0161kus \u0161okius, dainas, instrumentin\u0119 muzik\u0105, \u012fsp\u016bding\u0105 scenografij\u0105, pra\u0117jusi\u0173 met\u0173 gruod\u012f pirmieji pamat\u0117 Kauno \u017ei\u016brovai. Naujomis kompozicijomis papildyt\u0105 koncerto program\u0105 jau \u0161\u012f \u0161e\u0161tadien\u012f, bir\u017eelio 3 d., 22 val. Taurag\u0117s vasaros estradoje i\u0161vys tauragi\u0161kiai.<\/p>\n\n\n\n<p>Pasigro\u017e\u0117ti u\u017eburian\u010diu muzikos ir \u0161viesos \u017eaismo kupinu reginiu pakvies net 1500 atlik\u0117j\u0173 \u2013 koncerte dalyvaus Lietuvos dain\u0173 ir \u0161oki\u0173 ansambliai, liaudies instrument\u0173 orkestrai, chorai, solistai Rasa Serra, Airida Burkauskien\u0117, Gabriel\u0117 Pintukait\u0117-Pocien\u0117, Orinta Slu\u0161nyt\u0117, Eugenijus \u010ciplys (birbyn\u0117), \u017demyna Trink\u016bnait\u0117 (kankl\u0117s), Regimantas \u0160ilinskas (skrabalai).<\/p>\n\n\n\n<p>Dviej\u0173 valand\u0173 teatralizuoto koncerto \u201eGyvyb\u0117s medis\u201c program\u0105 sudarys prologas, epilogas ir keturios dalys \u201eUgnis\u201c, \u201eOras\u201c, \u201eVanduo\u201c, \u201e\u017dem\u0117\u201c \u2013 vakaro sutemose skleisis senaisiais papro\u010diais apipintos liaudies muzikos, dain\u0173 ir \u0161oki\u0173 interpretacijos, vaizdingus pasirodymus papildys \u0161viesos efektai. I\u0161 viso koncerte skamb\u0117s 26 k\u016briniai, i\u0161 j\u0173 18 sukurta specialiai Lietuvos  dain\u0173 \u0161vent\u0117s Ansambli\u0173 vakarui.<\/p>\n\n\n\n<p>Koncert\u0105 vainikuos Lietuvos nacionalinio kult\u016bros centro \u012fsteigt\u0173 auk\u0161\u010diausi\u0173 m\u0117g\u0117j\u0173 meno apdovanojim\u0173 \u201eAukso pauk\u0161t\u0117\u201c nominacijos \u201eU\u017e nuopelnus tautinei kult\u016brai\u201c \u012fteikimo Dain\u0173 \u0161ven\u010di\u0173 dirigentui, tautin\u0117s muzikos ir instrument\u0173 raidos tyr\u0117jui, docentui Vytautui Alenskui i\u0161kilm\u0117s. <\/p>\n\n\n\n<p><br>Ansambli\u0173 vakar\u0105 rengia Lietuvos nacionalinis kult\u016bros centras kartu su Taurag\u0117s rajono savivaldybe ir Taurag\u0117s kult\u016bros centru. \u012e\u0117jimas \u012f rengin\u012f \u2013 nemokamas.<\/p>\n\n\n\n<p class=\"has-text-align-center\"><br><strong>Jolanta Kisielyt\u0117-Sadauskien\u0117<\/strong><\/p>\n","protected":false},"excerpt":{"rendered":"<p>Pirm\u0105 vasaros savaitgal\u012f Taurag\u0117 kvie\u010dia \u012f \u012fsp\u016bding\u0105 rengin\u012f \u2013 spalvingas Lietuvos dain\u0173 \u0161vent\u0117s Ansambli\u0173 vakaras \u201eGyvyb\u0117s medis\u201c suskamb\u0117s Taurag\u0117s sl\u0117nyje ant J\u016bros up\u0117s vingio. Teatralizuot\u0105 2024 m. \u0161imtmet\u012f min\u0117sian\u010dios Dain\u0173&hellip; <\/p>\n","protected":false},"author":2,"featured_media":3868,"comment_status":"open","ping_status":"open","sticky":false,"template":"","format":"standard","meta":{"footnotes":""},"categories":[2],"tags":[],"_links":{"self":[{"href":"https:\/\/choras.lt\/index.php\/wp-json\/wp\/v2\/posts\/3865"}],"collection":[{"href":"https:\/\/choras.lt\/index.php\/wp-json\/wp\/v2\/posts"}],"about":[{"href":"https:\/\/choras.lt\/index.php\/wp-json\/wp\/v2\/types\/post"}],"author":[{"embeddable":true,"href":"https:\/\/choras.lt\/index.php\/wp-json\/wp\/v2\/users\/2"}],"replies":[{"embeddable":true,"href":"https:\/\/choras.lt\/index.php\/wp-json\/wp\/v2\/comments?post=3865"}],"version-history":[{"count":3,"href":"https:\/\/choras.lt\/index.php\/wp-json\/wp\/v2\/posts\/3865\/revisions"}],"predecessor-version":[{"id":3869,"href":"https:\/\/choras.lt\/index.php\/wp-json\/wp\/v2\/posts\/3865\/revisions\/3869"}],"wp:featuredmedia":[{"embeddable":true,"href":"https:\/\/choras.lt\/index.php\/wp-json\/wp\/v2\/media\/3868"}],"wp:attachment":[{"href":"https:\/\/choras.lt\/index.php\/wp-json\/wp\/v2\/media?parent=3865"}],"wp:term":[{"taxonomy":"category","embeddable":true,"href":"https:\/\/choras.lt\/index.php\/wp-json\/wp\/v2\/categories?post=3865"},{"taxonomy":"post_tag","embeddable":true,"href":"https:\/\/choras.lt\/index.php\/wp-json\/wp\/v2\/tags?post=3865"}],"curies":[{"name":"wp","href":"https:\/\/api.w.org\/{rel}","templated":true}]}}