{"id":3881,"date":"2023-06-02T11:12:56","date_gmt":"2023-06-02T11:12:56","guid":{"rendered":"https:\/\/choras.lt\/?p=3881"},"modified":"2023-06-10T15:22:06","modified_gmt":"2023-06-10T15:22:06","slug":"pasaulis-po-pasvalio-saule-subure-chorines-muzikos-myletojus","status":"publish","type":"post","link":"https:\/\/choras.lt\/index.php\/2023\/06\/02\/pasaulis-po-pasvalio-saule-subure-chorines-muzikos-myletojus\/","title":{"rendered":"Pasaulis po Pasvalio saule sub\u016br\u0117 chorin\u0117s muzikos myl\u0117tojus"},"content":{"rendered":"\n<p>Paskutin\u012f \u0161i\u0173 met\u0173 gegu\u017e\u0117s \u0161e\u0161tadien\u012f Pasvalys suklego ne tik pauk\u0161\u010di\u0173 giesm\u0117mis, bet ir sve\u010di\u0173 i\u0161 visos Lietuvos \u0161urmuliu. Ketvirtasis \u0160iaur\u0117s Lietuvos chor\u0173 festivalis sub\u016br\u0117 40 chor\u0173 i\u0161 visos Lietuvos. Daugiau kaip 1000 dalyvi\u0173 susirinko, kas i\u0161 ar\u010diau \u2012 Pasvalio, Radvili\u0161kio, Panev\u0117\u017eio, Rozalimo, \u0160iauli\u0173, kas i\u0161 tol\u0117liau \u2012 Raseini\u0173, Klaip\u0117dos, Palangos, Kauno, Vilniaus, Var\u0117nos. Smagu buvo matyti ir vaik\u0173, ir jaunimo, ir jau ilgametes tradicijas turin\u010dius kolektyvus, kaip mi\u0161rus \u017dem\u0117s \u016bkio ministerijos choras \u201eDobilas\u201c, vyr\u0173 choras \u201eVarpas\u201c ir kitus, \u012f kuri\u0173 bendr\u0105 derm\u0119 \u012fsiliejo nuostab\u016bs solistai Asta Krik\u0161\u010di\u016bnait\u0117, Vytautas Juozapaitis ir ma\u017eoji atlik\u0117ja Kotryna. <\/p>\n\n\n\n<p>Bendr\u0105 ritm\u0105 ir derm\u0119 visiems pad\u0117jo rasti Lietuvos kariuomen\u0117s orkestras ir visa eil\u0117 charizmati\u0161k\u0173 dirigent\u0173 pradedant nuo visiems choristams gerai pa\u017e\u012fstam\u0173 Danguol\u0117s Beinaryt\u0117s, Algirdo \u0160umskio ir Kasty\u010dio Bariso iki entuziazmu ir jaunyste tryk\u0161tan\u010di\u0173 dirigent\u0173, kaip Pasvalio kult\u016bros centro vadovas Robertas Lavickas, Pasvalio mi\u0161raus choro \u201eCanticum novum\u201c vadovas Rimvydas Mitkus, &#8220;Ave vita&#8221; antroji dirigent\u0117 Gintar\u0117 Barisait\u0117-Mitkuvien\u0117, &#8220;Polifonijos&#8221; vadovas Linas Balandis, &#8220;Dobilo&#8221; vadovas Ignas Garla, &#8220;Varpo&#8221; naujasis vadovas Tomas Vavilovas. <\/p>\n\n\n\n<p>Koncerte nuskamb\u0117jo 22 dainos ir du Lietuvos kariuomen\u0117s orkestro k\u016briniai. Repertuaras toks gra\u017eus ir \u012fvairus, kad kiekvienas gal\u0117jo i\u0161girsti savo \u0161ird\u017eiai mieliausi\u0105 ir kartu padainuoti nuo nuotaikingos \u201eBi\u010di\u0173 dainel\u0117s\u201c ar \u201eMano nam\u0173\u201c iki vis\u0173 lietuvi\u0173 mylim\u0173 ir klasika tapusi\u0173 k\u016brini\u0173: \u201eLietuva brangi\u201c, \u201eLietuviais esame mes gim\u0119\u201c, \u201eKur giria \u017ealiuoja\u201c, \u201eM\u016bs\u0173 dienos kaip \u0161vent\u0117\u201c. <\/p>\n\n\n\n<p>Chorist\u0173 balsai, vedami Igno Garlos most\u0173, \u012fprasmino pasvalie\u010dio poeto Vlado Brazi\u016bno poezijos posmus, skirtus gimtam kra\u0161tui, kuriame pra\u017eysta ne tik med\u017eiai, bet ir akmenys. T\u0105 jausm\u0105, apdainuot\u0105 poeto, tikrai gal\u0117jai<br>pajusti eidamas Pasvalio gatv\u0117mis ir parko takais. Atrodo, kad pra\u017eydo viskas: ir kiemai, ir parkas, ir \u017emoni\u0173 \u0161irdys. Visus i\u0161judino muzikos ritmas. Net ir senieji Pasvalio senovin\u0117s technikos klubo &#8220;Retrobroliai&#8221; automobiliai nepan\u016bdo stov\u0117ti gara\u017euose, o sumani\u0173 vairuotoj\u0173 pajudinti i\u0161ried\u0117jo \u012f pagrindin\u0119 miesto aik\u0161t\u0119 ir grak\u0161\u010di\u0173 mergin\u0173 palyd\u0117ti, d\u017eiazuodami \u012f \u0161vent\u0117s aik\u0161t\u0119 pav\u0117\u017e\u0117jo dirigentus. Na, o tuos, kuriuos dainos \u012fkv\u0117p\u0117 dar ir pasi\u0161okti, \u012fsiliejo \u012f \u201eFour men\u201c atliekamus ritmus.<\/p>\n\n\n\n<p>T\u0105 dien\u0105 visi pamir\u0161ome kasdieninius r\u016bpes\u010dius, visus mus suvienijo ir sustiprino muzika. Ko gero, tai pirmasis toks gausus ir darnus pasidainavimas po pasaul\u012f sustabd\u017eiusios pandemijos, kuomet negal\u0117jome b\u016briuotis, o dainuoti tik namuose.<\/p>\n\n\n\n<p><\/p>\n\n\n\n<p class=\"has-text-align-center\"><strong>\u017dem\u0117s \u016bkio ministerijos mi\u0161rus choras Dobilas<br>Pareng\u0117 Vitalija Fokien\u0117<br>Nuotrauka Vitalijos Fokien\u0117s<\/strong><\/p>\n","protected":false},"excerpt":{"rendered":"<p>Paskutin\u012f \u0161i\u0173 met\u0173 gegu\u017e\u0117s \u0161e\u0161tadien\u012f Pasvalys suklego ne tik pauk\u0161\u010di\u0173 giesm\u0117mis, bet ir sve\u010di\u0173 i\u0161 visos Lietuvos \u0161urmuliu. Ketvirtasis \u0160iaur\u0117s Lietuvos chor\u0173 festivalis sub\u016br\u0117 40 chor\u0173 i\u0161 visos Lietuvos. Daugiau&hellip; <\/p>\n","protected":false},"author":2,"featured_media":3883,"comment_status":"open","ping_status":"open","sticky":false,"template":"","format":"standard","meta":{"footnotes":""},"categories":[2],"tags":[],"_links":{"self":[{"href":"https:\/\/choras.lt\/index.php\/wp-json\/wp\/v2\/posts\/3881"}],"collection":[{"href":"https:\/\/choras.lt\/index.php\/wp-json\/wp\/v2\/posts"}],"about":[{"href":"https:\/\/choras.lt\/index.php\/wp-json\/wp\/v2\/types\/post"}],"author":[{"embeddable":true,"href":"https:\/\/choras.lt\/index.php\/wp-json\/wp\/v2\/users\/2"}],"replies":[{"embeddable":true,"href":"https:\/\/choras.lt\/index.php\/wp-json\/wp\/v2\/comments?post=3881"}],"version-history":[{"count":5,"href":"https:\/\/choras.lt\/index.php\/wp-json\/wp\/v2\/posts\/3881\/revisions"}],"predecessor-version":[{"id":3918,"href":"https:\/\/choras.lt\/index.php\/wp-json\/wp\/v2\/posts\/3881\/revisions\/3918"}],"wp:featuredmedia":[{"embeddable":true,"href":"https:\/\/choras.lt\/index.php\/wp-json\/wp\/v2\/media\/3883"}],"wp:attachment":[{"href":"https:\/\/choras.lt\/index.php\/wp-json\/wp\/v2\/media?parent=3881"}],"wp:term":[{"taxonomy":"category","embeddable":true,"href":"https:\/\/choras.lt\/index.php\/wp-json\/wp\/v2\/categories?post=3881"},{"taxonomy":"post_tag","embeddable":true,"href":"https:\/\/choras.lt\/index.php\/wp-json\/wp\/v2\/tags?post=3881"}],"curies":[{"name":"wp","href":"https:\/\/api.w.org\/{rel}","templated":true}]}}