{"id":3907,"date":"2023-06-07T07:26:09","date_gmt":"2023-06-07T07:26:09","guid":{"rendered":"https:\/\/choras.lt\/?p=3907"},"modified":"2023-06-07T07:26:12","modified_gmt":"2023-06-07T07:26:12","slug":"dzuku-dainu-ir-sokiu-svente-tradiciju-keliu","status":"publish","type":"post","link":"https:\/\/choras.lt\/index.php\/2023\/06\/07\/dzuku-dainu-ir-sokiu-svente-tradiciju-keliu\/","title":{"rendered":"Dz\u016bk\u0173 dain\u0173 ir \u0161oki\u0173 \u0161vent\u0117 TRADICIJ\u0172 KELIU"},"content":{"rendered":"\n<p>Dz\u016bkai, nuo seno gars\u0117jantys kaip dainiai, ir toliau stiprina savo kra\u0161to identitet\u0105 perduodami dain\u0173 ir \u0161oki\u0173 tradicijas savo \u017eemi\u0173 vaikams. Bir\u017eelio 18-\u0105j\u0105 Alytuje vyksianti Dz\u016bk\u0173 dain\u0173 ir \u0161oki\u0173 \u0161vent\u0117 \u2013 tai did\u017eiausias, o kartu ir garsiausiai skambantis Piet\u0173 Lietuvos chorus ir \u0161ok\u0117jus suburiantis renginys.<\/p>\n\n\n\n<p>\u0160ios dain\u0173 ir \u0161oki\u0173 \u0161vent\u0117s gyvavimas netrukus pasieks de\u0161imtmet\u012f. Kaskart \u012f Dz\u016bkijos \u0161ird\u012f suva\u017eiuoja vis gausesnis b\u016brys chor\u0173 ir \u0161oki\u0173 kolektyv\u0173, kuri\u0173 skai\u010diuojama daugiau nei 1000.<\/p>\n\n\n\n<p>\u0160i\u0173 met\u0173 Dz\u016bk\u0173 dain\u0173 i\u0161 \u0161oki\u0173 \u0161vent\u0117 keliaus TRADICIJ\u0172 KELIU, tad programoje skamb\u0117s buvusi\u0173 bei ateinan\u010dios Lietuvos dain\u0173 ir \u0161oki\u0173 \u0161vent\u0117s ry\u0161kiausi k\u016briniai.<\/p>\n\n\n\n<p class=\"has-text-align-center\"><strong>\u0160VENT\u0116S PROGRAMA<\/strong><\/p>\n\n\n\n<p><strong>12 val.<\/strong> Kauno valstybinio choro koncertas \u201eMuzika mano gyvenimas\u201c maestro Petrui Bingeliui atminti (\u0160v. Kazimiero ba\u017eny\u010dia)<\/p>\n\n\n\n<p><strong>18 val.<\/strong> Dain\u0173 ir \u0161oki\u0173 \u0161vent\u0117 TRADICIJ\u0172 KELIU (Alytaus kult\u016bros centro amfiteatre)<br>Programoje:<br>Chorai i\u0161 Alytaus, Druskinink\u0173, Lazdij\u0173, Var\u0117nos<br>\u0160oki\u0173 kolektyvai i\u0161 Alytaus, Butrimoni\u0173, Daug\u0173, Druskinink\u0173, Miroslavo, Piva\u0161i\u016bn\u0173, Santaikos, Alytaus lop\u0161eli\u0173\u2013dar\u017eeli\u0173, Alytaus dar\u017eeli\u0173\u2013mokykl\u0173<br>Sve\u010diai: Vilniaus LRT vaik\u0173 choras, Kauno valstybinis choras, chorai i\u0161 Punsko<\/p>\n\n\n\n<p>\u0160vent\u0117s meno vadovas: Vidas Simanauskas<br>\u0160vent\u0117s re\u017eis\u016bra: R\u016bta Meki\u0161ait\u0117, \u017divil\u0117 Patinskait\u0117<\/p>\n\n\n\n<p>RENGINYS NEMOKAMAS<\/p>\n\n\n\n<p>Festival\u012f i\u0161 dalies finansuoja Lietuvos kult\u016bros taryba, Alytaus miesto savivaldyb\u0117. Pagrindinis \u0161vent\u0117s r\u0117m\u0117jas &#8211; AB \u201eKAUNO GR\u016aDAI\u201c.<\/p>\n\n\n\n<ul><li>Renginyje bus fotografuojama ir (ar) filmuojama, tod\u0117l informuojame, kad J\u016bs galite b\u016bti matomi renginio nuotraukose ir (ar) vaizdo \u012fra\u0161uose, ir \u0161ios nuotraukos ir (ar) vaizdo \u012fra\u0161ai gali b\u016bti patalpinti vie\u0161ai prieinamuose socialiniuose tinkluose ir (ar) \u017einiasklaidos priemon\u0117se.<\/li><\/ul>\n","protected":false},"excerpt":{"rendered":"<p>Dz\u016bkai, nuo seno gars\u0117jantys kaip dainiai, ir toliau stiprina savo kra\u0161to identitet\u0105 perduodami dain\u0173 ir \u0161oki\u0173 tradicijas savo \u017eemi\u0173 vaikams. Bir\u017eelio 18-\u0105j\u0105 Alytuje vyksianti Dz\u016bk\u0173 dain\u0173 ir \u0161oki\u0173 \u0161vent\u0117 \u2013&hellip; <\/p>\n","protected":false},"author":2,"featured_media":3910,"comment_status":"open","ping_status":"open","sticky":false,"template":"","format":"standard","meta":{"footnotes":""},"categories":[2],"tags":[],"_links":{"self":[{"href":"https:\/\/choras.lt\/index.php\/wp-json\/wp\/v2\/posts\/3907"}],"collection":[{"href":"https:\/\/choras.lt\/index.php\/wp-json\/wp\/v2\/posts"}],"about":[{"href":"https:\/\/choras.lt\/index.php\/wp-json\/wp\/v2\/types\/post"}],"author":[{"embeddable":true,"href":"https:\/\/choras.lt\/index.php\/wp-json\/wp\/v2\/users\/2"}],"replies":[{"embeddable":true,"href":"https:\/\/choras.lt\/index.php\/wp-json\/wp\/v2\/comments?post=3907"}],"version-history":[{"count":3,"href":"https:\/\/choras.lt\/index.php\/wp-json\/wp\/v2\/posts\/3907\/revisions"}],"predecessor-version":[{"id":3911,"href":"https:\/\/choras.lt\/index.php\/wp-json\/wp\/v2\/posts\/3907\/revisions\/3911"}],"wp:featuredmedia":[{"embeddable":true,"href":"https:\/\/choras.lt\/index.php\/wp-json\/wp\/v2\/media\/3910"}],"wp:attachment":[{"href":"https:\/\/choras.lt\/index.php\/wp-json\/wp\/v2\/media?parent=3907"}],"wp:term":[{"taxonomy":"category","embeddable":true,"href":"https:\/\/choras.lt\/index.php\/wp-json\/wp\/v2\/categories?post=3907"},{"taxonomy":"post_tag","embeddable":true,"href":"https:\/\/choras.lt\/index.php\/wp-json\/wp\/v2\/tags?post=3907"}],"curies":[{"name":"wp","href":"https:\/\/api.w.org\/{rel}","templated":true}]}}