{"id":4378,"date":"2023-11-09T10:20:46","date_gmt":"2023-11-09T10:20:46","guid":{"rendered":"https:\/\/choras.lt\/?p=4378"},"modified":"2023-11-16T13:42:30","modified_gmt":"2023-11-16T13:42:30","slug":"simtmecio-dainu-sventes-generaline-repeticija-panevezyje","status":"publish","type":"post","link":"https:\/\/choras.lt\/index.php\/2023\/11\/09\/simtmecio-dainu-sventes-generaline-repeticija-panevezyje\/","title":{"rendered":"\u0160imtme\u010dio Dain\u0173 \u0161vent\u0117s generalin\u0117 repeticija \u2013 Panev\u0117\u017eyje!"},"content":{"rendered":"\n<p><em>Lapkri\u010dio 12 d. Panev\u0117\u017eyje aid\u0117jo vienas \u012fsp\u016bdingiausi\u0173 Dain\u0173 \u0161vent\u0117s rengini\u0173 \u2013 pu\u010diam\u0173j\u0173 instrument\u0173 orkestr\u0173 koncertas \u201eVario audra\u201c. Koncerte savo pasirodymus sureng\u0117 daugiau nei keturiasde\u0161imt meno kolektyv\u0173.<\/em><\/p>\n\n\n\n<p>Dviej\u0173 valand\u0173 trukm\u0117s Panev\u0117\u017eio\u00a0\u201eKalnapilio\u201c arenoje vykusiame koncerte skamb\u0117jo lietuvi\u0173 klasikos ir nauji, Dain\u0173 \u0161ventei sukurti, k\u016briniai. Renginyje susijung\u0117 \u012fvair\u016bs muzikos stiliai, prasodrinti vaizdo projekcijomis, \u0161viesos ir d\u016bm\u0173 efektais. Chor\u0173 pasirodymams arenoje buvo sumontuota speciali erdvin\u0117 scenin\u0117 pakyla. Koncerto finalas \u2013 dar negird\u0117tas Juozo Gudavi\u010diaus k\u016brinys \u201eVyties Kry\u017eiaus kavalieriaus mar\u0161as\u201c, kur\u012f atliko jungtinis pu\u010diam\u0173j\u0173 instrument\u0173 orkestras.<\/p>\n\n\n\n<p>\u201eVario audra\u201c \u2013 renginys, kuris Panev\u0117\u017eio miestui yra itin svarbus. \u0160iais metais minime net kelet\u0105 sukak\u010di\u0173 \u2013 Panev\u0117\u017eio miesto jubiliejinius metus, Auk\u0161taitijos metus, Lietuvos dain\u0173 \u0161vent\u0117s \u0161imtmet\u012f. \u0160is, Panev\u0117\u017eio kra\u0161to dain\u0173 \u0161vent\u0117s \u201eVario audra\u201c renginys, buvo tarsi 2023 m. kulminacija, juo u\u017ebaig\u0117me renginiais gausius metus\u201c \u2013 d\u017eiaug\u0117si Panev\u0117\u017eio miesto savivaldyb\u0117s Kult\u016bros ir meno skyriaus ved\u0117ja Asta \u010ceponien\u0117.<\/p>\n\n\n\n<p>Regionin\u0117 Dain\u0173 \u0161vent\u0117 yra pasirengimo did\u017eiajai Lietuvos Dain\u0173 \u0161ventei dalis, tarsi generalin\u0117 repeticija prie\u0161 \u0161imtme\u010dio \u0161vent\u0119. Tai unikali galimyb\u0117 ma\u017eesni\u0173 Lietuvos miest\u0173 gyventojams pirmiesiems susipa\u017einti su Dain\u0173 \u0161vent\u0117s programa. Renginys buvo skirtas pla\u010diai auditorijai \u2013 nuo vaik\u0173 iki senjor\u0173: susibur\u0117 menu besidomintys, tradicijas puosel\u0117jantys \u017ei\u016brovai. Jame buvo galima pajausti Lietuvos Dain\u0173 \u0161vent\u0117s dvasi\u0105, kuri perduodama i\u0161 kartos \u012f kart\u0105.<\/p>\n\n\n\n<p>\u201ePanev\u0117\u017eio kra\u0161to&nbsp;&nbsp;\u0161vent\u0117 \u201eVario audra\u201c skirta kompozitoriaus, kapelmeisterio Juozo Gudavi\u010diaus 150-osioms gimimo metin\u0117ms pamin\u0117ti. Pagrindin\u0117 \u0161vent\u0117s id\u0117ja \u2013 stiprinti Lietuvos kult\u016brin\u0119 istorin\u0119 atmint\u012f, \u017emogaus ir gamtos bendryst\u0119, kviesti taut\u0105 telktis, saugoti tradicijas, atrasti sankirt\u0105 tarp skirting\u0173 kart\u0173 ir vertybini\u0173 pasauli\u0173\u201c, \u2013 sak\u0117 \u0161vent\u0117s meno vadovas Remigijus Vilys.<\/p>\n\n\n\n<p>Koncerte pasirod\u0117 pu\u010diam\u0173j\u0173 instrument\u0173 orkestrai, vienijantys septynis \u0161imtus p\u016btik\u0173, choreografines kompozicijas atliko daugiau nei \u0161imtas \u0161ok\u0117j\u0173, unikalumo renginiui suteik\u0117 jungtinis med\u017eiokl\u0117s rag\u0173 orkestras. Koncerte dalyvavo Lietuvos kariuomen\u0117s orkestras, Policijos departamento prie LR vidaus reikal\u0173 ministerijos Lietuvos policijos Reprezentacinis pu\u010diam\u0173j\u0173 orkestras, Panev\u0117\u017eio muzikinio teatro pu\u010diam\u0173j\u0173 orkestras \u201eGarsas\u201c, Sauliaus Petreikio grup\u0117, chorai ir kiti.\u00a0\u00a0<\/p>\n\n\n\n<p>\u201eM\u016bs\u0173 orkestras yra vienas seniausi\u0173 Lietuvos pu\u010diam\u0173j\u0173 orkestr\u0173. Kolektyvas \u201eGarsas\u201c renginyje atstovaus profesionaliajam menui. D\u017eiaugiuosi, kad drauge su kitais kolektyvais galime puosel\u0117ti Lietuvos kult\u016br\u0105 ir tradicijas. \u201eVario audra\u201c &#8211;  tikras lietuvi\u0161kos kult\u016bros puosel\u0117jimo renginys, &#8211; dalinosi Martynas Bra\u017eas, Panev\u0117\u017eio muzikinio teatro pu\u010diam\u0173j\u0173 orkestro \u201eGarsas\u201c dirigentas.<\/p>\n\n\n\n<p>Pu\u010diam\u0173j\u0173 instrument\u0173 orkestr\u0173 koncerto \u201eVario audra\u201c meno vadovas \u2013 Remigijus Vilys, re\u017eisierius \u2013 Andrius \u017diurauskas, choreograf\u0117s \u2013 Ugn\u0117 Zanevi\u010di\u016bt\u0117-Audejeva, Lilija Bernatavi\u010dien\u0117.<\/p>\n\n\n\n<p>Renginio organizatoriai: Lietuvos nacionalinis kult\u016bros centras, Panev\u0117\u017eio miesto savivaldyb\u0117, Panev\u0117\u017eio muzikinis teatras.<\/p>\n\n\n\n<p><\/p>\n\n\n\n<p class=\"has-text-align-center\"><strong>Rimant\u0117 Kurkauskait\u0117<\/strong><\/p>\n\n\n\n<p class=\"has-text-align-center\">Lietuvos nacionalinio kult\u016bros centro nuotraukos.<\/p>\n\n\n\n<pre class=\"wp-block-preformatted\"> \n<\/pre>\n\n\n\n<p><\/p>\n","protected":false},"excerpt":{"rendered":"<p>Lapkri\u010dio 12 d. Panev\u0117\u017eyje aid\u0117jo vienas \u012fsp\u016bdingiausi\u0173 Dain\u0173 \u0161vent\u0117s rengini\u0173 \u2013 pu\u010diam\u0173j\u0173 instrument\u0173 orkestr\u0173 koncertas \u201eVario audra\u201c. Koncerte savo pasirodymus sureng\u0117 daugiau nei keturiasde\u0161imt meno kolektyv\u0173. Dviej\u0173 valand\u0173 trukm\u0117s Panev\u0117\u017eio\u00a0\u201eKalnapilio\u201c&hellip; <\/p>\n","protected":false},"author":2,"featured_media":4379,"comment_status":"open","ping_status":"open","sticky":false,"template":"","format":"standard","meta":{"footnotes":""},"categories":[2],"tags":[],"_links":{"self":[{"href":"https:\/\/choras.lt\/index.php\/wp-json\/wp\/v2\/posts\/4378"}],"collection":[{"href":"https:\/\/choras.lt\/index.php\/wp-json\/wp\/v2\/posts"}],"about":[{"href":"https:\/\/choras.lt\/index.php\/wp-json\/wp\/v2\/types\/post"}],"author":[{"embeddable":true,"href":"https:\/\/choras.lt\/index.php\/wp-json\/wp\/v2\/users\/2"}],"replies":[{"embeddable":true,"href":"https:\/\/choras.lt\/index.php\/wp-json\/wp\/v2\/comments?post=4378"}],"version-history":[{"count":3,"href":"https:\/\/choras.lt\/index.php\/wp-json\/wp\/v2\/posts\/4378\/revisions"}],"predecessor-version":[{"id":4444,"href":"https:\/\/choras.lt\/index.php\/wp-json\/wp\/v2\/posts\/4378\/revisions\/4444"}],"wp:featuredmedia":[{"embeddable":true,"href":"https:\/\/choras.lt\/index.php\/wp-json\/wp\/v2\/media\/4379"}],"wp:attachment":[{"href":"https:\/\/choras.lt\/index.php\/wp-json\/wp\/v2\/media?parent=4378"}],"wp:term":[{"taxonomy":"category","embeddable":true,"href":"https:\/\/choras.lt\/index.php\/wp-json\/wp\/v2\/categories?post=4378"},{"taxonomy":"post_tag","embeddable":true,"href":"https:\/\/choras.lt\/index.php\/wp-json\/wp\/v2\/tags?post=4378"}],"curies":[{"name":"wp","href":"https:\/\/api.w.org\/{rel}","templated":true}]}}