{"id":4382,"date":"2023-11-10T08:53:36","date_gmt":"2023-11-10T08:53:36","guid":{"rendered":"https:\/\/choras.lt\/?p=4382"},"modified":"2023-11-10T08:53:39","modified_gmt":"2023-11-10T08:53:39","slug":"zemaiciu-kalba-surado-kelia-i-baznycia","status":"publish","type":"post","link":"https:\/\/choras.lt\/index.php\/2023\/11\/10\/zemaiciu-kalba-surado-kelia-i-baznycia\/","title":{"rendered":"\u017demai\u010di\u0173 kalba surado keli\u0105 \u012f Ba\u017eny\u010di\u0105"},"content":{"rendered":"\n<p><\/p>\n\n\n\n<p><strong>AUDRON\u0116 PUI\u0160IEN\u0116<\/strong><\/p>\n\n\n\n<p>\u00a0\u201eYpa\u010d svarbu, kad \u017eemai\u010di\u0173 kalba surado keli\u0105 ir \u012f Ba\u017eny\u010di\u0105 \u2013 per liturgij\u0105, maldos skaitinius, per naujai sukurtas ir patraukliai atliktas \u0161ventas giesmes\u201c, \u2013 toki\u0105 mint\u012f i\u0161sak\u0117 prof. dr. Juozas Pabr\u0117\u017ea po\u00a0Sumos \u0161v. Mi\u0161i\u0173\u00a0Tel\u0161i\u0173 \u0161v. Antano Paduvie\u010dio katedroje, kai visos giesm\u0117s skamb\u0117jo \u017eemaiti\u0161kai.<\/p>\n\n\n\n<p>Giesmes atliko Kretingos rajono kult\u016bros centro mi\u0161rus ansamblis \u201eSvaja\u201c, vadovaujamas Aloyzo \u017dilio, kuris suk\u016br\u0117 muzik\u0105 liturgin\u0117ms giesm\u0117ms, o j\u0173 tekst\u0173 autor\u0117 \u2013 tel\u0161i\u0161k\u0117 poet\u0117 Irena Daubarien\u0117.<\/p>\n\n\n\n<p>\u0160v. Mi\u0161i\u0173 \u017eemai\u010di\u0173 tarme ir per jas giedam\u0173 \u017eemaiti\u0161k\u0173 liturgini\u0173 giesmi\u0173 id\u0117ja kompozitoriui chorved\u017eiui A. \u017diliui kilo po to, kai prie\u0161 trejus metus po \u012fvykusio \u017demai\u010di\u0173 kongreso JE Tel\u0161i\u0173 vyskupas Algirdas Jurevi\u010dius sudar\u0117 galimyb\u0119 Sekmadienio visuotin\u0119 mald\u0105 \u017demaitijos ba\u017eny\u010diose skaityti \u017eemaiti\u0161kai.<\/p>\n\n\n\n<p>Visos pagrindin\u0117s, \u0161v. Mi\u0161i\u0173 dalims pritaikytos \u2013 \u0161v. Mi\u0161i\u0173 prad\u017eios giesm\u0117s \u201eSos\u0117m\u0117lk ont m\u016bsa\u201c, aukojimo giesm\u0117s \u2013 \u201eAukuojo, Vie\u0161patie, Tau v\u0117skon\u201c, dviej\u0173 \u0161v. Komunijos giesmi\u0173 \u201eJ\u0117zau, To esi stipr\u012bb\u0117\u201c, \u201eDiekou u\u017e nuogn\u0117 maluon\u0117\u201c ir \u0161v. Mi\u0161i\u0173 pabaigos giesm\u0117s, o ir kitos&nbsp;&nbsp;buvo sukurtos \u0161i\u0105 vasar\u0105, rugpj\u016b\u010dio m\u0117nes\u012f per gana trump\u0105 laik\u0105, i\u0161 viso jau sukurta 13 liturgini\u0173 giesmi\u0173 \u017eemai\u010di\u0173 tarme.<\/p>\n\n\n\n<p>Kretingos rajono kult\u016bros centro mi\u0161rus ansamblis \u201eSvaja\u201c ir vadovas A. \u017dilys su \u0161ia, \u017eemai\u010di\u0173 tarme skamban\u010dia programa, ketina aplankyti ir kitas \u017demaitijos vietoves, ypa\u010d, jeigu iniciatyv\u0105 parodys vietos bendruomen\u0117s, norin\u010dios giesmes i\u0161girsti \u017eemaiti\u0161kai.&nbsp;&nbsp;\u201eSvaja\u201c jau yra gavusi kvietim\u0105 gruod\u017eio 10 d. giedoti Varniuose,<\/p>\n\n\n\n<p>\u017demaiti\u0161k\u0173 giesmi\u0173 autoriai iniciatyvos tikisi ir i\u0161 \u017demaitijos ba\u017eny\u010di\u0173 vargoninink\u0173, kad jie propaguot\u0173 tokias giesmes ir jas atlikt\u0173 savo parapijose. \u201eManau, kad mums pavyks mi\u0161ias ir liturgines giesmes \u017eemai\u010di\u0173 tarme i\u0161leisti atskiru leidiniu\u201c, \u2013 vyl\u0117si j\u0173 autorius kompozitorius A. \u017dilys, kurio&nbsp;pasteb\u0117jimu visos \u201eSvajos\u201c Tel\u0161i\u0173 katedroje giedotos giesm\u0117s orientuotos \u012f bendruomeni\u0161k\u0105 giedojim\u0105, j\u0173 melodijos nesud\u0117tingos.<\/p>\n\n\n\n<p>Tai, kad Tel\u0161i\u0173 katedroje pirm\u0105 kart\u0105 skamb\u0117jo giesm\u0117s \u017eemai\u010di\u0173 tarme, prof. dr. J. Pabr\u0117\u017ea \u012fvardino kaip svarb\u0173 rengin\u012f d\u0117l \u017eemai\u010di\u0173 tarm\u0117s ir apskritai d\u0117l \u017eemaiti\u0161ko identiteto \u012ftvirtinimo. \u201ePastaruoju metu vienas svarbiausi\u0173 \u017eemai\u010di\u0173 etnin\u0117s tapatyb\u0117s \u017eenkl\u0173 \u017eemai\u010di\u0173 kalba i\u0161gyvena didel\u012f pakilim\u0105, skamba vis pla\u010diau ir garsiau. Daromi rimti \u017eingsniai, kad \u017eemai\u010di\u0173 kalba b\u016bt\u0173 i\u0161saugota ir \u012ftvirtinta\u201c, \u2013 J. Pabr\u0117\u017eos teigimu, Mi\u0161i\u0173 dalyviai ir koncerto klausytojai buvo su\u017eav\u0117ti \u201eSvajos\u201c \u0161iltu, jautriu, maloniu ir profesionaliu giesmi\u0173 atlikimu \u017eemaiti\u0161kai.<\/p>\n","protected":false},"excerpt":{"rendered":"<p>AUDRON\u0116 PUI\u0160IEN\u0116 \u00a0\u201eYpa\u010d svarbu, kad \u017eemai\u010di\u0173 kalba surado keli\u0105 ir \u012f Ba\u017eny\u010di\u0105 \u2013 per liturgij\u0105, maldos skaitinius, per naujai sukurtas ir patraukliai atliktas \u0161ventas giesmes\u201c, \u2013 toki\u0105 mint\u012f i\u0161sak\u0117 prof.&hellip; <\/p>\n","protected":false},"author":2,"featured_media":4385,"comment_status":"open","ping_status":"open","sticky":false,"template":"","format":"standard","meta":{"footnotes":""},"categories":[3],"tags":[],"_links":{"self":[{"href":"https:\/\/choras.lt\/index.php\/wp-json\/wp\/v2\/posts\/4382"}],"collection":[{"href":"https:\/\/choras.lt\/index.php\/wp-json\/wp\/v2\/posts"}],"about":[{"href":"https:\/\/choras.lt\/index.php\/wp-json\/wp\/v2\/types\/post"}],"author":[{"embeddable":true,"href":"https:\/\/choras.lt\/index.php\/wp-json\/wp\/v2\/users\/2"}],"replies":[{"embeddable":true,"href":"https:\/\/choras.lt\/index.php\/wp-json\/wp\/v2\/comments?post=4382"}],"version-history":[{"count":2,"href":"https:\/\/choras.lt\/index.php\/wp-json\/wp\/v2\/posts\/4382\/revisions"}],"predecessor-version":[{"id":4384,"href":"https:\/\/choras.lt\/index.php\/wp-json\/wp\/v2\/posts\/4382\/revisions\/4384"}],"wp:featuredmedia":[{"embeddable":true,"href":"https:\/\/choras.lt\/index.php\/wp-json\/wp\/v2\/media\/4385"}],"wp:attachment":[{"href":"https:\/\/choras.lt\/index.php\/wp-json\/wp\/v2\/media?parent=4382"}],"wp:term":[{"taxonomy":"category","embeddable":true,"href":"https:\/\/choras.lt\/index.php\/wp-json\/wp\/v2\/categories?post=4382"},{"taxonomy":"post_tag","embeddable":true,"href":"https:\/\/choras.lt\/index.php\/wp-json\/wp\/v2\/tags?post=4382"}],"curies":[{"name":"wp","href":"https:\/\/api.w.org\/{rel}","templated":true}]}}