{"id":4402,"date":"2023-11-10T10:37:13","date_gmt":"2023-11-10T10:37:13","guid":{"rendered":"https:\/\/choras.lt\/?p=4402"},"modified":"2023-11-10T12:11:41","modified_gmt":"2023-11-10T12:11:41","slug":"operos-premjerai-susivienijo-net-penki-lietuvos-kompozitoriai","status":"publish","type":"post","link":"https:\/\/choras.lt\/index.php\/2023\/11\/10\/operos-premjerai-susivienijo-net-penki-lietuvos-kompozitoriai\/","title":{"rendered":"Operos premjerai susivienijo net penki Lietuvos kompozitoriai"},"content":{"rendered":"\n<p><strong>Valstybinis choras \u201eVilnius\u201c rengia ypating\u0105 dovan\u0105 \u2013 lapkri\u010dio 25 d., 19 val. Vilniaus senajame teatre \u012fvyks \u0161iuolaikin\u0117s operos \u201eKas A\u0161?\u201c premjera.<\/strong> <\/p>\n\n\n\n<p>Operos tema ir siu\u017eetas \u2013&nbsp;neeilinis: opios ir jautrios atskirties, b\u016bties temos atsiskleid\u017eiamos pasitelkiant sud\u0117tingomis ligomis sergan\u010di\u0173 \u017emoni\u0173 bei j\u0173 artim\u0173j\u0173 patirtis. Kiekviena pasakojama istorija ir patirti i\u0161gyvenimai yra labai skirtingi ir individual\u016bs, kaip ir penki\u0173 operos kompozitori\u0173 \u2013 Martyno Bialob\u017eeskio, Jono Jurk\u016bno, Ryto ir Giedriaus Svilaini\u0173 ir Lino Rim\u0161os. Savo potyrius ir emocines d\u0117liones k\u016br\u0117jai sud\u0117jo \u012f vien\u0105 skausming\u0105 ir kartu vilting\u0105 pasakojim\u0105 \u2013 \u0161iuolaikin\u0119 vienaveiksm\u0119 oper\u0105 \u201eKas A\u0161?\u201c. Pa\u010diame k\u016brybinio proceso \u012fkar\u0161tyje apie oper\u0105 sutiko pasikalb\u0117ti valstybinio choro \u201eVilnius\u201c meno vadovas ir vyr. dirigentas Art\u016bras Dambrauskas, libreto autorius ir re\u017eisierius Alvydas \u0160lepikas bei kostium\u0173 dailinink\u0117 bei scenograf\u0117 Birut\u0117 Ukrinait\u0117.<\/p>\n\n\n\n<p><strong>Jums teko dalyvauti kuriant \u012fvairius miuziklus, operas, misterijas ir kitoki\u0173 \u017eanr\u0173 muzikiniais spektakliais. Kuo i\u0161siskiria \u0161i opera?<\/strong><\/p>\n\n\n\n<p><strong>Art\u016bras Dambrauskas: <\/strong>I\u0161 ties\u0173, valstybinis choras \u201eVilnius\u201c yra dalyvav\u0119s \u012fvairiuose sceniniuose spektakliuose ir skirting\u0173 format\u0173 scenos pastatymuose. Pirma, \u0161ios operos i\u0161skirtinis bruo\u017eas \u2013 siu\u017eeto tema, i\u0161skirtin\u0117 ir neliesta operose, o antra \u2013 tai yra net penki\u0173 kompozitori\u0173 bendrai kurtas projektas.<\/p>\n\n\n\n<p><strong>Alvydas \u0160lepikas:<\/strong> Tai yra keturi\u0173 dali\u0173 opera, sukurta penki\u0173 kompozitori\u0173: Martyno Bialob\u017eeskio, Jono Jurk\u016bno, Ryto ir Giedriaus Svilaini\u0173 bei Lino Rim\u0161os. B\u016btent L. Rim\u0161ai ir kilo iniciatyva suburti \u0161i\u0105 kompozitori\u0173 komand\u0105 ir bendrai sukurti oper\u0105, b\u016btent Linas mane ir pakviet\u0117 bendradarbiauti. Be abejon\u0117s, \u0161i opera yra i\u0161skirtin\u0117 savo tematika ir mes \u0161ioje operoje norime kalb\u0117t apie \u017emones, sergan\u010dius tokiomis sud\u0117tingomis ligomis kaip demencija ar Alzheimeris. \u0160ie \u017emon\u0117s da\u017enai yra atskirti, vieni\u0161i, tarsi gyvent\u0173 pasiklyd\u0119 kitoje dimensijoje. Sunku ir kartu su jais gyvenantiems \u017emon\u0117ms ir tai yra didel\u0117 problema, kurios negalime ignoruoti.<\/p>\n\n\n\n<p><strong>Birut\u0117 Ukrinait\u0117:<\/strong> D\u017eiaugiuosi, kad \u0161ios operos&nbsp;siu\u017eetas&nbsp;n\u0117ra pavir\u0161utini\u0161kas,&nbsp;prie\u0161ingai \u2013 turi gili\u0105 mint\u012f,&nbsp;kuri man yra artima, \u012fdomi ir prasminga. Scenografija \u2013 tarsi visa apjungiantis vardiklis \u2013 kv\u0117puojanti, tarnaujanti muzikai, u\u017epildanti erdv\u0119 \u012fvairiomis detal\u0117mis. Kurdama scenografij\u0105, stengiausi j\u0105 pritaikyti skirting\u0173 teatr\u0173 erdv\u0117ms. Tikiuosi, kad \u0161is sumanymas pavyks ir su opera ,,Kas A\u0161?&#8221; keliausime po vis\u0105 Lietuv\u0105 ir rodysime j\u0105 \u012fvairiuose teatruose.<\/p>\n\n\n\n<p><strong>\u0160ios operos tema, lyginant su kitais lietuvi\u0161kais scenin\u0117s muzikos k\u016briniais, kiek ne\u012fprasta \u2013 kalbama apie Alzheimerio liga sergan\u010dius \u017emon\u0117s ir juos supan\u010dius artimuosius bei j\u0173 tarpusavio santykius. Vietoje pla\u010di\u0173, kartais labai abstrak\u010di\u0173 ar pompasti\u0161k\u0173 tem\u0173, apsistojama ties labai intymiais, asmeniniais i\u0161gyvenimais. I\u0161 kur kilo \u0161i id\u0117ja? Kaip matote \u0161ios temos aktualum\u0105?<\/strong><\/p>\n\n\n\n<p><strong>A. D.:<\/strong> Pirmin\u0117 id\u0117ja kilo beveik prie\u0161 tris metus, kuomet su kompozitoriumi Linu Rim\u0161a galvojome apie \u201epopandemin\u0119\u201c komedij\u0105, galb\u016bt \u012fpint\u0105 vien\u0105 ar kit\u0105 politin\u012f atspalv\u012f. Prisijungus re\u017eisieriui ir scenaristui Alvydui \u0160lepikui viskas pasisuko visai kita linkme, jo pasi\u016blyta tema mus suintrigavo ir \u201eu\u017ekabino\u201c. Realyb\u0117je i\u0161 tikr\u0173j\u0173 egzistuoja \u017emoni\u0173, sergan\u010di\u0173 \u0161iomis ligomis, atskirtis ir vienatv\u0117, ir manau, kad tai dar ilgai bus aktualu\u2026 Kita vertus, \u0161i\u0173 lig\u0173 ir problemos fone kuriamas naratyvas pagr\u012fstai \u012f pavir\u0161i\u0173 i\u0161kelia filosofinius savasties klausimus: \u201ekas A\u0161?\u201c, \u201ekas Tu?\u201c, \u201ekas Mes esame?\u201c ir jie labai organi\u0161kai atskleid\u017eiami siu\u017eetin\u0117je scenarijaus linijoje. Kalbant apie muzikin\u0119 med\u017eiag\u0105 \u2013 rezultate pamatysime, kaip \u0161iuos akcentus pavyko sud\u0117lioti visiems penkiems kompozitoriams.<\/p>\n\n\n\n<p><strong>A. \u0160.:<\/strong> Kai prad\u0117jome gvildenti \u0161i\u0105 tem\u0105, diskutavome su kompozitoriais, pasidalijome patirtimis, a\u0161 pasi\u016bliau tem\u0105 ir tam tikr\u0105 jos i\u0161d\u0117stym\u0105. Paai\u0161k\u0117jo, kad ir kompozitoriai, ir k\u016brybin\u0117s komandos nariai, grei\u010diausiai, ir atlik\u0117jai &#8211; turime pana\u0161i\u0173 patir\u010di\u0173. \u017dinote, teatras, dramos spektaklis ar \u0161iuolaikin\u0117 opera gali kalb\u0117ti apie daugel\u012f \u012fvairiausi\u0173 dalyk\u0173 ir \u0161ios temos yra pakankamai universalios. Demencija yra savoti\u0161kas \u017emogaus i\u0161\u0117jimas \u2013 jis tolsta, g\u0119sta ir u\u017eg\u0119sta. \u017dmogus lyg dar gyvas, ta\u010diau da\u017enai nebeatpa\u017e\u012fsta savo vaik\u0173, praranda geb\u0117jimus it tai yra siaubingas, li\u016bdnas procesas. Tie atvejai n\u0117ra tokie reti, kaip mums atrodo.<\/p>\n\n\n\n<p><strong>Kaip \u0161i\u0105 tem\u0105 \u012fpyn\u0117te \u012f scenografij\u0105?<\/strong><\/p>\n\n\n\n<p><strong>B. U.:<\/strong> Operos ,,Kas A\u0161?\u201c med\u017eiaga kuriant scenografij\u0105, kostiumus man leid\u017eia \u012fvairiomis i\u0161rai\u0161kos priemon\u0117mis kalb\u0117ti apie \u017emog\u0173 ir laik\u0105. Mane domina laiko t\u0117km\u0117, nes m\u016bs\u0173 gyvenimas t\u0117ra mirksnis istorijos b\u0117gyje. \u0160ios operos tema man&nbsp;artima, nes joje kalbama apie Alzheimeriu sergan\u010dius \u017emones ir juos&nbsp;supan\u010dius artimuosius. Man&nbsp;artimas \u017emogus \u2013 krik\u0161to mama, kuri\u0105 vadinau ,,k\u016bma\u201c (\u017eemaiti\u0161kai) \u2013 taip pat sirgo \u0161ia liga. Pamenu, s\u0117d\u0117jome su ja sode, kalb\u0117jome, kad mes abi kartu \u012fveiksime t\u0105 negand\u0105 ir viskas bus tik geriau\u2026 Tik\u0117kime, kad paskui b\u016bsim jautresni, geresni, labiau vertinsime vieni kitus ir pat\u012f gyvenim\u0105.<\/p>\n\n\n\n<p><strong>O kaip \u0161i tema atsiskleis siu\u017eete ir muzikoje?<\/strong><\/p>\n\n\n\n<p><strong>A. \u0160. <\/strong>Kiekvienaskompozitorius k\u016br\u0117 savo operos dal\u012f, jas pristatysiu. Pirmoji dalis vadinasi \u201eMoteris, \u0161aukianti balkone\u201c. Ankstyvas rytas. Moteris, likusi viena namuose, nesuvokia, kas jai nutiko. I\u0161\u0117jusi \u012f balkon\u0105 ji \u0161aukiasi pagalbos. Gr\u012f\u017eus namo S\u016bnui, Moteris j\u012f apipila priekai\u0161tais ir klausimais. Antroje dalyje, \u201eDrugeliai pilve\u201c, pokalbio metu Motina pradeda pasakojim\u0105 apie savo gyvenim\u0105&nbsp;\u2013&nbsp;tarsi \u0161viesos blyksniai gr\u012f\u017eta momentiniai prisiminimai apie meil\u0119, S\u016bnaus gimim\u0105, jo brand\u0105 ir i\u0161\u0117jim\u0105 \u012f savaranki\u0161k\u0105 gyvenim\u0105. Tre\u010dioji dalis \u2013 \u201eKasdienyb\u0117s vinys\u201c &#8211; yra S\u016bnaus pasakojimas Mamai apie Jo gyvenim\u0105, j\u012f pagavusius kasdienyb\u0117s s\u016bkurius. Ketvirtoji dalis \u2013 \u201eU\u017emar\u0161ties salos\u201c, jos \u2013&nbsp;tarsi rojaus salos, kur ten patek\u0119 \u017emon\u0117s pasakoja savo trumpas gyvenimo istorijas.<\/p>\n\n\n\n<p>Visas k\u016brybinis procesas lieka paslaptyje \u2013 kaip ir kokia rai\u0161ka operoje atsiskleis \u0161ie pasakojimai&nbsp;\u2013 negaliu a\u0161 jums \u0161iuo metu atskleisti. Galiu patikinti, kad operos muzika \u012fdomi, kontrastinga, kai kur \u2013 jautri, kai kur \u2013 bauginanti. \u0160ios operos muzika gali egzistuoti kaip visi\u0161kai atskiras k\u016brinys.<\/p>\n\n\n\n<p><strong>A. D.<\/strong> Kaip ir buvo min\u0117ta, oper\u0105 susideda i\u0161 keturi\u0173 dali\u0173, kiekviena dalis \u2013 i\u0161 trij\u0173 paveiksl\u0173. Pirmosios dalies muzik\u0105 suk\u016br\u0117 Martynas Bialob\u017eeskis ir tai yra visa ko prad\u017eia: pristatomi herojai \u2013 Motina ir S\u016bnus, pirmoje dalyje i\u0161kyla ir egzistenciniai klausimai \u2013 \u201ekas A\u0161?\u201c, \u201ekas Tu?\u201c Toliau \u2013 Jono Jurk\u016bno muzika. Jei pirmojoje dalyje kalbama apie gyvenimo saul\u0117lyd\u012f, tai J. Jurk\u016bno sukurtoje dalyje \u2013 apie gyvenimo prad\u017ei\u0105, vaiko gimim\u0105, k\u016bdikyst\u0119 ir vaikyst\u0119. Ryto ir Giedriaus Svilaini\u0173 muzika ir jos stilistika b\u016bdinga ver\u017eliam gyvenimo tarpsniui \u2013 paauglystei, studij\u0173 metams\u2026 Brandaus am\u017eiaus dalyje gvildenamos filosofin\u0117s temos, tekstuose girdimi \u017eod\u017eiai \u201emirtis\u201c &#8211; \u201emintis\u201c, epiloge, apsisuk\u0119 gyvenimo ratu, gr\u012f\u017eta savasties suvokimo klausimai: \u201ekas A\u0161?\u201c, \u201ekas Tu?\u201c, \u201ekas Mes?\u201c \u0160ios dalies muzikos autorius Linas Rim\u0161a.<\/p>\n\n\n\n<p><strong>Operai muzik\u0105 suk\u016br\u0117 penki skirting\u0173 \u017eanr\u0173 ir stili\u0173 muzik\u0105 kuriantys kompozitoriai. Kaip pavyksta suderinti skirting\u0105 muzikos kalb\u0105, estetik\u0105?<\/strong><\/p>\n\n\n\n<p><strong>A. \u0160. <\/strong>Vyko ir vyksta k\u016brybinis procesas \u2013 kompozitoriai klaus\u0117 vieni kit\u0173 muzikos, d\u0117liojo dermes. \u017dinoma, muzikos stiliai yra skirtingi, ta\u010diau rezultate tai susiliejo \u012f vientis\u0105 k\u016brin\u012f.<br><strong>A. D. <\/strong>Nat\u016bralu, kad operos dalys yra ka\u017ekiek kontrastuojan\u010dios \u2013 kiekvienas kompozitorius turi savo brai\u017e\u0105, savo supratim\u0105, ta\u010diau bendras naratyvas ir i\u0161keltos problematikos, filosofini\u0173 klausim\u0173 ir atsakym\u0173 paie\u0161ka sutelk\u0117 ir suvienijo k\u016br\u0117jus. Klausytis vieno kompozitoriaus yra puiku, ta\u010diau \u010dia yra dar \u012fdomiau, kuomet kiekvienas autorius jam paskirt\u0105 paveiksl\u0105 pie\u0161ia savo muzikine kalba, estetika, savo po\u017ei\u016briu \u012f gyvenim\u0105 ir jo raid\u0105, ir vis\u0105 tai man yra labai \u012fdomu.<\/p>\n\n\n\n<p><strong>\u012eprasta, kad operose chorin\u0117 muzika i\u0161rei\u0161kia didesn\u0117s \u017emoni\u0173 grup\u0117s emocijas ir jausmus. Ta\u010diau \u0161iame veikale nagrin\u0117jami intymesni \u017emoni\u0173 santykiai. Kokiais b\u016bdais stengiat\u0117s tai tai operoje \u201eKas A\u0161\u201c? Smalsu, kaip sekasi tai \u012fgyvendinti repeticijose?<\/strong><\/p>\n\n\n\n<p><strong>A. D.<\/strong> Galb\u016bt vienas i\u0161 dalyk\u0173, neb\u016bding\u0173 operoms, yra choro dainavimas a cappella. Bus keli paveikslai, kur siu\u017eetas pasakojimas a cappella dainavimu. O visi kiti sprendimai pasimatys prasid\u0117jus intensyvioms scenin\u0117ms repeticijoms su re\u017eisieriumi. Jo u\u017eduotis atskleisti i\u0161gyvenimus ir emocijas. Tikime re\u017eisieriaus geb\u0117jimu motyvuoti ir \u201eu\u017ekurti\u201c atlik\u0117jus. Visi esame patyr\u0119 profesionalai, mums puikiai suprantama operos mintis ir tema ir tikim\u0117s, kad pavyks \u012ftikinti ir operos \u017ei\u016brovus, juo labiau, kad pagrindin\u012f Moters\/Motinos vaidmen\u012f kuria puiki operos solist\u0117 mecosopranas Jovita Va\u0161kevi\u010di\u016bt\u0117!<\/p>\n\n\n\n<p><strong>A. \u0160.<\/strong> Esu ra\u0161\u0119s ne vien\u0105 libret\u0105, bet b\u016btent operos re\u017eisav\u0119s nesu. \u0160is atvejis yra specifinis, kadangi dirbame su choru ir jiems tenka daug scenos judesio, \u0161okio. Man, kaip re\u017eisieriui, \u0161is darbas taip pat kitoks \u2013 darbas ir bendravimas su aktoriais yra vienoks, o su choro artistais ir muzikais skiriasi, tad svarbus tarpusavio susikalb\u0117jimas ir supratimas. \u017dinoma, muzikinis spektaklis n\u0117ra visi\u0161kai \u201elaisvas\u201c, jis yra \u012fspraustas \u012f muzikini\u0173 temp\u0173, ritm\u0173, leitmotyv\u0173 &#8211; r\u0117mus. I\u0161 choro artist\u0173 jau\u010diu didel\u012f nor\u0105 atlikti paskirtus vaidmenis ir sukurti spektakl\u012f. Manau, kad jiems tai yra \u012fdomi patirtis.<\/p>\n\n\n\n<p><strong>\u0160iuolaikin\u0117s vienaveiksm\u0117s operos \u201eKas A\u0161?\u201c premjera \u2013 lapkri\u010dio 25 d., 19 val. Vilniaus senajame teatre.<br>Kiti spektakliai: Var\u0117noje (11.28), Panev\u0117\u017eyje (12.01), Plung\u0117je (12.06) ir Alytuje (12.12)<\/strong><\/p>\n\n\n\n<p class=\"has-text-align-center\"><strong>Kotryna Luk\u0161yt\u0117<\/strong><\/p>\n","protected":false},"excerpt":{"rendered":"<p>Valstybinis choras \u201eVilnius\u201c rengia ypating\u0105 dovan\u0105 \u2013 lapkri\u010dio 25 d., 19 val. Vilniaus senajame teatre \u012fvyks \u0161iuolaikin\u0117s operos \u201eKas A\u0161?\u201c premjera. Operos tema ir siu\u017eetas \u2013&nbsp;neeilinis: opios ir jautrios atskirties,&hellip; <\/p>\n","protected":false},"author":2,"featured_media":4413,"comment_status":"open","ping_status":"open","sticky":false,"template":"","format":"standard","meta":{"footnotes":""},"categories":[3],"tags":[],"_links":{"self":[{"href":"https:\/\/choras.lt\/index.php\/wp-json\/wp\/v2\/posts\/4402"}],"collection":[{"href":"https:\/\/choras.lt\/index.php\/wp-json\/wp\/v2\/posts"}],"about":[{"href":"https:\/\/choras.lt\/index.php\/wp-json\/wp\/v2\/types\/post"}],"author":[{"embeddable":true,"href":"https:\/\/choras.lt\/index.php\/wp-json\/wp\/v2\/users\/2"}],"replies":[{"embeddable":true,"href":"https:\/\/choras.lt\/index.php\/wp-json\/wp\/v2\/comments?post=4402"}],"version-history":[{"count":9,"href":"https:\/\/choras.lt\/index.php\/wp-json\/wp\/v2\/posts\/4402\/revisions"}],"predecessor-version":[{"id":4415,"href":"https:\/\/choras.lt\/index.php\/wp-json\/wp\/v2\/posts\/4402\/revisions\/4415"}],"wp:featuredmedia":[{"embeddable":true,"href":"https:\/\/choras.lt\/index.php\/wp-json\/wp\/v2\/media\/4413"}],"wp:attachment":[{"href":"https:\/\/choras.lt\/index.php\/wp-json\/wp\/v2\/media?parent=4402"}],"wp:term":[{"taxonomy":"category","embeddable":true,"href":"https:\/\/choras.lt\/index.php\/wp-json\/wp\/v2\/categories?post=4402"},{"taxonomy":"post_tag","embeddable":true,"href":"https:\/\/choras.lt\/index.php\/wp-json\/wp\/v2\/tags?post=4402"}],"curies":[{"name":"wp","href":"https:\/\/api.w.org\/{rel}","templated":true}]}}