{"id":4418,"date":"2023-11-12T13:36:09","date_gmt":"2023-11-12T13:36:09","guid":{"rendered":"https:\/\/choras.lt\/?p=4418"},"modified":"2023-11-12T13:36:12","modified_gmt":"2023-11-12T13:36:12","slug":"meile-viltimi-ir-atsidavimu-tevynei-skambejo-chorai-aidoje","status":"publish","type":"post","link":"https:\/\/choras.lt\/index.php\/2023\/11\/12\/meile-viltimi-ir-atsidavimu-tevynei-skambejo-chorai-aidoje\/","title":{"rendered":"Meile, viltimi ir atsidavimu T\u0117vynei skamb\u0117jo chorai &#8220;Aidoje&#8221;"},"content":{"rendered":"\n<p><br>Penktadienio vakar\u0105 Vilniuje \u2013 ilgai laukta LNOBT sezono prad\u017eia: \u017ei\u016brovus paker\u0117jo didingas \u201eAidos\u201c pastatymas, kurio premjeroje pagrindinius vaidmenis atliko Kristin\u0117 Opolais, Justina Gringyt\u0117, Gastonas Rivero, Kostas Smoriginas ir Tadas Girininkas. Pastatymo autoriai \u2013 lietuvi\u0173 k\u016br\u0117jai: re\u017eisierius Gediminas \u0160eduikis, scenograf\u0117 Sigita \u0160imk\u016bnait\u0117, kostium\u0173 dailinink\u0117 Sandra Straukait\u0117, \u0161vies\u0173 dailininkas Andrius Stasiulis ir choreografas Martynas Rimeikis, o taip pat muzikos vadovas ir dirigentas Sesto Quatrini i\u0161 Italijos. Puikiai scenoje skamb\u0117jusio LNOBT choro vadovas \u2013 \u010ceslovas Rad\u017ei\u016bnas.<\/p>\n\n\n\n<p class=\"has-text-align-center\"><strong>\u012ekv\u0117p\u0117 Egipto \u0161ventyklos<\/strong><\/p>\n\n\n\n<p class=\"has-text-align-left\"><br>Premjera u\u017ebaig\u0117 kelet\u0105 met\u0173 trukus\u012f k\u016br\u0117j\u0173 komandos darb\u0105, kurio devizas \u2013 pagarba operos muzikai. \u201eVisi sutar\u0117me nedaryti to, ko n\u0117ra muzikoje, nes pati \u201eAida\u201c para\u0161yta genialiai. Parodyti vien tai, k\u0105 para\u0161\u0117 G. Verdi, jau yra siaubingai sud\u0117tinga. \u0160iame pastatyme atliekama 100 proc. operos klavyro: nei vieno takto, nei vienos natel\u0117s ar pauz\u0117s n\u0117ra i\u0161imta\u201c, \u2013 tvirtina re\u017eisierius G. \u0160eduikis.<\/p>\n\n\n\n<p class=\"has-text-align-left\">\u201eEgipt\u0105 stilizavome monumentaliai ir vos sutilpome \u012f scen\u0105: nuo kra\u0161to iki kra\u0161to, nuo grind\u0173 iki lub\u0173. Kolonos \u010dia \u2013 kaip did\u017eiuliai lotoso augalai, kuriantys scenos mikrokosmos\u0105: jie auga i\u0161 pirmyk\u0161t\u0117s pelk\u0117s, stiebiasi \u012f vir\u0161\u0173, o \u017eiedai remia dang\u0173. \u0160i\u0105 id\u0117j\u0105 pasiskolinau i\u0161 Egipto \u0161ventykl\u0173 sandaros bei filosofijos\u201c, \u2013 pasakojo scenograf\u0117 S. \u0160imk\u016bnait\u0117.<\/p>\n\n\n\n<p class=\"has-text-align-left\">\u201eDid\u017eiausia inspiracija, kuriant operos persona\u017e\u0173 \u012fvaizd\u012f, tapo tradicinis Etiopijos kostiumas bei \u0161ukuosenos. M\u016bs\u0173 \u201eAidos\u201c kostiumai yra monumental\u016bs, tarsi i\u0161kirsti\u00a0 i\u0161 akmens, papuo\u0161alai ir galvos apdangalai \u2013 lakoni\u0161ki. Kartu su re\u017eisieriumi ir scenografe band\u0117me atrasti, kuo senov\u0117s Egiptas gal\u0117t\u0173 b\u016bti \u012fdomus dabar, kaip moderniai ir \u012ftaigiai perteikti \u0161ios operos universalum\u0105\u201c, \u2013 teigia kostium\u0173 dailinink\u0117 Sandra Straukait\u0117.<\/p>\n\n\n\n<p class=\"has-text-align-center\"><strong>Meil\u0117 kaip viltis i\u0161likti<\/strong><\/p>\n\n\n\n<p>Premjeros \u017evaig\u017ed\u0117 K. Opolais, jau penkiolika met\u0173 garsinanti Latvijos vard\u0105 \u017eymiausiuose pasaulio teatruose ir koncert\u0173 sal\u0117se, atkreip\u0117 d\u0117mes\u012f, jog pasaulyje u\u017esiliepsnoj\u0119 karo \u017eidiniai kei\u010dia m\u016bs\u0173 po\u017ei\u016br\u012f \u012f \u201eAidos\u201c istorij\u0105. \u201eOpera kalba apie tai, kad meil\u0117 ir jausmai egzistuoja nepriklausomai nuo to, kokia baisi situacija b\u016bt\u0173 pasaulyje. Turime dar intensyviau dalintis savo meile ir \u017emogi\u0161kumu, jei viliam\u0117s i\u0161likti\u201c, \u2013 pabr\u0117\u017e\u0117 K. Opolais.<\/p>\n\n\n\n<p>\u0160e\u0161tadienio spektaklyje Aidos partij\u0105 ji perleis ukrainietei Kseniyai Bakhritdinovai-Kravchuk, o sekmadienio vakar\u0105 \u2013 LNOBT trup\u0117s primadonai Viktorijai Mi\u0161k\u016bnaitei. Visas tris solistes scenoje pamatysime ir kit\u0105 savait\u0119: \u201eAida\u201c did\u017eiausiame \u0161alies teatre skamb\u0117s iki lapkri\u010dio 18-osios.<\/p>\n\n\n\n<p>Ir \u017einoma, vis\u0173 spektakli\u0173 metu klausytojams dvasi\u0105 k\u0117l\u0117 ir kels patrioti\u0161ki, meil\u0117s T\u0117vynei, vilties ir ry\u017eto kupini chorai, kuriuos atlieka vienas puikiausi\u0173 Lietuvoje &#8211; LNOBT &#8211; choras!<\/p>\n\n\n\n<p class=\"has-text-align-center\"><strong>Martyno Aleksos nuotr.<\/strong><\/p>\n","protected":false},"excerpt":{"rendered":"<p>Penktadienio vakar\u0105 Vilniuje \u2013 ilgai laukta LNOBT sezono prad\u017eia: \u017ei\u016brovus paker\u0117jo didingas \u201eAidos\u201c pastatymas, kurio premjeroje pagrindinius vaidmenis atliko Kristin\u0117 Opolais, Justina Gringyt\u0117, Gastonas Rivero, Kostas Smoriginas ir Tadas Girininkas.&hellip; <\/p>\n","protected":false},"author":2,"featured_media":4421,"comment_status":"open","ping_status":"open","sticky":false,"template":"","format":"standard","meta":{"footnotes":""},"categories":[5],"tags":[],"_links":{"self":[{"href":"https:\/\/choras.lt\/index.php\/wp-json\/wp\/v2\/posts\/4418"}],"collection":[{"href":"https:\/\/choras.lt\/index.php\/wp-json\/wp\/v2\/posts"}],"about":[{"href":"https:\/\/choras.lt\/index.php\/wp-json\/wp\/v2\/types\/post"}],"author":[{"embeddable":true,"href":"https:\/\/choras.lt\/index.php\/wp-json\/wp\/v2\/users\/2"}],"replies":[{"embeddable":true,"href":"https:\/\/choras.lt\/index.php\/wp-json\/wp\/v2\/comments?post=4418"}],"version-history":[{"count":7,"href":"https:\/\/choras.lt\/index.php\/wp-json\/wp\/v2\/posts\/4418\/revisions"}],"predecessor-version":[{"id":4426,"href":"https:\/\/choras.lt\/index.php\/wp-json\/wp\/v2\/posts\/4418\/revisions\/4426"}],"wp:featuredmedia":[{"embeddable":true,"href":"https:\/\/choras.lt\/index.php\/wp-json\/wp\/v2\/media\/4421"}],"wp:attachment":[{"href":"https:\/\/choras.lt\/index.php\/wp-json\/wp\/v2\/media?parent=4418"}],"wp:term":[{"taxonomy":"category","embeddable":true,"href":"https:\/\/choras.lt\/index.php\/wp-json\/wp\/v2\/categories?post=4418"},{"taxonomy":"post_tag","embeddable":true,"href":"https:\/\/choras.lt\/index.php\/wp-json\/wp\/v2\/tags?post=4418"}],"curies":[{"name":"wp","href":"https:\/\/api.w.org\/{rel}","templated":true}]}}