{"id":4435,"date":"2023-11-15T11:41:20","date_gmt":"2023-11-15T11:41:20","guid":{"rendered":"https:\/\/choras.lt\/?p=4435"},"modified":"2023-11-17T15:50:03","modified_gmt":"2023-11-17T15:50:03","slug":"jau-simtas-metu","status":"publish","type":"post","link":"https:\/\/choras.lt\/index.php\/2023\/11\/15\/jau-simtas-metu\/","title":{"rendered":"JAU \u0160IMTAS MET\u0172!!!"},"content":{"rendered":"\n<p><strong>Dr. LINA DUMBLIAUSKAIT\u0116-JUKONIEN\u0116<\/strong><\/p>\n\n\n\n<p>Art\u0117jant Jubiliejinei Dain\u0173 \u0161ventei, atgyja vaizdai i\u0161 mano Mamyt\u0117s, pirmosios Dain\u0173 \u0161vent\u0117s dalyv\u0117s, pasakojim\u0173. Ji ilgai saugojo 1924 m. Dain\u0173 \u0161vent\u0117s dalyvio \u017eenklel\u012f. Deja, per gyvenimo audras \u0161i brangi relikvija pasimet\u0117.<\/p>\n\n\n\n<p>Mano Mamyt\u0117s prisiminimuose Dain\u0173 \u0161vent\u0117 i\u0161liko kaip svarbiausias gyvenimo \u012fvykis. Su d\u017eiaugsmo \u017eibur\u0117liais akyse pasakodavo apie pasiruo\u0161im\u0105 \u0161iai \u0161ventei. Visa Lietuva tada gyveno did\u017eiuliu dvasiniu pakilimu. Buvo toks entuziazmas, kad, kaip sakoma, ir akmenys krut\u0117jo. Tuometin\u0117 inteligentija, kult\u016bros veik\u0117jai ved\u0117 taut\u0105 paskui save. Visuotinis entuziazmas nat\u016braliai kilo i\u0161 pa\u010di\u0173 ilgai kent\u0117jusios tautos gelmi\u0173. Ilgus am\u017eius kent\u0117jusi carin\u0117s Rusijos priespaud\u0105, katorgas, vyr\u0173 rekr\u016btus, spaudos draudim\u0105, kult\u016brin\u012f engim\u0105, pagaliau tauta pakilo ir \u012fkv\u0117p\u0117 piln\u0105 laisv\u0117s gurk\u0161n\u012f. Juk reik\u0117jo visiems susib\u016brus \u012f Laikin\u0105j\u0105 sostin\u0119 I\u0160DAINUOTI LAISV\u0118. Lietuvis be dainos negali. \u0160iai didelei \u0161ventei ruo\u0161\u0117si miestai, miesteliai ir kaimai. \u012evairios visuomenin\u0117s, katalik\u0173 organizacijos, ba\u017enytiniai chorai, student\u0173 korporacijos, \u0160auli\u0173 s\u0105junga, buv\u0119 Nepriklausomyb\u0117s kov\u0173 savanoriai, knygne\u0161i\u0173 palikuonys. Visi, visi, visi gyveno pasirengimu YPATINGAI \u0161ventei. Nekilo klausimas, kas apmok\u0117s kelion\u0119 \u012f Kaun\u0105, kas pasi\u0173s koncertinius r\u016bbus, kas maitins. Tai buvo kiekvieno garb\u0117s reikalas. Merginos, kaip visais laikais, steng\u0117si atrodyti kuo gra\u017eiau ir \u012fdomiau. Kas tautiniais drabu\u017eiais, kas \u0161aul\u0117s uniforma. Viename kaime sugalvojo tikrai \u012fdom\u0173 ir original\u0173 dalyk\u0105. Prisirinkusios \u017eali\u0173 \u017eirni\u0173 gr\u016bdeli\u0173, v\u0117r\u0117 juos ant tvirt\u0173 linini\u0173 si\u016bl\u0173. Pasigamin\u0119 tokius \u201ekarolius\u201c, i\u0161radingai puo\u0161\u0117 savo suknias. Ir sugalvok tu man\u2026<\/p>\n\n\n\n<p>Tuo laikotarpiu Lietuvoje labai tr\u016bko i\u0161simokslinusi\u0173 muzik\u0173 ir choro dirigent\u0173. Did\u017ei\u0105j\u0105 dal\u012f sudar\u0117 savamoksliai, baig\u0119 J. Naujalio vargoninink\u0173 kursus Kaune. Bet meil\u0117 dainai, tro\u0161kimas i\u0161dainuoti Laisv\u0119 dar\u0117 stebuklus. Pasakojo tok\u012f nutikim\u0105. Tarnautojas i\u0161 Lazdij\u0173, i\u0161 profesijos ugniagesys, u\u017esispyr\u0117 suburti chorel\u012f ir dalyvauti Dain\u0173 \u0161vent\u0117je. Bet jis visai nepa\u017e\u012fsta muzikos ra\u0161to. Rado i\u0161eit\u012f. Atvyk\u0119s \u012f J. Naujalio kursus, mintinai (! ) i\u0161 KLAUSOS i\u0161moko visas bals\u0173 partijas. O gr\u012f\u017e\u0119s namo, taip pat i\u0161 klausos i\u0161mok\u0117 savo dainininkus ir dalyvavo Dain\u0173 \u0161vent\u0117je. Sunku patik\u0117ti? Bet taip BUVO! \u0160tai kokius stebuklus dar\u0117 m\u016bs\u0173 t\u0117v\u0173 ir seneli\u0173 karta!<\/p>\n\n\n\n<p>Tomis 1924 m. dienomis Kauno Vilei\u0161io aik\u0161t\u0117 mirguliavo v\u0117liavomis, r\u016bb\u0173 spalvomis, skamb\u0117jo visomis Lietuvos tarm\u0117mis. O chor\u0173 dainavimas aidu atsiliep\u0117 po vis\u0105 Lietuv\u0105. <\/p>\n\n\n\n<p>\u012edomu prisiminti, kok\u012f \u012fsp\u016bd\u012f padar\u0117 dainininkams Dain\u0173 \u0161vent\u0117s dirigentai. Kaip repetavo ir dirbo su jungtiniu choru.<\/p>\n\n\n\n<p><strong>Juozas Naujalis<\/strong> dirigavo ramiai, sant\u016briai. Atrod\u0117, kad niekur neskuba. Kalb\u0117jo taip pat l\u0117tai ir ramiai. Padiriguoja vien\u0105 kart\u0105, sustoja ir papra\u0161o: \u201edaaar kart\u0105 t\u0105 paaat\u012f\u201c. Padainuoja dar kart\u0105. Jeigu Naujaliui tinka, pad\u0117koja chorui ir l\u0117tai pasitraukia \u012f \u0161al\u012f.<\/p>\n\n\n\n<p><strong>Stasys \u0160imkus<\/strong> dirigavo pla\u010diais galingais, vyri\u0161kais mostais, kaip tikras Lietuvos kult\u016bros gr\u016bdo s\u0117j\u0117jas. Neveng\u0117 pabarti klystan\u010dius dainininkus. Reikalavo galingo ir skardaus skamb\u0117jimo. Interpretacijos subtilyb\u0117s jam nelabai r\u016bp\u0117jo.<\/p>\n\n\n\n<p><strong>Juozas Gruodis<\/strong> dirigavo dalyki\u0161kai, racionaliai, be efekting\u0173 emocini\u0173 nukrypim\u0173. Nem\u0117go daug kalb\u0117ti. Diriguojant jam u\u017ekrisdavo ant kaktos plaukai. Tad ritmingai krestel\u0117davo galv\u0105, atmesdamas plaukus atgal.<\/p>\n\n\n\n<p><strong>Nikodemas Martinonis<\/strong> buvo kaip ugnis. Negal\u0117jai atsispirti jo u\u017edegantiems mostams ir u\u017ekre\u010diamam optimizmui. Rod\u0117si, muzika sprogdina j\u012f i\u0161 vidaus. Dainininkams buvo ypa\u010d reiklus. Pasteb\u0117j\u0119s u\u017esi\u017eiopsojus\u012f daininink\u0105, beda pir\u0161tu ir valdingai rikteli: \u201e dainuok, dainuok, dainuok! Nos\u012f pasikrap\u0161tysi, kai namo gr\u012f\u0161i\u201c! I\u0161 vis\u0173 dirigent\u0173 Martinonis buvo emocionaliausias. Bet dainininkai jo priveng\u0117. Kam malonu gauti pastab\u0105 visiems girdint ir matant.<\/p>\n\n\n\n<p>\u0160imtas met\u0173\u2026 Atsid\u016bsti ir pagalvoji: daug, ar ma\u017eai? Prisiminus gyv\u0173 liudinink\u0173 pasakojimus, pasijunti tarsi pats esi dalyvav\u0119s toje Lietuvos \u0161vent\u0117je. Ir nat\u016braliai pasisuka mintys \u012f m\u016bs\u0173 dienas. Dabar mes modern\u016bs, \u0161iuolaiki\u0161ki, \u201eprotingi\u201c. Visi dainuojam i\u0161 nat\u0173. Ne taip, kaip m\u016bs\u0173 t\u0117vai ir seneliai. Tie \u201etams\u016bs\u201c \u017eem\u0117s artoj\u0117liai. Per \u0161imt\u0105 met\u0173 toli nu\u0117jome, v\u0117l atgavome laisv\u0105 valstyb\u0119. Bet\u2026 kaip toje liaudies dainoje: \u201e o tai \u0161irdelei ka\u017eko vis tr\u016bksta, ka\u017eko vis negana\u2026\u201c Po kiekvienos \u012fvykusios Dain\u0173 \u0161vent\u0117s trumpai pasid\u017eiaug\u0119, pamatome, kad ir tas nepavyko ir anas.<\/p>\n\n\n\n<p>Pra\u0117jusi\u0105 vasar\u0105 teko per TV steb\u0117ti Latvijos dain\u0173 \u0161vent\u0119. Ma\u017ea pasakyti, kad latvi\u0173 Dain\u0173 \u0161vent\u0117 su\u017eav\u0117jo. Ji paliko nei\u0161dildom\u0105 \u012fsp\u016bd\u012f. Nuo scenos padvelk\u0117 KLASIKIN\u0116 RIMTIS, TAUTINIS I\u0160DIDUMAS, PAGARBA IR MEIL\u0116 SAVO ISTORIJAI, TRADICIJOMS. Negalima nepamin\u0117ti \u0161vent\u0117s dirigent\u0173 koncertin\u0117s aprangos, prasmingai \u012fsiliejusios \u012f bendr\u0105 \u0161vent\u0117s panoram\u0105. Latvijos Dain\u0173 \u0161vent\u0117 paliko darnaus, gerai \u201esustyguoto\u201c i\u0161kilmingo renginio \u012fsp\u016bd\u012f. Nesijaut\u0117 \u201eprakaito kvapo\u201c. Atvirk\u0161\u010diai \u2013 susidar\u0117 d\u017eiugaus lengvumo ir \u017eaism\u0117s \u012fsp\u016bdis. Tarytum jie neturi joki\u0173 sunkum\u0173 ar finansini\u0173 problem\u0173. Gal jie tiesiog link\u0119 ma\u017eiau dejuoti d\u0117l pinig\u0173 stygiaus?<\/p>\n\n\n\n<p>O, kaip pas mus? Po jubiliejin\u0117s Dain\u0173 \u0161vent\u0117s nesinor\u0117t\u0173 v\u0117l i\u0161girsti: \u201enor\u0117jome kaip geriau, bet\u2026\u201c Su viltimi laukiame, kad \u0160imtme\u010dio dain\u0173 \u0161vent\u0117je v\u0117l bus pa\u017eadinta pirmosios Dain\u0173 \u0161vent\u0117s DVASIA. \u0160ia dvasia tur\u0117t\u0173 b\u016bti persmelktas \u0161vent\u0117s scenarijus, re\u017eis\u016bra ir muzika (ypa\u010d muzika). Kad eilin\u012f kart\u0105 neskamb\u0117t\u0173 neatpa\u017e\u012fstamai \u201epatobulinta\u201c liaudies daina ar popsinio lygio \u201ebalalaikos\u201c. Siekdami \u0161iuolaiki\u0161kumo ir modernumo, da\u017enai ne i\u0161 blogos valios nuslystame iki Eurovizijos lygio. O Dain\u0173 \u0161vent\u0117 netur\u0117t\u0173 b\u016bti pana\u0161i \u012f kok\u012f festival\u012f, ar masin\u012f muzikin\u012f rengin\u012f. Dain\u0173 \u0161vent\u0117 tur\u0117t\u0173 b\u016bti ka\u017ekas giliau, kylantis i\u0161 pa\u010di\u0173 tautos sielos gelmi\u0173. Pakyl\u0117ta auk\u0161\u010diau, nei eilinis masin\u0117s kult\u016bros rei\u0161kinys. B\u016bt\u0173 nuostabu, kad pa\u017eadinta pirmosios Dain\u0173 \u0161vent\u0117s dvasia i\u0161skleist\u0173 sparnus vir\u0161 visos Lietuvos ir \u012fkv\u0117pt\u0173 m\u016bs\u0173 jaunim\u0105 kilniems ateities darbams.<\/p>\n\n\n\n<p>Kai d\u0117l muzikos, tai norisi prisiminti m\u016bs\u0173 muzikos \u0105\u017euol\u0105 BRONI\u0172 KUTAVI\u010cI\u0172. Ar jo muzika ne \u0161iuolaiki\u0161ka, ne moderni, ne lietuvi\u0161ka? Tad jaunimui i\u0161 Jo tik mokytis ir mokytis. Kai kas gali paprie\u0161tarauti \u2013 dabar nauji laikai, mes negalime gr\u012f\u017eti \u012f gili\u0105 senov\u0119. Bet juk kaunie\u010diai gr\u012f\u017e\u0119 \u201e\u012f senov\u0119\u201c prasmingai pamin\u0117jo Pirmosios Dain\u0173 \u0161vent\u0117s 80-met\u012f. \u0160i \u0161vent\u0117 buvo tikrai lietuvi\u0161ka ir istorin\u0117. Jau nekalbant apie auk\u0161t\u0105 menin\u012f lyg\u012f. Parod\u0117, kad ir g\u016bd\u016bs sovietme\u010dio laikai nesunaikino m\u016bs\u0173 tautos kult\u016bros \u0161akn\u0173. Nesunaikino m\u016bs\u0173 \u0161vent\u0173j\u0173 \u0105\u017euol\u0173 \u0161lam\u0117jimo, vedusio \u012f \u0161vies\u0105. Nenutraukime savo istorini\u0173 ir kult\u016brini\u0173 ry\u0161i\u0173 su m\u016bs\u0173 senove, su tuo, k\u0105 per ilgus am\u017eius i\u0161gyveno m\u016bs\u0173 tauta. I\u0161 naujo \u012fsiklausykime \u012f \u0161i\u0173 \u017eod\u017ei\u0173 prasm\u0119: i\u0161 praeities tavo s\u016bn\u016bs te stipryb\u0119 semia\u201c.<\/p>\n\n\n\n<p>Pasimokykime i\u0161 latvi\u0173, nenusileiskime jiems. Tegul ir m\u016bs\u0173 Jubiliejin\u0117je Dain\u0173 \u0161vent\u0117je skamb\u0117s KLASIKIN\u0116 RIMTIS, TAUTINIS I\u0160DIDUMAS, PAGARBA IR MEIL\u0116 SAVO ISTORIJAI, TRADICIJOMS. Neverta stengtis apr\u0117pti neapr\u0117piam\u0105. Juk \u017einome, kad visada vertingiausia tai, kas paprasta, bet ne prasta. B\u016bkime verti savo t\u0117v\u0173 ir seneli\u0173 \u2013 savo BO\u010cI\u0172. Jeigu pavyks prakalbinti pirmosios Dain\u0173 \u0161vent\u0117s DVASI\u0104, tikrai bus prasmingas \u0161imtme\u010dio pamin\u0117jimas. Sovietme\u010dio dain\u0173 \u0161vent\u0117s, labiau ar ma\u017eiau pavyk\u0119 (nors organizuotos \u201ei\u0161 vir\u0161aus\u201c), pad\u0117jo nei\u0161tirpti \u201elygi\u0173 taut\u0173\u201c brolijoje. O juk nedaug tr\u016bko, kad b\u016btume priversti u\u017edainuoti:<\/p>\n\n\n\n<p>Lietuviais esate j\u016bs gim\u0119,<br>Tod\u0117l ir turite pra\u017e\u016bt,<br>Nes pla\u010dioje sovietin\u0117j t\u0117vyn\u0117j<br>To vardo \u2013 LIETUVA \u2013 neturi b\u016bt <\/p>\n\n\n\n<p>( Anastazijos Kanoverskyt\u0117s parafraz\u0117).<\/p>\n\n\n\n<p class=\"has-text-align-center\"><br><strong>S\u0116KM\u0116S VISIEMS JUBILIEJIN\u0116S DAIN\u0172 \u0160VENT\u0116S RENG\u0116JAMS!<\/strong><\/p>\n\n\n\n<p><\/p>\n","protected":false},"excerpt":{"rendered":"<p>Dr. LINA DUMBLIAUSKAIT\u0116-JUKONIEN\u0116 Art\u0117jant Jubiliejinei Dain\u0173 \u0161ventei, atgyja vaizdai i\u0161 mano Mamyt\u0117s, pirmosios Dain\u0173 \u0161vent\u0117s dalyv\u0117s, pasakojim\u0173. Ji ilgai saugojo 1924 m. Dain\u0173 \u0161vent\u0117s dalyvio \u017eenklel\u012f. Deja, per gyvenimo audras&hellip; <\/p>\n","protected":false},"author":2,"featured_media":2523,"comment_status":"open","ping_status":"open","sticky":false,"template":"","format":"standard","meta":{"footnotes":""},"categories":[2],"tags":[],"_links":{"self":[{"href":"https:\/\/choras.lt\/index.php\/wp-json\/wp\/v2\/posts\/4435"}],"collection":[{"href":"https:\/\/choras.lt\/index.php\/wp-json\/wp\/v2\/posts"}],"about":[{"href":"https:\/\/choras.lt\/index.php\/wp-json\/wp\/v2\/types\/post"}],"author":[{"embeddable":true,"href":"https:\/\/choras.lt\/index.php\/wp-json\/wp\/v2\/users\/2"}],"replies":[{"embeddable":true,"href":"https:\/\/choras.lt\/index.php\/wp-json\/wp\/v2\/comments?post=4435"}],"version-history":[{"count":4,"href":"https:\/\/choras.lt\/index.php\/wp-json\/wp\/v2\/posts\/4435\/revisions"}],"predecessor-version":[{"id":4447,"href":"https:\/\/choras.lt\/index.php\/wp-json\/wp\/v2\/posts\/4435\/revisions\/4447"}],"wp:featuredmedia":[{"embeddable":true,"href":"https:\/\/choras.lt\/index.php\/wp-json\/wp\/v2\/media\/2523"}],"wp:attachment":[{"href":"https:\/\/choras.lt\/index.php\/wp-json\/wp\/v2\/media?parent=4435"}],"wp:term":[{"taxonomy":"category","embeddable":true,"href":"https:\/\/choras.lt\/index.php\/wp-json\/wp\/v2\/categories?post=4435"},{"taxonomy":"post_tag","embeddable":true,"href":"https:\/\/choras.lt\/index.php\/wp-json\/wp\/v2\/tags?post=4435"}],"curies":[{"name":"wp","href":"https:\/\/api.w.org\/{rel}","templated":true}]}}