{"id":4439,"date":"2023-11-16T13:23:55","date_gmt":"2023-11-16T13:23:55","guid":{"rendered":"https:\/\/choras.lt\/?p=4439"},"modified":"2023-11-18T06:53:36","modified_gmt":"2023-11-18T06:53:36","slug":"lietuvos-choru-sajungos-prezidentes-r-gelgotienes-kreipimasis-i-lietuvos-chorine-bendruomene","status":"publish","type":"post","link":"https:\/\/choras.lt\/index.php\/2023\/11\/16\/lietuvos-choru-sajungos-prezidentes-r-gelgotienes-kreipimasis-i-lietuvos-chorine-bendruomene\/","title":{"rendered":"Lietuvos chor\u0173 s\u0105jungos prezident\u0117s Rasos Gelgotien\u0117s kreipimasis \u012f Lietuvos chorin\u0119 bendruomen\u0119"},"content":{"rendered":"\n<p class=\"has-text-align-center\">Mieli kolegos,&nbsp;<\/p>\n\n\n\n<p>art\u0117ja did\u017eiausia met\u0173 \u0161vent\u0117, kai mes gal\u0117tume nud\u017eiuginti dovanomis ne tik savo artimuosius, bet ir pad\u0117ti be galo sunk\u0173 kar\u0105 i\u0161gyvenantiems m\u016bs\u0173 kolegoms Ukrainoje.<\/p>\n\n\n\n<p>Neseniai ten buvau ir ma\u010diau, kaip jie ruo\u0161iasi \u017eiemai. \u017dvak\u0117s, \u017eibintuv\u0117liai, ,,powerbankai&#8221;, nuo saul\u0117s per dien\u0105 balkonuose kraunami visokie \u0161viestuvai\u2026 Po pernyk\u0161t\u0117s sunkios \u017eiemos, kai jie \u0161alo, vakarojo tamsoje, daugyb\u0117 elektros prietais\u0173 vis i\u0161eidavo i\u0161 rikiuot\u0117s, o maisto atsargos gedo atsijungusiuose \u0161aldytuvuose &#8211; dabar jie tikrai visu tuo i\u0161 anksto r\u016bpinasi, perka daug reikaling\u0173 i\u0161gyvenimui prietais\u0173 ir aparat\u0173. Gyvenimas karo metu ne tik nelengvas, bet ir brangus.<\/p>\n\n\n\n<p>Kvie\u010diu pakartoti pernai m\u016bs\u0173 kolegas Ukrainos chorved\u017eius labai nud\u017eiuginusi\u0105 akcij\u0105 &#8211; padovanoti po nedidel\u0119 sum\u0105 nuo Lietuvos chorved\u017ei\u0173. Kad jie jaust\u0173 m\u016bs\u0173 u\u017euojaut\u0105, palaikym\u0105 ir param\u0105. Tai gali b\u016bti bet kokia suma: 5; 20; 50 eur\u0173 &#8211; kiekvienas pagal savo galimybes &#8211; ir mes surinktus pinigus pervesime \u012f Ukrainos choro dirigent\u0173 asociacij\u0105, kuri juos padalins chor\u0173 dirigentams asmeni\u0161kai. Pernai tokia paramos forma buvo \u012fvykdyta labai gra\u017eiai, skaidriai &#8211; mes sulauk\u0117me ne tik smulkios ataskaitos su dirigent\u0173, gavusi\u0173 param\u0105,&nbsp; pavard\u0117mis, bet ir <br>daugyb\u0117s pad\u0117kos lai\u0161k\u0173.<\/p>\n\n\n\n<p>Pasidalinkite \u0161ia informacija ir su savo choristais,&nbsp;draugais ir pa\u017e\u012fstamais &#8211; galb\u016bt jie irgi prisid\u0117s.<\/p>\n\n\n\n<p class=\"has-text-align-center\"><br><strong>Lietuvos chor\u0173 s\u0105jungos prezident\u0117 Rasa Gelgotien\u0117<\/strong><\/p>\n\n\n\n<p class=\"has-text-align-center\"><strong>Rekvizitai:<\/strong><br>Lietuvos chor\u0173 s\u0105junga<br>Atsiskaitomoji s\u0105skaita: LT22 7044 0600 0022 9495&nbsp;<br>AB SEB bankas, kodas 70440<br>Paskirtis: parama Ukrainos chorved\u017eiams<\/p>\n\n\n\n<p class=\"has-text-align-center\"><strong>Iliustracijos autor\u0117 Iryna Potapenko.<\/strong><\/p>\n","protected":false},"excerpt":{"rendered":"<p>Mieli kolegos,&nbsp; art\u0117ja did\u017eiausia met\u0173 \u0161vent\u0117, kai mes gal\u0117tume nud\u017eiuginti dovanomis ne tik savo artimuosius, bet ir pad\u0117ti be galo sunk\u0173 kar\u0105 i\u0161gyvenantiems m\u016bs\u0173 kolegoms Ukrainoje. Neseniai ten buvau ir&hellip; <\/p>\n","protected":false},"author":2,"featured_media":4300,"comment_status":"open","ping_status":"open","sticky":false,"template":"","format":"standard","meta":{"footnotes":""},"categories":[4],"tags":[],"_links":{"self":[{"href":"https:\/\/choras.lt\/index.php\/wp-json\/wp\/v2\/posts\/4439"}],"collection":[{"href":"https:\/\/choras.lt\/index.php\/wp-json\/wp\/v2\/posts"}],"about":[{"href":"https:\/\/choras.lt\/index.php\/wp-json\/wp\/v2\/types\/post"}],"author":[{"embeddable":true,"href":"https:\/\/choras.lt\/index.php\/wp-json\/wp\/v2\/users\/2"}],"replies":[{"embeddable":true,"href":"https:\/\/choras.lt\/index.php\/wp-json\/wp\/v2\/comments?post=4439"}],"version-history":[{"count":4,"href":"https:\/\/choras.lt\/index.php\/wp-json\/wp\/v2\/posts\/4439\/revisions"}],"predecessor-version":[{"id":4448,"href":"https:\/\/choras.lt\/index.php\/wp-json\/wp\/v2\/posts\/4439\/revisions\/4448"}],"wp:featuredmedia":[{"embeddable":true,"href":"https:\/\/choras.lt\/index.php\/wp-json\/wp\/v2\/media\/4300"}],"wp:attachment":[{"href":"https:\/\/choras.lt\/index.php\/wp-json\/wp\/v2\/media?parent=4439"}],"wp:term":[{"taxonomy":"category","embeddable":true,"href":"https:\/\/choras.lt\/index.php\/wp-json\/wp\/v2\/categories?post=4439"},{"taxonomy":"post_tag","embeddable":true,"href":"https:\/\/choras.lt\/index.php\/wp-json\/wp\/v2\/tags?post=4439"}],"curies":[{"name":"wp","href":"https:\/\/api.w.org\/{rel}","templated":true}]}}