{"id":4525,"date":"2023-12-07T13:58:53","date_gmt":"2023-12-07T13:58:53","guid":{"rendered":"https:\/\/choras.lt\/?p=4525"},"modified":"2023-12-07T16:02:52","modified_gmt":"2023-12-07T16:02:52","slug":"apie-choru-kategorijas-ir-choru-finansini-skatinima","status":"publish","type":"post","link":"https:\/\/choras.lt\/index.php\/2023\/12\/07\/apie-choru-kategorijas-ir-choru-finansini-skatinima\/","title":{"rendered":"Apie chor\u0173 kategorijas ir chor\u0173 finansin\u012f skatinim\u0105"},"content":{"rendered":"\n<p>Prie\u0161 savait\u0119 choras.lt sulauk\u0117 skambu\u010dio d\u0117l chor\u0173 kategorij\u0173 suteikimo tvarkos ir su tuo susijusio chor\u0173 finansinio skatinimo. \u0160iuos klausimus u\u017edav\u0117me LNKC muzikos skyriaus chor\u0173 specialistui Tomui Kreimeriui ir LR kult\u016bros ministerijos ry\u0161i\u0173 su visuomene ir strategin\u0117s komunikacijos skyriaus vadovei Agnei Grinevi\u010di\u016btei. <\/p>\n\n\n\n<p>choras.lt: <strong>Ar gal\u0117tum\u0117te pla\u010diau i\u0161ai\u0161kinti, kada ir kaip suteikiamos kategorijos chorams. T.y., k\u0105 rei\u0161kia pavasar\u012f&nbsp; Lietuvos chor\u0173 konkurse gauti diplomai? Ar pvz. II laipsnio diplomas jau ir suteikia II kategorij\u0105, ar dar ne?<\/strong> <\/p>\n\n\n\n<p><strong>LNKC chor\u0173 specialistas Tomas Kreimeris: <\/strong><\/p>\n\n\n\n<p>1. Vis\u0173 pirma, chorams (suaugusi\u0173j\u0173) kategorijos yra suteikiamos ir kult\u016bros ministerijos patvirtinamos&nbsp;<strong>po dain\u0173 \u0161vent\u0117s<\/strong>.<\/p>\n\n\n\n<p>2. Kategorija suteikiama atsi\u017evelgiant \u012f keturis aspektus:<\/p>\n\n\n\n<p>&nbsp;&nbsp;&nbsp; 2.1. Dalyvavimas ir rezultatai&nbsp;<strong>Lietuvos suaugusi\u0173j\u0173 chor\u0173 konkurse<\/strong>, kuris vyksta metai iki dain\u0173 \u0161vent\u0117s. Vertinimas 100 bal\u0173 sistemoje.<\/p>\n\n\n\n<p>&nbsp;&nbsp;&nbsp; 2.2. Dalyvavimas ir rezultatai&nbsp;<strong>atrankose \u012f dain\u0173 \u0161vent\u0119&nbsp;<\/strong>(vyks 2024 m. sausio-vasario m\u0117nesiais). Vertinimas 100 bal\u0173 sistemoje.<\/p>\n\n\n\n<p>&nbsp;&nbsp;&nbsp; 2.3. Atsi\u017evelgiama \u012f choro&nbsp;<strong>vykdom\u0105 veikl\u0105<\/strong>&nbsp;(ar choras aktyvus, ne projektinis, reguliariai repetuojantis ir rengiantis koncertus)<\/p>\n\n\n\n<p>&nbsp;&nbsp;&nbsp; 2.4.&nbsp;<strong>Dalyvavimas Lietuvos dain\u0173 \u0161vent\u0117je<\/strong>.<\/p>\n\n\n\n<p>Pagal \u0161iuos 4 aspektus apskai\u010diuojama ir suteikiama chorui kategorija po dalyvavimo dain\u0173 \u0161vent\u0117je.<\/p>\n\n\n\n<p>Pavyzdys: Choras dalyvavo Lietuvos suaugusi\u0173j\u0173 chor\u0173 konkurse, gavo I laipsnio diplom\u0105, t.y. tarp 85-100 bal\u0173, tuomet pasirod\u0117 atrankoje, kurioje gavo 89 balus, vykdo veikl\u0105, sudalyvauja dain\u0173 \u0161vent\u0117je ir po \u0161vent\u0117s jam suteikiama ir patvirtinama&nbsp;<strong>I kategorija<\/strong>, kuri galios iki 2028 m. dain\u0173 \u0161vent\u0117s.<\/p>\n\n\n\n<p>choras.lt: <strong>\u012e<\/strong> k<strong>oki\u0105 finansin\u0119 param\u0105 gali pretenduoti\u00a0kiekvienos kategorijos choras?<\/strong><\/p>\n\n\n\n<p><strong>Tomas Kreimeris:<\/strong> D\u0117l finans\u0173 dar nieko neai\u0161ku, kadangi Kult\u016bros ministerijos teisininkai neapsisprend\u017eia, kaip traktuoti kategorijas po 6 met\u0173, kadangi teisi\u0161kai jos galioja 4 metus.<\/p>\n\n\n\n<p><strong>Lietuvos Respublikos kult\u016bros ministerijos Ry\u0161i\u0173 su visuomene ir strategin\u0117s komunikacijos skyrius:<\/strong> Pri\u0117mus Dain\u0173 \u0161ven\u010di\u0173 \u012fstatymo nauj\u0105 redakcij\u0105, tur\u0117s b\u016bti patvirtinti \u012fgyvendinamieji po\u012fstatyminiai teis\u0117s aktai, tarp kuri\u0173&nbsp;\u2013 M\u0117g\u0117j\u0173 meno kolektyv\u0173 vertinimo tvarkos apra\u0161as ir M\u0117g\u0117j\u0173 meno kolektyv\u0173 skatinimo tvarkos apra\u0161as, kuriuose ir bus reglamentuota kategorij\u0173 suteikimo m\u0117g\u0117j\u0173 meno kolektyvams tvarka ir m\u0117g\u0117j\u0173 meno kolektyv\u0173 skatinimas. Min\u0117t\u0173 teis\u0117s akt\u0173 projektai yra parengti ir, suderinus su suinteresuotomis institucijomis, artimiausiu metu bus teikiami tvirtinti.<\/p>\n","protected":false},"excerpt":{"rendered":"<p>Prie\u0161 savait\u0119 choras.lt sulauk\u0117 skambu\u010dio d\u0117l chor\u0173 kategorij\u0173 suteikimo tvarkos ir su tuo susijusio chor\u0173 finansinio skatinimo. \u0160iuos klausimus u\u017edav\u0117me LNKC muzikos skyriaus chor\u0173 specialistui Tomui Kreimeriui ir LR kult\u016bros&hellip; <\/p>\n","protected":false},"author":2,"featured_media":3895,"comment_status":"open","ping_status":"open","sticky":false,"template":"","format":"standard","meta":{"footnotes":""},"categories":[7],"tags":[],"_links":{"self":[{"href":"https:\/\/choras.lt\/index.php\/wp-json\/wp\/v2\/posts\/4525"}],"collection":[{"href":"https:\/\/choras.lt\/index.php\/wp-json\/wp\/v2\/posts"}],"about":[{"href":"https:\/\/choras.lt\/index.php\/wp-json\/wp\/v2\/types\/post"}],"author":[{"embeddable":true,"href":"https:\/\/choras.lt\/index.php\/wp-json\/wp\/v2\/users\/2"}],"replies":[{"embeddable":true,"href":"https:\/\/choras.lt\/index.php\/wp-json\/wp\/v2\/comments?post=4525"}],"version-history":[{"count":7,"href":"https:\/\/choras.lt\/index.php\/wp-json\/wp\/v2\/posts\/4525\/revisions"}],"predecessor-version":[{"id":4582,"href":"https:\/\/choras.lt\/index.php\/wp-json\/wp\/v2\/posts\/4525\/revisions\/4582"}],"wp:featuredmedia":[{"embeddable":true,"href":"https:\/\/choras.lt\/index.php\/wp-json\/wp\/v2\/media\/3895"}],"wp:attachment":[{"href":"https:\/\/choras.lt\/index.php\/wp-json\/wp\/v2\/media?parent=4525"}],"wp:term":[{"taxonomy":"category","embeddable":true,"href":"https:\/\/choras.lt\/index.php\/wp-json\/wp\/v2\/categories?post=4525"},{"taxonomy":"post_tag","embeddable":true,"href":"https:\/\/choras.lt\/index.php\/wp-json\/wp\/v2\/tags?post=4525"}],"curies":[{"name":"wp","href":"https:\/\/api.w.org\/{rel}","templated":true}]}}