{"id":4527,"date":"2023-12-01T17:29:14","date_gmt":"2023-12-01T17:29:14","guid":{"rendered":"https:\/\/choras.lt\/?p=4527"},"modified":"2023-12-01T17:29:17","modified_gmt":"2023-12-01T17:29:17","slug":"iii-respublikinis-suaugusiuju-choru-maratonas-silaleje","status":"publish","type":"post","link":"https:\/\/choras.lt\/index.php\/2023\/12\/01\/iii-respublikinis-suaugusiuju-choru-maratonas-silaleje\/","title":{"rendered":"III RESPUBLIKINIS SUAUGUSI\u0172J\u0172 CHOR\u0172 MARATONAS \u0160ILAL\u0116JE"},"content":{"rendered":"\n<p>III respublikinis suaugusi\u0173j\u0173 chor\u0173 maratonas 2023 m. gruod\u017eio 9\u201310 d. v\u0117l kvie\u010dia atvykti \u012f \u0160ilal\u0119. Tai \u2013 i\u0161skirtinis, vienintelis toks renginys ne tik \u0160ilal\u0117s kra\u0161te, bet ir visoje Lietuvoje. Respublikinio suaugusi\u0173j\u0173 chor\u0173 maratono id\u0117ja kelta, siekiant per gan\u0117tinai trump\u0105 laik\u0105 (1 para) i\u0161girsti kuo daugiau m\u0117g\u0117j\u0173 ir profesional\u0173j\u012f chorin\u012f men\u0105 puosel\u0117jan\u010di\u0173 Lietuvos kolektyv\u0173, skatinti j\u0173 tarpusavio bendradarbiavim\u0105 bei patirties dalijim\u0105si ne tik tarpusavyje, bet ir su visais chorin\u0117s muzikos myl\u0117tojais.<\/p>\n\n\n\n<p>\u0160iais metais \u0161is renginys jau tre\u010diasis. Kiekvien\u0105 kart\u0105 \u012f chor\u0173 maraton\u0105 kvie\u010diami skirting\u0173 miest\u0173 ir miesteli\u0173 chorai. \u0160ilal\u0117je vienu metu koncertuoja daugiau nei 200 chorist\u0173. Ne i\u0161imtis ir \u0161i\u0173 met\u0173 renginys, kuriame dalyvaus 10 chor\u0173 (apie 250 chorist\u0173): Raseini\u0173 kult\u016bros centro mi\u0161rus choras \u201e\u0160atrija\u201c (vad. G. Jegnoras), Kretingos kult\u016bros centro mi\u0161rus choras \u201eKristale\u201c (vad. K. Rimien\u0117), Klaip\u0117dos universiteto choras \u201ePaj\u016brio aidos\u201c (vad. A. \u0160umskis), Vytautojo Did\u017eiojo universiteto \u0160vietimo akademijos choras \u201eAve vita\u201c (vad. K. Barisas), Vilniaus universiteto chorai \u201ePro Musica\u201c, \u201eVirgo\u201c, \u201eGaudeamus\u201c (vad. R. Gelgotien\u0117), Jungtinis projektinis Jurbarko kra\u0161to choras (vad. L. Matuzait\u0117-Kairien\u0117), jaunimo choras \u201eDorado\u201c (vad. A. Kvederavi\u010dius), \u0160ilal\u0117s kra\u0161to mi\u0161rus choras (vad. S. Rimkut\u0117-Jankuvien\u0117). Bendruose vis\u0173 chor\u0173 koncertuose muzikuos ir Vilniaus universiteto kamerinis orkestras (meno vadovas ir dirigentas Modestas Jank\u016bnas) bei solistai: Simona Liamo (sopranas), Nora Petro\u010denko (mecosopranas), K\u0119stutis Al\u010dauskis (tenoras), Dainius Pui\u0161ys (baritonas), Au\u0161ra \u010cepanon\u0117 (sopranas), Arvydas Kirda (bandonija), Sandra Rimkut\u0117-Jankuvien\u0117 (klavi\u0161iniai).<\/p>\n\n\n\n<p>I\u0161skirtin\u0117 ir \u0161i\u0173 met\u0173 chor\u0173 maratono programa. \u0160e\u0161tadien\u012f, gruod\u017eio 9 d., \u0160ilal\u0117s rajono savivaldyb\u0117s kult\u016bros centro foj\u0117 nuo 13.00 val. iki 15.00 val. klausytojai tur\u0117s galimyb\u0119 i\u0161girsti keturi\u0173 chor\u0173 (\u201e\u0160atrija\u201c, \u201eKristale\u201c, \u201ePaj\u016brio aidos\u201c, \u201eAve vita\u201c) koncertus. Na, o vakare, po 18.00 val. \u0160v. Mi\u0161i\u0173 \u0160ilal\u0117s \u0160v. Pranci\u0161kaus Asy\u017eie\u010dio ba\u017eny\u010dioje visi min\u0117ti kolektyvai, kartu su Vilniaus universiteto chorais, kameriniu orkestru ir solistais S. Liamo, N. Petro\u010denko, K. Al\u010dauskiu, D. Pui\u0161iu atliks \u012fstabaus gro\u017eio, kal\u0117din\u0119 dvasi\u0105 teikiant\u012f XIX a. pranc\u016bz\u0173 kompozitoriaus C. Saint-Sa\u00ebnso (1835\u20131921), penkiems solistams, mi\u0161riam chorui, styginiams, vargonams ir arfai sukurt\u0105 k\u016brin\u012f \u2013 \u201eKal\u0117din\u0117 oratorija\u201c (\u201eOratorio de No\u00ebl\u201c, op. 12). I\u0161skirtin\u0117 kamerin\u0119 muzik\u0105 primenanti instrumentuot\u0117 su lyri\u0161komis solo partijomis ir savita chorine partija sukuria pagrindin\u0119 sielovados nuotaik\u0105, d\u0117l kurios \u0161i Kal\u0117d\u0173 oratorija tapo vienu labiausiai atliekam\u0173 C. Saint-Sa\u00ebns k\u016brini\u0173 visame pasaulyje.<\/p>\n\n\n\n<p>Sekmadien\u012f, gruod\u017eio 10 d., po 12.00 val. \u0160v. Mi\u0161i\u0173, \u0160ilal\u0117s \u0160v. Pranci\u0161kaus Asy\u017eie\u010dio ba\u017eny\u010dioje lauks dar vienas i\u0161skirtinai \u0161iam renginiu rengtas koncertas, kuriame jungtines paj\u0117gas sujungs projektinis Jurbarko kra\u0161to mi\u0161rus choras, jaunimo choras \u201eDorado\u201c, VDU \u0160A choras \u201eAve vita\u201c, VU kamerinis orkestras, A. \u010cepanon\u0117 (sopranas), A. Kirda (bandonija), S. Rimkut\u0117-Jankuvien\u0117 (klavi\u0161iniai). Tai unikali proga i\u0161girsti dar nedaug Lietuvoje skamb\u0117jus\u012f, ta\u010diau labai pam\u0117gt\u0105 ir XXI a. Argentinos kompozitoriaus Martin Palmeri (gim. 1959 m.) k\u016brin\u012f \u2013 \u201eMi\u0161ios Buenos Aires\u201c (Missa A Buenos Aires\u201c) sopranui, chorui, bandonijai ir kameriniam orkestrui bei fortepijonui. K\u016brinio atlik\u0117j\u0173 sud\u0117tis suteikia skambesiui pilnatv\u0117s ir leid\u017eia atskleisti liturginio teksto turin\u012f per netradicin\u012f melancholi\u0161k\u0105 skambes\u012f, tembrin\u012f spektr\u0105 papildo styginiai, fortepijonas, sodrus mecosoprano vokalas bei spalvingas choro skambesys, perteikiantis did\u017eiul\u0119 emocini\u0173 ir dramati\u0161k\u0173 i\u0161rai\u0161kos galimybi\u0173 \u012fvairov\u0119. Nors k\u016brinys pasaulyje ypatingai populiarus, Lietuvoje kelet\u0105 kart\u0173 atliktas, ta\u010diau dvi jo dalys, i\u0161skirtinai orkestrui sukurtos, m\u016bs\u0173 \u0161alyje dar neskamb\u0117jo. III suaugusi\u0173j\u0173 chor\u0173 maratono klausytojams jos bus atliktos ir Lietuvoje skamb\u0117s pirm\u0105j\u012f kart\u0105.<\/p>\n\n\n\n<p>Kaip teigia renginio sumanytoja, \u0160ilal\u0117s rajono savivaldyb\u0117s kult\u016bros centro chorved\u0117 S. Rimkut\u0117-Jankuvien\u0117, \u201eChoras \u2013 tai rei\u0161kinys, tai b\u016brys \u017emoni\u0173, jau\u010dian\u010di\u0173, dainuojan\u010di\u0173, skleid\u017eian\u010di\u0173 muzikos gali\u0105 kartu. O \u0161iame renginyje unikali proga skirtinguose koncertuose i\u0161girsti vis kitok\u012f chor\u0105, tod\u0117l manau, kad kiekvienas klausytojas tikrai atras ka\u017ek\u0105 sau priimtino. Renginio data pasirinkta neatsitiktinai. Da\u017eniausiai didieji muzikos renginiai vyksta \u0161iltuoju met\u0173 laiku. O man nor\u0117josi, kad \u0161iluma, kuri sklinda i\u0161 dainuojan\u010di\u0173, muzikuojan\u010di\u0173 \u017emoni\u0173 su\u0161ildyt\u0173 klausytojus \u0161altuoju met\u0173 laiku. Nor\u0117josi, kad visuotiniame b\u0117gime, kiekvienas rast\u0173 laiko stabtelti, pails\u0117ti, pam\u0105styti. Tikiu, kad ramyb\u0119 muzikoje radusiam \u017emogui ir \u0161ven\u010di\u0173 laukimas taps prasmingesnis. \u0160v. Kal\u0117d\u0173 laukimo dvasia teskrieja muzika. Kvie\u010diu nelikti abejingiems chorinei muzikai ir ateinant\u012f savaitgal\u012f atvykti \u012f III respublikinio suaugusi\u0173j\u0173 chor\u0173 maratono koncertus, i\u0161girsti 10 Lietuvos chor\u0173, 1 orkestr\u0105, 6 solistus i\u0161 skirting\u0173 Lietuvos miest\u0173, atvykusius \u012f \u0160ilal\u0119\u201c.<\/p>\n","protected":false},"excerpt":{"rendered":"<p>III respublikinis suaugusi\u0173j\u0173 chor\u0173 maratonas 2023 m. gruod\u017eio 9\u201310 d. v\u0117l kvie\u010dia atvykti \u012f \u0160ilal\u0119. Tai \u2013 i\u0161skirtinis, vienintelis toks renginys ne tik \u0160ilal\u0117s kra\u0161te, bet ir visoje Lietuvoje. Respublikinio&hellip; <\/p>\n","protected":false},"author":2,"featured_media":4529,"comment_status":"open","ping_status":"open","sticky":false,"template":"","format":"standard","meta":{"footnotes":""},"categories":[2],"tags":[],"_links":{"self":[{"href":"https:\/\/choras.lt\/index.php\/wp-json\/wp\/v2\/posts\/4527"}],"collection":[{"href":"https:\/\/choras.lt\/index.php\/wp-json\/wp\/v2\/posts"}],"about":[{"href":"https:\/\/choras.lt\/index.php\/wp-json\/wp\/v2\/types\/post"}],"author":[{"embeddable":true,"href":"https:\/\/choras.lt\/index.php\/wp-json\/wp\/v2\/users\/2"}],"replies":[{"embeddable":true,"href":"https:\/\/choras.lt\/index.php\/wp-json\/wp\/v2\/comments?post=4527"}],"version-history":[{"count":2,"href":"https:\/\/choras.lt\/index.php\/wp-json\/wp\/v2\/posts\/4527\/revisions"}],"predecessor-version":[{"id":4530,"href":"https:\/\/choras.lt\/index.php\/wp-json\/wp\/v2\/posts\/4527\/revisions\/4530"}],"wp:featuredmedia":[{"embeddable":true,"href":"https:\/\/choras.lt\/index.php\/wp-json\/wp\/v2\/media\/4529"}],"wp:attachment":[{"href":"https:\/\/choras.lt\/index.php\/wp-json\/wp\/v2\/media?parent=4527"}],"wp:term":[{"taxonomy":"category","embeddable":true,"href":"https:\/\/choras.lt\/index.php\/wp-json\/wp\/v2\/categories?post=4527"},{"taxonomy":"post_tag","embeddable":true,"href":"https:\/\/choras.lt\/index.php\/wp-json\/wp\/v2\/tags?post=4527"}],"curies":[{"name":"wp","href":"https:\/\/api.w.org\/{rel}","templated":true}]}}