{"id":4542,"date":"2023-12-03T16:30:28","date_gmt":"2023-12-03T16:30:28","guid":{"rendered":"https:\/\/choras.lt\/?p=4542"},"modified":"2023-12-05T10:29:26","modified_gmt":"2023-12-05T10:29:26","slug":"lzum-choro-dobilas-koncerto-advento-versmeje-atsvaitai","status":"publish","type":"post","link":"https:\/\/choras.lt\/index.php\/2023\/12\/03\/lzum-choro-dobilas-koncerto-advento-versmeje-atsvaitai\/","title":{"rendered":"L\u017d\u016aM choro \u201eDobilas\u201c koncerto \u201eAdvento versm\u0117je\u201c at\u0161vaitai"},"content":{"rendered":"\n<p><strong>Dr. Irena LAMSODIEN\u0116<\/strong><\/p>\n\n\n\n<p>Advento prad\u017eioje, gruod\u017eio 3 d. vidurdienyje nupyn\u0119 advento vainik\u0105, u\u017edeg\u0119 pirm\u0105j\u0105 advento \u017evak\u0119 skub\u0117jome \u012f muzikos \u0161vent\u0119. \u0160i \u0161vent\u0117 vyko gerokai pasikeitusiuose, i\u0161gra\u017e\u0117jusiuose, atgavusiuose istorin\u012f vaizd\u0105 Vilniaus evangelik\u0173 reformat\u0173 maldos namuose. Ten \u0161e\u0161t\u0105 de\u0161imtmet\u012f gyvuojantis choras \u201eDobilas\u201c Advento laikotarpiui skirt\u0105 koncert\u0105 skyr\u0117 ne tik evangelik\u0173 reformat\u0173 bendruomenei, kuri puosel\u0117ja \u0161iuos namus, savo artim\u0173j\u0173 ratui, ne tik draugams, gerb\u0117jams, bet visai miesto visuomenei (meno vadovas ir dirigentas Ignas Garla, chormeisteris Domininkas Rama\u0161auskas, koncertmeister\u0117 Vilma Pe\u010diukonyt\u0117).<\/p>\n\n\n\n<p>Susitikimui su klausytojais ruo\u0161\u0117m\u0117s labai atsakingai. Ne tik koncerto intencija \u012fpareigojo tam skirti didesn\u012f d\u0117mes\u012f, bet ir neseniai chor\u0105 atradusi\u0173 \u017emoni\u0173 bals\u0173 skambesys tur\u0117jo der\u0117ti bendrame muzikavime. D\u017eiugu, kad prasmingas darbas nenu\u0117jo veltui, muzikos valandoje k\u016briniai skamb\u0117jo gra\u017eiai, o nematoma gija tvyrojo \u201ctarp m\u016bs\u0173 vis\u0173 \u0161ird\u017ei\u0173\u201c. Valio, mums \u0161ie metai buvo turtingi, kolektyve turime a\u0161tuonis naujus puikius giedor\u0117lius!<\/p>\n\n\n\n<p>Choro meno vadovas ir dirigentas Ignas Garla &#8211; k\u016brybinga asmenyb\u0117, atsakingai apm\u0105stydamas parinko \u012fdom\u0173, \u012fvairiapus\u012f, jausming\u0105, ta\u010diau sant\u016br\u0173 Advento metui, Kal\u0117d\u0173 laukimo nuotaikai tinkant\u012f repertuar\u0105, kuris gerai nuteik\u0117 klausytojus ir tarsi \u0161altinis \u012fne\u0161\u0117 gyvyb\u0117s \u012f m\u016bs\u0173 tautos paveld\u0105 ir tradicijas. Muzikini\u0173 k\u016brini\u0173 saitai \u012fgavo netik\u0117t\u0173 atspalvi\u0173, koncerte nuskamb\u0117jo skirting\u0173 laikme\u010di\u0173 muzikin\u0117s istorijos lietuvi\u0173 kalba.<\/p>\n\n\n\n<p>Malonu ir prasminga buvo koncerto prad\u017eioje klausytojams dovanoti por\u0105 ne da\u017enai atliekam\u0173, prie\u0161 kelis am\u017eius lietuvyb\u0117s id\u0117jas skleidusi\u0173 Ma\u017eojoje Lietuvoje tautinio s\u0105moningumo \u017eadintoj\u0173 muzikinius k\u016brinius. 1547 m. Martynas Ma\u017evydas i\u0161leido pirm\u0105 lietuvi\u0161k\u0105 knyg\u0105 \u201eKatekizmas\u201c (tikybos prad\u017eiamokslis). Leidinyje yra giesmynas, kuriame 11 evangeli\u0161k\u0173 lietuvi\u0161k\u0173 giesmi\u0173 su natomis, viena j\u0173 &#8211; keturbals\u0117 psalm\u0117, kurioje \u017eod\u017eiai: \u201egyvenim\u0105 tas tur\u0117s pa\u0161lovint\u0105 kiekvienos gadyn\u0117s kelio \u0161io svieto&#8230;, jei darb\u0105 savo rankeli\u0173 valgysi, pa\u0161lovints b\u016bsi, gerai tur\u0117siesi\u201c. \u017dod\u017eiai i\u0161 giesm\u0117s (\u201eGyvenim\u0105 tas tur\u0117s pa\u0161lovint\u0105\u201c) gan pamokantys.<\/p>\n\n\n\n<p>Jaudul\u012f kelia ir kito, v\u0117liau (XX am\u017e.) gyvenusio Ma\u017eosios Lietuvos \u0161viesuolio Vilhelmo Storostos (Vyd\u016bno) daugiau kaip prie\u0161 \u0161imt\u0105 met\u0173 sukurtos \u201eLietuva brangi \u0161alele\u201c dainos \u017eod\u017eiai. \u0160is k\u016brinys \u2013 giesm\u0117 ar himnas Lietuvai, jos gamtai, t\u0117v\u0173 namams, \u0161eimai, o gal malda ar priesaika tinka kiekvienam i\u0161 m\u016bs\u0173. Vyd\u016bnas siek\u0117, kad chorai dainuot\u0173 lietuvi\u0161kai, pats rinko lietuvi\u0173 liaudies dain\u0173 ir giesmi\u0173 melodijas, jas harmonizavo, ra\u0161\u0117 \u017eod\u017eius. 1904 metais, anks\u010diau nei Did\u017eiojoje Lietuvoje, sudar\u0117 ir i\u0161leido du pirmuosius chorams skirt\u0173 dain\u0173 rinkinius. Vyd\u016bnas ra\u0161\u0117: \u201eMuzika padeda nugal\u0117ti savyje daiktinio pasaulio pom\u0117gi\u0173 s\u0105my\u0161\u012f, kuriame \u017emogus paprastai per giliai nardo\u201c; \u201eDaina yra ypatingas \u017emogaus apsirei\u0161kimas. Ji pareina i\u0161 tos asmenyb\u0117s srities, kurioj gyvena jausmai\u201c. (Pasikalb\u0117jimai. Darbymetis. Til\u017e\u0117, 1921, nr 1, p38).<\/p>\n\n\n\n<p>Senov\u0117je n\u0117 vienos tradicin\u0117s apeigos neapsieidavo be liaudies dain\u0173. Daugiausia jos \u0161\u012f ni\u016br\u0173 \u017eiemos met\u0105 skamb\u0117davo Dz\u016bkijoje. Dain\u0173 \u017eod\u017eiuose &#8211; \u017emogi\u0161ki jausmai, gyvenimas, greta gamtos motyvai, nema\u017eai ir refren\u0173 (leliumai, aleliuma, kal\u0117da ir pan.). \u0160ie \u017eodeliai adventui skirtuose k\u016briniuose kartojasi daug kart\u0173. \u0160iuolaikin\u0117s muzikos k\u016br\u0117jai, \u012fvertin\u0119 folklor\u0105, suk\u016br\u0117 nema\u017eai spalvingesni\u0173, prasmingesni\u0173, advento esm\u0119 nusakan\u010di\u0173 k\u016brini\u0173. Koncerte atlikome kelias art\u0117jan\u010diai 2024 metais Dain\u0173 \u0161ventei \u201eKad giria \u017ealiuot\u0173\u2018\u2018 sukurtas dainas: dz\u016bk\u0173 liaudies dain\u0105 \u201eLeliumai, oi, kas vaik\u0161\u010diojo?&#8221;, i\u0161pl\u0117tot\u0105 K\u0119stu\u010dio Daugirdo; \u201eO kai sauli\u016bt\u0117 tek\u0117jo\u201c, i\u0161pl\u0117tot\u0105 Donato Zakaro; Juozo Tallat Kelp\u0161os harmonizuot\u0105 lietuvi\u0173 liaudies dain\u0105 \u201e\u010ci\u016bto\u201c. Visos jos unikalios, juntama melodij\u0173 ir tekst\u0173 magija, dainuoti malonu. Gamtos gro\u017eio kupini k\u016briniai &#8211; \u201eAu\u0161ros \u017evaig\u017ed\u0117\u201c (muz. Algirdo Martinai\u010dio, \u017eod\u017e. Antano Strazdo), \u201eM\u016bs\u0173 \u017eem\u0117\u201c (muz. Sauliaus Petreikio, Donato Petreikio, \u017eod\u017e. Rimvydo Stankevi\u010diaus, Rimvydo Mitkaus), \u201eSavo \u017eem\u0117s vaikai\u201c (muz. Dainiaus Pulausko, \u017eod\u017e. Jolantos Mili\u0161auskait\u0117s), \u201eDangaus up\u0117\u201c (muz. Vytauto Barausko, \u017eod\u017e. Mindaugo Nastaravi\u010diaus) &#8211; skamb\u0117jo taip pat i\u0161rai\u0161kingai, suk\u016br\u0117 vidin\u0117s ramyb\u0117s poj\u016bt\u012f.<\/p>\n\n\n\n<p>Adventin\u0117s muzikos valandos program\u0105 u\u017ebaig\u0117me \u017eaismingai skamban\u010dia \u201eRiu, riu, Chiu\u201c Matteo Flecha (1481 -1553m.) Katalonijoje gyvenusio autoriaus, \u0161v. Kal\u0117doms skirta giesme senovine ispan\u0173 kalba.<\/p>\n\n\n\n<p>Pasibaigus koncertui i\u0161girdome nema\u017eai maloni\u0173 \u017eod\u017ei\u0173: \u201epatyr\u0117me stipr\u0173 i\u0161gyvenim\u0105..\u201c, \u201enetik\u0117t\u0105 pasirodym\u0105\u2026\u201c, i\u0161siskiriant\u012f \u201cdvasios j\u0117ga\u2026 \u201c, kur kiekvienas choristas spinduliavo malon\u0119..\u201c, arba \u2013 \u201etai choras, kuris siunt\u0117 labai ai\u0161ki\u0105 \u017eini\u0105\u201c. \u0160ios fraz\u0117s liudija, kad veikla chore \u0161alia savirai\u0161kos ir turtingo laisvalaikio praleidimo yra ir gyvenimo b\u016bdas, savastis, gerumas, k\u016brybi\u0161kumas, dovanojimas, aukojimas\u2026 D\u017eiugu buvo gird\u0117ti kunigo klebono Tomo \u0160erno \u017eod\u017eius: &#8220;&#8230;turite talent\u0105 &#8211; Dievo dovan\u0105&#8230;, kuriate gro\u017e\u012f ir juo dalinat\u0117s&#8230;&#8221;, muzikolog\u0117s dr. Aust\u0117s Nakien\u0117s \u012f\u017evalgas apie &#8220;O kai sauli\u016bt\u0117 tek\u0117jo&#8221; (manytina, kad tai i\u0161 Ma\u017eosios Lietuvos \u012f Dz\u016bkij\u0105 atkeliavusi daina). D\u017eiugu, kad koncertas pavyko. Tad gyvuokime ir giedokime, kad gars\u0173 skrydis suvienyt\u0173 ir suartint\u0173 mus!<\/p>\n\n\n\n<p class=\"has-text-align-center\">\u201eNiekuomet \u017emogus n\u0117ra toks gra\u017eus, koks jis b\u016bna kurdamas\u201c (Vyd\u016bnas).<\/p>\n\n\n\n<p><\/p>\n","protected":false},"excerpt":{"rendered":"<p>Dr. Irena LAMSODIEN\u0116 Advento prad\u017eioje, gruod\u017eio 3 d. vidurdienyje nupyn\u0119 advento vainik\u0105, u\u017edeg\u0119 pirm\u0105j\u0105 advento \u017evak\u0119 skub\u0117jome \u012f muzikos \u0161vent\u0119. \u0160i \u0161vent\u0117 vyko gerokai pasikeitusiuose, i\u0161gra\u017e\u0117jusiuose, atgavusiuose istorin\u012f vaizd\u0105 Vilniaus&hellip; <\/p>\n","protected":false},"author":2,"featured_media":4551,"comment_status":"open","ping_status":"open","sticky":false,"template":"","format":"standard","meta":{"footnotes":""},"categories":[3],"tags":[],"_links":{"self":[{"href":"https:\/\/choras.lt\/index.php\/wp-json\/wp\/v2\/posts\/4542"}],"collection":[{"href":"https:\/\/choras.lt\/index.php\/wp-json\/wp\/v2\/posts"}],"about":[{"href":"https:\/\/choras.lt\/index.php\/wp-json\/wp\/v2\/types\/post"}],"author":[{"embeddable":true,"href":"https:\/\/choras.lt\/index.php\/wp-json\/wp\/v2\/users\/2"}],"replies":[{"embeddable":true,"href":"https:\/\/choras.lt\/index.php\/wp-json\/wp\/v2\/comments?post=4542"}],"version-history":[{"count":9,"href":"https:\/\/choras.lt\/index.php\/wp-json\/wp\/v2\/posts\/4542\/revisions"}],"predecessor-version":[{"id":4563,"href":"https:\/\/choras.lt\/index.php\/wp-json\/wp\/v2\/posts\/4542\/revisions\/4563"}],"wp:featuredmedia":[{"embeddable":true,"href":"https:\/\/choras.lt\/index.php\/wp-json\/wp\/v2\/media\/4551"}],"wp:attachment":[{"href":"https:\/\/choras.lt\/index.php\/wp-json\/wp\/v2\/media?parent=4542"}],"wp:term":[{"taxonomy":"category","embeddable":true,"href":"https:\/\/choras.lt\/index.php\/wp-json\/wp\/v2\/categories?post=4542"},{"taxonomy":"post_tag","embeddable":true,"href":"https:\/\/choras.lt\/index.php\/wp-json\/wp\/v2\/tags?post=4542"}],"curies":[{"name":"wp","href":"https:\/\/api.w.org\/{rel}","templated":true}]}}