{"id":4583,"date":"2023-12-08T16:15:47","date_gmt":"2023-12-08T16:15:47","guid":{"rendered":"https:\/\/choras.lt\/?p=4583"},"modified":"2023-12-08T17:39:49","modified_gmt":"2023-12-08T17:39:49","slug":"klasika-visiems-2023-camille-saint-saens-requiem","status":"publish","type":"post","link":"https:\/\/choras.lt\/index.php\/2023\/12\/08\/klasika-visiems-2023-camille-saint-saens-requiem\/","title":{"rendered":"&#8220;Klasika visiems&#8221; 2023. Camille Saint-Saens Requiem (video \u012fra\u0161as)"},"content":{"rendered":"\n<figure class=\"wp-block-embed is-type-video is-provider-youtube wp-block-embed-youtube wp-embed-aspect-16-9 wp-has-aspect-ratio\"><div class=\"wp-block-embed__wrapper\">\n<iframe loading=\"lazy\" title=\"\u201eKlasika visiems\u201c 2023 | Camille Saint-Sa\u00ebns \u201eRequiem\u201c\" width=\"1110\" height=\"624\" src=\"https:\/\/www.youtube.com\/embed\/DUuKkyKfHjw?feature=oembed\" frameborder=\"0\" allow=\"accelerometer; autoplay; clipboard-write; encrypted-media; gyroscope; picture-in-picture; web-share\" allowfullscreen><\/iframe>\n<\/div><\/figure>\n\n\n\n<p>2023 m. lapkri\u010dio 25 d. Vilniaus \u0160v. Jon\u0173 ba\u017eny\u010dioje nuskamb\u0117jo XI &#8220;Klasika visiems&#8221;. Keli\u0173 \u0161imt\u0173 daininink\u0173 choras (apie 200 VU chorist\u0173 ir apie 300 prisijungusi\u0173 Vilniaus, Lietuvos ir u\u017esienio \u0161ali\u0173 daininink\u0173) su solistais &#8211; sopranu Simona Liamo, mecosopranu Nora Petro\u010denko, tenoru Edgaru Davidovi\u010diumi ir baritonu Dainiumi Pui\u0161iu &#8211; bei VU kameriniu orkestru (vad. Modestas Jank\u016bnas) atliko Camille Saint-Saenso &#8220;Requiem&#8221;. Dirigavo Rasa Gelgotien\u0117. <\/p>\n","protected":false},"excerpt":{"rendered":"<p>2023 m. lapkri\u010dio 25 d. Vilniaus \u0160v. Jon\u0173 ba\u017eny\u010dioje nuskamb\u0117jo XI &#8220;Klasika visiems&#8221;. Keli\u0173 \u0161imt\u0173 daininink\u0173 choras (apie 200 VU chorist\u0173 ir apie 300 prisijungusi\u0173 Vilniaus, Lietuvos ir u\u017esienio \u0161ali\u0173&hellip; <\/p>\n","protected":false},"author":2,"featured_media":4512,"comment_status":"open","ping_status":"open","sticky":false,"template":"","format":"standard","meta":{"footnotes":""},"categories":[3],"tags":[],"_links":{"self":[{"href":"https:\/\/choras.lt\/index.php\/wp-json\/wp\/v2\/posts\/4583"}],"collection":[{"href":"https:\/\/choras.lt\/index.php\/wp-json\/wp\/v2\/posts"}],"about":[{"href":"https:\/\/choras.lt\/index.php\/wp-json\/wp\/v2\/types\/post"}],"author":[{"embeddable":true,"href":"https:\/\/choras.lt\/index.php\/wp-json\/wp\/v2\/users\/2"}],"replies":[{"embeddable":true,"href":"https:\/\/choras.lt\/index.php\/wp-json\/wp\/v2\/comments?post=4583"}],"version-history":[{"count":2,"href":"https:\/\/choras.lt\/index.php\/wp-json\/wp\/v2\/posts\/4583\/revisions"}],"predecessor-version":[{"id":4585,"href":"https:\/\/choras.lt\/index.php\/wp-json\/wp\/v2\/posts\/4583\/revisions\/4585"}],"wp:featuredmedia":[{"embeddable":true,"href":"https:\/\/choras.lt\/index.php\/wp-json\/wp\/v2\/media\/4512"}],"wp:attachment":[{"href":"https:\/\/choras.lt\/index.php\/wp-json\/wp\/v2\/media?parent=4583"}],"wp:term":[{"taxonomy":"category","embeddable":true,"href":"https:\/\/choras.lt\/index.php\/wp-json\/wp\/v2\/categories?post=4583"},{"taxonomy":"post_tag","embeddable":true,"href":"https:\/\/choras.lt\/index.php\/wp-json\/wp\/v2\/tags?post=4583"}],"curies":[{"name":"wp","href":"https:\/\/api.w.org\/{rel}","templated":true}]}}