{"id":4586,"date":"2023-12-13T20:19:39","date_gmt":"2023-12-13T20:19:39","guid":{"rendered":"https:\/\/choras.lt\/?p=4586"},"modified":"2023-12-13T20:19:43","modified_gmt":"2023-12-13T20:19:43","slug":"prasideda-dainu-sventes-zygis-per-lietuva-pirmasis-renginys-vyks-kretingoje","status":"publish","type":"post","link":"https:\/\/choras.lt\/index.php\/2023\/12\/13\/prasideda-dainu-sventes-zygis-per-lietuva-pirmasis-renginys-vyks-kretingoje\/","title":{"rendered":"Prasideda Dain\u0173 \u0161vent\u0117s \u017eygis per Lietuv\u0105 \u2013 pirmasis renginys vyks Kretingoje"},"content":{"rendered":"\n<p>Kitais metais \u0161imtmet\u012f min\u0117s vienas svarbiausi\u0173 m\u016bs\u0173 kult\u016bros rei\u0161kini\u0173 \u2013 Lietuvos dain\u0173 \u0161vent\u0117. \u0160alies kolektyvams intensyviai ruo\u0161iant \u012fsp\u016bding\u0173 jungtini\u0173 koncert\u0173 programas, \u0161vent\u0117s organizatoriai pradeda speciali\u0173 rengini\u0173 cikl\u0105, laukimo nuotaika u\u017ekr\u0117siant\u012f vis\u0105 Lietuv\u0105.<\/p>\n\n\n\n<p>Dain\u0173 \u0161vent\u0117s \u017eygio per Lietuv\u0105 renginiai nuo \u0161io gruod\u017eio iki kit\u0173 met\u0173 baland\u017eio aplankys vienuolika savivaldybi\u0173 \u2013 Kreting\u0105, Viev\u012f, Pasval\u012f, Marijampol\u0119, Lazdijus, Ma\u017eeikius, Jonav\u0105, Anyk\u0161\u010dius, Plung\u0119, Taurag\u0119 ir Nemen\u010din\u0119. \u0160iuose miestuose bursis ne tik vietos bendruomen\u0117s, bet ir aplinkiniai dain\u0173 \u0161ven\u010di\u0173 tradicijos puosel\u0117tojai. \u012etraukian\u010diais pasakojimais bus pristatomos kiekvienos \u017eygio vietov\u0117s dain\u0173 \u0161ven\u010di\u0173 tradicijos, koncertuos \u0161ventei besiruo\u0161iantys vietos kolektyvai, o renginius ves \u017einomi veidai.<\/p>\n\n\n\n<p>\u201eDain\u0173 \u0161vent\u0117 yra visos Lietuvos \u0161vent\u0117, tod\u0117l jos \u0161imtmet\u012f prad\u0117sime min\u0117ti regionuose, d\u0117kodami buvusiems ir esamiems \u0161ios didel\u0117s tradicijos skleid\u0117jams, \u2013 sako \u0161vent\u0117s organizatoriaus Lietuvos nacionalinio kult\u016bros centro direktorius Saulius Liausa. \u2013 2024 m. Lietuvos dain\u0173 \u0161ventei pasirinkome tem\u0105 \u201eKad giria \u017ealiuot\u0173\u201c ir jos programose kalb\u0117sime apie visas gyvyb\u0117s formas, apie tai, kaip svarbu i\u0161saugoti mums brangius kult\u016bros rei\u0161kinius, kuriais \u017eavisi visas pasaulis. Tam, kad dain\u0173 \u0161ven\u010di\u0173 tradicija b\u016bt\u0173 i\u0161saugota ir gyvybinga \u2013 esmingai svarbus visos Lietuvos \u012fsitraukimas. \u0160\u012f \u012fsitraukim\u0105 ir \u0161v\u0119sime \u017eygio renginiuose\u201c.<\/p>\n\n\n\n<p>Dain\u0173 \u0161vent\u0117s \u017eygis per Lietuv\u0105 kvies \u017emones ne tik dalyvauti renginiuose, bet ir veikti gamtos labui: \u0161ventei besiruo\u0161iantys kolektyvai gamins inkilus, kuriuos i\u0161kels at\u0117jus pavasariui. Prie inkil\u0173 k\u0117limo gal\u0117s prisid\u0117ti visi norintieji, kad juos supan\u010dios girios ne tik \u017ealiuot\u0173, bet ir \u010diulb\u0117t\u0173.<\/p>\n\n\n\n<p>Pirmasis Dain\u0173 \u0161vent\u0117s \u017eygio per Lietuv\u0105 renginys vyks gruod\u017eio 16 d. 16 val. Kretingos muziejaus \u017diemos sode. Nemokamame renginyje koncertuos chorai, folkloro ir \u0161oki\u0173 kolektyvai i\u0161 Klaip\u0117dos, Palangos, Garg\u017ed\u0173, Kretingos, Salant\u0173, Darb\u0117n\u0173, skamb\u0117s art\u0117jan\u010dios \u0161vent\u0117s k\u016briniai, bus apm\u0105stomos pagrindin\u0117s rengini\u0173 temos, o svarbiausia \u2013 \u012f Dain\u0173 \u0161vent\u0119 vasar\u0105 negal\u0117siantys atvykti \u017ei\u016brovai pajus ypating\u0105 \u0161vent\u0117s dvasi\u0105. Rengin\u012f ves aktor\u0117 Nijol\u0117 Narmontait\u0117.<\/p>\n\n\n\n<p>\u201eKretingos apylink\u0117se, Petrikai\u010di\u0173 kaime, 1905 m. saus\u012f buvo surengtas pirmasis lietuvi\u0161kas vie\u0161as vakaras. Jo metu skamb\u0117jo ne tik lietuvi\u0173 liaudies dainos, bet ir buvo su\u0161okta garsioji \u201eAguon\u0117l\u0117\u201c. \u0160is \u012fvykis \u017eymi tautinio sceninio \u0161okio kelio prad\u017ei\u0105 \u0161alyje. Tad labai simboli\u0161ka ir svaru, kad Dain\u0173 \u0161vent\u0117s \u017eygis per Lietuv\u0105 startuoja b\u016btent Kretingoje\u201c, \u2013 sak\u0117 Kretingos rajono kult\u016bros centro direktor\u0117 Kristina Rimien\u0117.<\/p>\n","protected":false},"excerpt":{"rendered":"<p>Kitais metais \u0161imtmet\u012f min\u0117s vienas svarbiausi\u0173 m\u016bs\u0173 kult\u016bros rei\u0161kini\u0173 \u2013 Lietuvos dain\u0173 \u0161vent\u0117. \u0160alies kolektyvams intensyviai ruo\u0161iant \u012fsp\u016bding\u0173 jungtini\u0173 koncert\u0173 programas, \u0161vent\u0117s organizatoriai pradeda speciali\u0173 rengini\u0173 cikl\u0105, laukimo nuotaika u\u017ekr\u0117siant\u012f&hellip; <\/p>\n","protected":false},"author":2,"featured_media":4588,"comment_status":"open","ping_status":"open","sticky":false,"template":"","format":"standard","meta":{"footnotes":""},"categories":[2],"tags":[],"_links":{"self":[{"href":"https:\/\/choras.lt\/index.php\/wp-json\/wp\/v2\/posts\/4586"}],"collection":[{"href":"https:\/\/choras.lt\/index.php\/wp-json\/wp\/v2\/posts"}],"about":[{"href":"https:\/\/choras.lt\/index.php\/wp-json\/wp\/v2\/types\/post"}],"author":[{"embeddable":true,"href":"https:\/\/choras.lt\/index.php\/wp-json\/wp\/v2\/users\/2"}],"replies":[{"embeddable":true,"href":"https:\/\/choras.lt\/index.php\/wp-json\/wp\/v2\/comments?post=4586"}],"version-history":[{"count":3,"href":"https:\/\/choras.lt\/index.php\/wp-json\/wp\/v2\/posts\/4586\/revisions"}],"predecessor-version":[{"id":4590,"href":"https:\/\/choras.lt\/index.php\/wp-json\/wp\/v2\/posts\/4586\/revisions\/4590"}],"wp:featuredmedia":[{"embeddable":true,"href":"https:\/\/choras.lt\/index.php\/wp-json\/wp\/v2\/media\/4588"}],"wp:attachment":[{"href":"https:\/\/choras.lt\/index.php\/wp-json\/wp\/v2\/media?parent=4586"}],"wp:term":[{"taxonomy":"category","embeddable":true,"href":"https:\/\/choras.lt\/index.php\/wp-json\/wp\/v2\/categories?post=4586"},{"taxonomy":"post_tag","embeddable":true,"href":"https:\/\/choras.lt\/index.php\/wp-json\/wp\/v2\/tags?post=4586"}],"curies":[{"name":"wp","href":"https:\/\/api.w.org\/{rel}","templated":true}]}}