{"id":4634,"date":"2023-12-21T20:53:43","date_gmt":"2023-12-21T20:53:43","guid":{"rendered":"https:\/\/choras.lt\/?p=4634"},"modified":"2023-12-21T20:53:46","modified_gmt":"2023-12-21T20:53:46","slug":"gabriele-bukine-debiutuoja-lnobt-traviatoje-kai-noras-didelis-imanoma-beveik-viskas","status":"publish","type":"post","link":"https:\/\/choras.lt\/index.php\/2023\/12\/21\/gabriele-bukine-debiutuoja-lnobt-traviatoje-kai-noras-didelis-imanoma-beveik-viskas\/","title":{"rendered":"Gabriel\u0117 Bukin\u0117 debiutuoja LNOBT \u201eTraviatoje\u201c: \u201eKai noras didelis \u2013 \u012fmanoma beveik viskas\u201c"},"content":{"rendered":"\n<p><strong>Renata Baltru\u0161aityt\u0117<\/strong><\/p>\n\n\n\n<p>\u0160\u012f gruod\u012f \u201eTraviatos\u201c spektakliuose Lietuvos nacionaliniame operos ir baleto teatre pirm\u0105 kart\u0105 dainuos operos solist\u0117 Gabriel\u0117 Bukin\u0117. Jaun\u0105j\u012f sopran\u0105 sostin\u0117s teatro \u017ei\u016brovai jau gal\u0117jo matyti \u201eSarsuelos\u201c spektakliuose ir vasar\u0105 rodytame muzikiniame koncerte \u201eDolce far niente\u201c. <\/p>\n\n\n\n<p>Su dainininke, neseniai \u012fveikusia pusantro \u0161imto konkurent\u0173 i\u0161 trisde\u0161imties pasaulio \u0161ali\u0173 ir laim\u0117jusia tarptautin\u012f Klaudios Taev jaun\u0173j\u0173 operos solist\u0173 konkurs\u0105 Estijoje, susitinkame vakariniam \u017ei\u016brov\u0173 antpl\u016bd\u017eiui besiruo\u0161ian\u010dioje LNOBT kavinuk\u0117je. Netrukus su\u017einosite, kod\u0117l jauki prieblanda \u0161iai kerin\u010diai scenos deivei labai patinka.<\/p>\n\n\n\n<p><strong>Gabriele, kuriame mieste \u0161iuo metu j\u016bs\u0173 namai?<\/strong><\/p>\n\n\n\n<p>Nuo studij\u0173 laik\u0173 kartu su vyru kuriame savo namus Kaune. Ten da\u017eniausiai ir dirbame: esu Kauno valstybinio muzikinio teatro solist\u0117, d\u0117stau Vytauto Did\u017eiojo universiteto Muzikos akademijoje. O Vilniuje esu LNOBT operos solist\u0117 sta\u017euotoja. M\u0117gstu vairuoti, tad kelion\u0117s i\u0161 Kauno \u012f Vilni\u0173 n\u0117ra problema. Didesniuose megapoliuose toks atstumas daugeliui gyventoj\u0173 b\u016bt\u0173 \u012fprasta kasdienyb\u0117.<\/p>\n\n\n\n<p><strong>Kas Jums svarbiausia namuose?<\/strong><\/p>\n\n\n\n<p>Namie svarbiausia ramyb\u0117. \u017dinoma, sud\u0117tinga kalb\u0117ti apie visi\u0161k\u0105 ramyb\u0119, kai namuose gyvena toiterjeras, lojantis kone i\u0161tis\u0105 par\u0105\u2026 Bet turime tradicij\u0105 namo sugr\u012f\u017e\u0119 \u012fjungti lengv\u0105, ne\u012fpareigojan\u010di\u0105 d\u017eiazo muzik\u0105, kokia da\u017enai skamba kavinuk\u0117se. Vakarais u\u017esidegam \u017evaki\u0173. M\u0117gstam b\u016bti prieblandoje \u2013 pagrindinio kambari\u0173 ap\u0161vietimo prakti\u0161kai nenaudojame, nes su juo i\u0161garuoja jaukumas. Pro\u017eektori\u0173 d\u0117mesio man pakanka ir scenoje. Ir dar man labai svarbu, kad visi \u2013 a\u0161, vyras ir \u0161uo \u2013 b\u016btume namuose. Jei nors vieno tr\u016bksta \u2013 jau nebesijau\u010diu taip gerai. Su vyru galim s\u0117d\u0117ti skirtinguose kambariuose ir u\u017esiimti savais darbais, bet labai svarbu jausti taik\u0173 vienas kito buvim\u0105.<\/p>\n\n\n\n<p><strong>Savo vyr\u0105 Donat\u0105 pa\u017e\u012fstate nuo paauglyst\u0117s\u2026<\/strong><\/p>\n\n\n\n<p>Taip, mes kartu jau trylika met\u0173. Susipa\u017einome mokydamiesi \u0160eduvos gimnazijoje ir lankydami joje veikiant\u012f moksleivi\u0173 vokalin\u012f ansambl\u012f \u201eD\u017eia-Da\u201c. Donatas vyresnis u\u017e mane, jis baig\u0117 mokykl\u0105 anks\u010diau ir prad\u0117jo tarnyb\u0105 Lietuvos kariuomen\u0117je. V\u0117liau a\u0161 atva\u017eiavau \u012f Kaun\u0105 studijuoti. Susituok\u0117me 2019-aisiais, kai gavau bakalauro diplom\u0105. Dabar vyras \u2013 tikras mano s\u0117km\u0117s talismanas: jis b\u016bna beveik visuose spektakliuose, kuriuose dainuoju. Nors susitinkame tik spektakliui pasibaigus, bet man ramiau \u017einant, kad jis ten, sal\u0117je, yra. Jis \u2013 tas ramyb\u0117s \u0161altinis, apie kur\u012f kiekviena moteris svajoja.<\/p>\n\n\n\n<p><strong>Esate gyvas pavyzdys, kad norint tapti operos soliste neb\u016btina nuo ma\u017eum\u0117s lankyti muzikos mokyklos\u2026<\/strong><\/p>\n\n\n\n<p>Taip, nes stodama \u012f VDU Muzikos akademij\u0105 jokio formalaus muzikinio i\u0161silavinimo netur\u0117jau. Nors visuomet savaranki\u0161kai dom\u0117jausi muzika, puikiai suvokiau did\u017eiul\u012f \u017eini\u0173 tr\u016bkum\u0105. Paprastai toki\u0173 kaip a\u0161 tiek Vilniuje, tiek Kaune laukia dveji papildomi parengiam\u0173j\u0173 studij\u0173 metai. Bet a\u0161 buvau u\u017esispyrusi \u2013 susiradau korepetitor\u0119 \u0160iauliuose, kuri sutiko per tris m\u0117nesius parengti mane egzaminams. Ji kantriai, negail\u0117dama laiko mok\u0117 mane visko nuo pat pagrind\u0173. Po kiekvieno susitikimo su mokytoja gaudavau kaln\u0105 nam\u0173 darb\u0173, prie kuri\u0173 s\u0117d\u0117davau per naktis. Rezultatas nustebino: muzikologijos egzamin\u0105 i\u0161laikiau devynetui ir gavau valstyb\u0117s finansuojam\u0105 studij\u0173 viet\u0105! Niekam neper\u0161u tokio kelio, bet \u012fsitikinau: kai noras didelis \u2013 \u012fmanoma beveik viskas.<\/p>\n\n\n\n<p><strong>O prie\u0161 tai tebuvo patirtis moksleivi\u0173 vokaliniame ansamblyje?<\/strong><\/p>\n\n\n\n<p>Taip, bet reikia pa\u017einoti to ansamblio vadov\u0119 Aurelij\u0105 Me\u0161kauskien\u0119! Ji niekada mums, mokiniams, negail\u0117davo savo laiko. Mane ji mok\u0117 ne tik dainuoti, bet ir groti pianinu, nes a\u0161 labai to nor\u0117jau. Kai tapau vyresn\u0117, dalyvaudavome \u012fvairiuose konkursuose.<\/p>\n\n\n\n<p><strong>Ar savo pianin\u0105 namuose tur\u0117jote?<\/strong><\/p>\n\n\n\n<p>Net ne pianin\u0105, o tikr\u0105 rojal\u012f! I\u0161 prad\u017ei\u0173 m\u0117ginau i\u0161 klausos groti t\u0117\u010dio dovanotu sintezatoriumi, bet labai nor\u0117jau tikro pianino. O mano t\u0117tis \u2013 maksimalistas: papra\u0161ius pianino, gavau rojal\u012f. Iki \u0161iol atsimenu, kaip karali\u0161kai jis buvo \u012fne\u0161tas \u012f m\u016bs\u0173 namus\u2026 Po pamok\u0173 sugr\u012f\u017eusi, nuo instrumento tiesiog neatsitraukdavau. T\u0117v\u0173 palaikymas man buvo begalinis, sunkiai \u012fsivaizduojamas. Tarkim, \u0161iandien a\u0161 pati tur\u0117\u010diau dukr\u0105, kuri nei i\u0161 \u0161io, nei i\u0161 to, jokios muzikos mokyklos nelankydama, namo par\u0117jusi pareik\u0161t\u0173: \u201eMama, a\u0161 b\u016bsiu operos solist\u0117\u201c. Turb\u016bt jai atsaky\u010diau: \u201eDukra, dar pagalvok, ar pavyks i\u0161 to duon\u0105 valgyti\u2026\u201c O mano t\u0117vai n\u0117 sekund\u0117s manimi neabejojo. Nei\u0161girdau netgi \u017eod\u017eio \u201epagalvok\u201c, tik: \u201eGerai, pirmyn\u201c. Kai prane\u0161iau, kad man reik\u0117s korepetitor\u0117s: \u201eGerai, va\u017eiuok\u201c.<\/p>\n\n\n\n<p><strong>Ar nebuvo pagund\u0173 u\u017esiimti populiaresne \u0161iuolaikine muzika?<\/strong><\/p>\n\n\n\n<p>Klausytis jos galiu, bet visada jutau, kad mano balsas nesutvertas nei pop, nei jazz, nei rock muzikai. Jis i\u0161 prigimties tur\u0117jo klasikinio skambesio u\u017euomin\u0173, tod\u0117l net nesvars\u010diau kit\u0173 galimybi\u0173.<\/p>\n\n\n\n<p><strong>Kaip nutiko, kad vos baigusi magistro studijas pati prad\u0117jote d\u0117styti VDU Muzikos akademijoje?<\/strong><\/p>\n\n\n\n<p>Tiesiog gavau pasi\u016blym\u0105 tapti d\u0117stytoja. Da\u017enai tenka diskutuoti su kolegomis tema, ar tokiems jauniems ir palyginti nedaug scenos patirties turintiems \u017emon\u0117ms, kaip a\u0161, apskritai verta imtis d\u0117stymo. Bet tuo abejojantieji nesupranta, kad d\u0117stydamas be galo daug i\u0161moksti pats. Anks\u010diau galvodavau, kad mokytojai vien i\u0161 mandagumo kartoja sparnuot\u0105 fraz\u0119, neva jie mokosi i\u0161 savo mokini\u0173\u2026<\/p>\n\n\n\n<p><strong>Ar Violeta \u201eTraviatoje\u201c Jums buvo svajoni\u0173 partija<\/strong>?<\/p>\n\n\n\n<p>Ji buvo svarbi \u2013 juk studijavau magistrant\u016broje tuo metu, kai buvo minimas Lietuvos operos \u0161imtmetis. Ties\u0105 sakant, jau pirmaisiais studij\u0173 metais, kai profesor\u0117 Sabina Martinaityt\u0117 tik prad\u0117jo profesionaliai \u201e\u010diupin\u0117ti\u201c mano bals\u0105, i\u0161girdau, kad ateityje man puikiai tikt\u0173 Violetos partija. Bet vien \u012f tai nesikoncentravau \u2013 studijuodama kiek \u012fmanoma ,,g\u0117riau&#8221; visas vokalo pamokas tiek Kaune, tiek sta\u017euot\u0117je Var\u0161uvos Did\u017eiajame teatre, tiek \u012fvairiuose meistri\u0161kumo kursuose u\u017esienyje. Ir i\u0161sipild\u0117 prana\u0161ingi profesor\u0117s \u017eod\u017eiai: b\u016bdama magistrant\u0117, sulaukiau kvietimo imtis Violetos vaidmens Kauno valstybinio muzikinio teatro statomoje \u201eTraviatoje\u201c. U\u017e \u0161\u012f vaidmen\u012f v\u0117liau buvau nominuota ,,Auksiniam scenos kry\u017eiui&#8221;.<\/p>\n\n\n\n<p><strong>Kurios daininink\u0117s Violeta ruo\u0161iantis lyd\u0117jo kaip kelrod\u0117 \u017evaig\u017ed\u0117?<\/strong><\/p>\n\n\n\n<p>Pirmiausia i\u0161kyla atmintin pasaulin\u0119 karjer\u0105 padariusios latv\u0117s Marinos Rebekos atliekama Violeta. I\u0161klausiusi jos \u012fra\u0161us, buvau su\u017eav\u0117ta, kaip \u017emogus geba derinti emocijas ir dainavimo technik\u0105. Ji kiekvienoje operos natoje puikiai \u017eino, k\u0105 daro. Dainuoja labai protingai.<\/p>\n\n\n\n<p><strong>Gabriel\u0119 Bukin\u0119 LNOBT \u201eTraviatoje\u201c gird\u0117sime gruod\u017eio 22 ir 28 dienomis.<\/strong> Kituose \u0161i\u0173 met\u0173 pabaigos \u201eTraviatos\u201c spektakliuose Violet\u0105 dainuos Viktorija Mi\u0161k\u016bnait\u0117 ir Katerina Estrada Tretyakova. Alfredo partij\u0105 atliks Karolis Ka\u0161iuba, Edmundas Seilius ir ital\u0173 tenoras Matteo Lippi, \u017dor\u017eo \u017dermono \u2013 Vytautas Juozapaitis, Ar\u016bnas Malik\u0117nas ir Kostas Smoriginas.<\/p>\n\n\n\n<p>Ypatinga atlik\u0117j\u0173 sud\u0117tis, kaip visuomet, \u017ei\u016brov\u0173 lauks paskutiniajame met\u0173 spektaklyje: gruod\u017eio 31-osios vakar\u0105 Violetos partij\u0105 LNOBT atliks vie\u0161nia i\u0161 JAV Corinne Winters, Alfredo \u2013 Edgaras Montvidas.<\/p>\n\n\n\n<p class=\"has-text-align-center\"><strong>Martyno Aleksos nuotr.<\/strong><\/p>\n","protected":false},"excerpt":{"rendered":"<p>Renata Baltru\u0161aityt\u0117 \u0160\u012f gruod\u012f \u201eTraviatos\u201c spektakliuose Lietuvos nacionaliniame operos ir baleto teatre pirm\u0105 kart\u0105 dainuos operos solist\u0117 Gabriel\u0117 Bukin\u0117. Jaun\u0105j\u012f sopran\u0105 sostin\u0117s teatro \u017ei\u016brovai jau gal\u0117jo matyti \u201eSarsuelos\u201c spektakliuose ir&hellip; <\/p>\n","protected":false},"author":2,"featured_media":4636,"comment_status":"open","ping_status":"open","sticky":false,"template":"","format":"standard","meta":{"footnotes":""},"categories":[5],"tags":[],"_links":{"self":[{"href":"https:\/\/choras.lt\/index.php\/wp-json\/wp\/v2\/posts\/4634"}],"collection":[{"href":"https:\/\/choras.lt\/index.php\/wp-json\/wp\/v2\/posts"}],"about":[{"href":"https:\/\/choras.lt\/index.php\/wp-json\/wp\/v2\/types\/post"}],"author":[{"embeddable":true,"href":"https:\/\/choras.lt\/index.php\/wp-json\/wp\/v2\/users\/2"}],"replies":[{"embeddable":true,"href":"https:\/\/choras.lt\/index.php\/wp-json\/wp\/v2\/comments?post=4634"}],"version-history":[{"count":4,"href":"https:\/\/choras.lt\/index.php\/wp-json\/wp\/v2\/posts\/4634\/revisions"}],"predecessor-version":[{"id":4639,"href":"https:\/\/choras.lt\/index.php\/wp-json\/wp\/v2\/posts\/4634\/revisions\/4639"}],"wp:featuredmedia":[{"embeddable":true,"href":"https:\/\/choras.lt\/index.php\/wp-json\/wp\/v2\/media\/4636"}],"wp:attachment":[{"href":"https:\/\/choras.lt\/index.php\/wp-json\/wp\/v2\/media?parent=4634"}],"wp:term":[{"taxonomy":"category","embeddable":true,"href":"https:\/\/choras.lt\/index.php\/wp-json\/wp\/v2\/categories?post=4634"},{"taxonomy":"post_tag","embeddable":true,"href":"https:\/\/choras.lt\/index.php\/wp-json\/wp\/v2\/tags?post=4634"}],"curies":[{"name":"wp","href":"https:\/\/api.w.org\/{rel}","templated":true}]}}