{"id":4645,"date":"2023-12-24T16:10:32","date_gmt":"2023-12-24T16:10:32","guid":{"rendered":"https:\/\/choras.lt\/?p=4645"},"modified":"2023-12-25T11:52:36","modified_gmt":"2023-12-25T11:52:36","slug":"kucioms","status":"publish","type":"post","link":"https:\/\/choras.lt\/index.php\/2023\/12\/24\/kucioms\/","title":{"rendered":"SU \u0160V. KAL\u0116DOM!"},"content":{"rendered":"\n<p><strong>ALFREDAS NAKTINIS<\/strong>, ilgametis Vilniaus reformat\u0173 ba\u017enytinio choro &#8220;Giesm\u0117&#8221; tenoras<\/p>\n\n\n\n<p class=\"has-text-align-center\"><strong>KAL\u0116D\u0172 \u017dVAIG\u017dD\u0116<\/strong><\/p>\n\n\n\n<p><strong>\u017dvaig\u017ed\u0117 i\u0161 m\u0117lyno dangaus kaip saul\u0117 ry\u0161kiai \u0161vie\u010dia.<br>Gimimas Vie\u0161paties S\u016bnaus tik\u0117ti \u017emones kvie\u010dia.<br>Teatsivers pla\u010diai \u0161irdis \u2013 tik\u0117jimas teauga.<br>Apvaizdos mylinti akis kiekvien\u0105 \u017emog\u0173 saugo.<\/strong><\/p>\n\n\n\n<p class=\"has-text-align-center\"><strong>I\u0161 nuod\u0117mi\u0173 Jis i\u0161vaduos, suteiks tvirtyb\u0119 dvasiai.<br>Ramyb\u0117 \u0161irdyse gyvuos, su Juo keliausim dr\u0105siai.<br>Teisyb\u0117s ir doros versm\u0117 tespindi tartum saul\u0117.<br>Skamb\u0117s tyra, \u0161venta giesm\u0117 \u2013 taika tegaubs pasaul\u012f.<\/strong><\/p>\n\n\n\n<p><\/p>\n\n\n\n<p class=\"has-text-align-center\"><strong>*******<\/strong><\/p>\n\n\n\n<p class=\"has-text-align-center\"><strong>K\u016a\u010cIOS<\/strong><\/p>\n\n\n\n<p><strong>Linksmai m\u0117nulis \u017eaid\u017eia vir\u0161 blizgan\u010di\u0173 stog\u0173,<br>Namai jaukum\u0105 skleid\u017eia nemiegan\u010di\u0173 lang<\/strong>\u0173.<\/p>\n\n\n\n<p class=\"has-text-align-center\"><strong>Malda prie K\u016b\u010di\u0173 stalo apgaubia gerumu.<br>Mes d\u017eiaugiam\u0117s, o J\u0117zau, Tavuoju gimimu.<\/strong><\/p>\n\n\n\n<p><strong>U\u017e g\u0117r\u012f ir palaim\u0105 visi d\u0117kojam Tau,<br>Taikos kar\u0161tai maldaujam atsi\u0173sti i\u0161 Dangau<\/strong>s.<\/p>\n\n\n\n<p class=\"has-text-align-center\"><strong>Pakelkim \u012f Auk\u0161tybes visi savas akis,<br>Tik\u0117jimu ir meile mums \u0161irdys tenu\u0161vis.<\/strong><\/p>\n","protected":false},"excerpt":{"rendered":"<p>ALFREDAS NAKTINIS, ilgametis Vilniaus reformat\u0173 ba\u017enytinio choro &#8220;Giesm\u0117&#8221; tenoras KAL\u0116D\u0172 \u017dVAIG\u017dD\u0116 \u017dvaig\u017ed\u0117 i\u0161 m\u0117lyno dangaus kaip saul\u0117 ry\u0161kiai \u0161vie\u010dia.Gimimas Vie\u0161paties S\u016bnaus tik\u0117ti \u017emones kvie\u010dia.Teatsivers pla\u010diai \u0161irdis \u2013 tik\u0117jimas teauga.Apvaizdos mylinti&hellip; <\/p>\n","protected":false},"author":2,"featured_media":4647,"comment_status":"open","ping_status":"open","sticky":false,"template":"","format":"standard","meta":{"footnotes":""},"categories":[5],"tags":[],"_links":{"self":[{"href":"https:\/\/choras.lt\/index.php\/wp-json\/wp\/v2\/posts\/4645"}],"collection":[{"href":"https:\/\/choras.lt\/index.php\/wp-json\/wp\/v2\/posts"}],"about":[{"href":"https:\/\/choras.lt\/index.php\/wp-json\/wp\/v2\/types\/post"}],"author":[{"embeddable":true,"href":"https:\/\/choras.lt\/index.php\/wp-json\/wp\/v2\/users\/2"}],"replies":[{"embeddable":true,"href":"https:\/\/choras.lt\/index.php\/wp-json\/wp\/v2\/comments?post=4645"}],"version-history":[{"count":11,"href":"https:\/\/choras.lt\/index.php\/wp-json\/wp\/v2\/posts\/4645\/revisions"}],"predecessor-version":[{"id":4659,"href":"https:\/\/choras.lt\/index.php\/wp-json\/wp\/v2\/posts\/4645\/revisions\/4659"}],"wp:featuredmedia":[{"embeddable":true,"href":"https:\/\/choras.lt\/index.php\/wp-json\/wp\/v2\/media\/4647"}],"wp:attachment":[{"href":"https:\/\/choras.lt\/index.php\/wp-json\/wp\/v2\/media?parent=4645"}],"wp:term":[{"taxonomy":"category","embeddable":true,"href":"https:\/\/choras.lt\/index.php\/wp-json\/wp\/v2\/categories?post=4645"},{"taxonomy":"post_tag","embeddable":true,"href":"https:\/\/choras.lt\/index.php\/wp-json\/wp\/v2\/tags?post=4645"}],"curies":[{"name":"wp","href":"https:\/\/api.w.org\/{rel}","templated":true}]}}