{"id":4783,"date":"2024-01-17T12:47:05","date_gmt":"2024-01-17T12:47:05","guid":{"rendered":"https:\/\/choras.lt\/?p=4783"},"modified":"2024-01-19T07:43:21","modified_gmt":"2024-01-19T07:43:21","slug":"siauliai-ketina-siekti-lietuvos-kulturos-sostines-titulo","status":"publish","type":"post","link":"https:\/\/choras.lt\/index.php\/2024\/01\/17\/siauliai-ketina-siekti-lietuvos-kulturos-sostines-titulo\/","title":{"rendered":"\u0160iauliai ketina siekti Lietuvos kult\u016bros sostin\u0117s titulo"},"content":{"rendered":"\n<p>2024 m. sausio 16 d. \u0160iauli\u0173 kult\u016bros centre vyko renginys \u201e\u0160iauliai \u2013 kult\u016bros sostin\u0117 \u2013 misija \u012fmanoma\u201c. Susitikimu buvo siekiama bendram tikslui suburti \u0160iauli\u0173 kult\u016bros organizacijas, verslo ir \u0161vietimo atstovus, padiskutuoti, kod\u0117l \u0160iauliai tur\u0117t\u0173 tapti Lietuvos kult\u016bros sostine 2026 ir aptarti svarbiausius \u0160iauli\u0173 kult\u016brinio gyvenimo aspektus i\u0161 vidaus ir i\u0161or\u0117s perspektyv\u0173. Antrojoje renginio dalyje susirink\u0119 dalyviai buvo pakviesti \u012f diskusij\u0105 pasidalyti id\u0117jomis, kokius \u0160iaulius \u012fsivaizduoja 2026 metais.<br><br>Lietuvos kult\u016bros sostin\u0117 \u2013 tai projektas, kurio tikslas yra skatinti Lietuvos miest\u0173 ir miesteli\u0173 gyventoj\u0173 kult\u016brin\u012f aktyvum\u0105, pl\u0117toti kult\u016br\u0105 ir men\u0105 regionuose. \u0160iauli\u0173 kult\u016bros bendruomen\u0117 \u0161io titulo planuoja siekti 2026-iesiems metams. Tikslui pasiekti jau \u012fgyvendinta daug darb\u0173, kurie buvo pristatyti \u0160iauli\u0173 kult\u016bros centre vykusiame renginyje \u201e\u0160iauliai \u2013 kult\u016bros sostin\u0117 \u2013 misija \u012fmanoma\u201c: jau \u012fvyko konsultacijos su kitomis kult\u016bros sostin\u0117mis, \u012fvair\u016bs susitikimai, atliktas i\u0161orinis kult\u016brinio gyvenimo \u0160iauliuose tyrimas, vyko daug diskusij\u0173 apie temos pasirinkim\u0105, atlikta esam\u0173 rengini\u0173 analiz\u0117 ir apsvarstytos ateities rengini\u0173 perspektyvos.<\/p>\n\n\n\n<p>Prane\u0161\u0117jos Simona Savickait\u0117 ir Aist\u0117 Pauk\u0161t\u0117, \u201eKaunas \u2013 Europos kult\u016bros sostin\u0117 2022\u201c programos kurator\u0117s pabr\u0117\u017e\u0117, kad \u0160iauliai \u2013 miestas su giliomis tradicij\u0173 \u0161aknimis, tai Saul\u0117s miestas, tod\u0117l ne atsitiktinai susitikim\u0173 metu i\u0161ry\u0161k\u0117jo ir Saul\u0117s tema, kuri artima ne tik kult\u016bros bendruomenei, bet ir visiems \u0161iaulie\u010diams. Europos kult\u016bros sostini\u0173 atrankos ir steb\u0117senos komisijos nar\u0117 Goda Giedraityt\u0117 renginio metu pateik\u0117 \u012fkvepian\u010di\u0173 istorij\u0173 apie jau buvusias Europos ir Lietuvos kult\u016bros sostines, ta\u010diau pabr\u0117\u017e\u0117, kad nereik\u0117t\u0173 bijoti ir savo silpn\u0173j\u0173 pusi\u0173 \u2013 jas visada galima paversti stiprybe.<\/p>\n\n\n\n<p>Antroje dalyje susirink\u0119 renginio dalyviai buvo pakviesti \u012f diskusij\u0105. Dirbdami grup\u0117se jie kar\u0161tai diskutavo, kaip pritraukti k\u016brybi\u0161kus \u017emones, kurti inovatyvius projektus ir \u012fvairiausias kult\u016brines iniciatyvas, kaip vert\u0117t\u0173 sustiprinti ne tik \u0160iauli\u0173, bet ir visos \u0161alies kult\u016brin\u012f vaidmen\u012f ir sukurti palanki\u0105 aplink\u0105 kult\u016bros pl\u0117trai ir bendradarbiavimui. Tikimasi, kad svajon\u0117 tapti Lietuvos kult\u016bros sostine yra ne tik \u0160iauli\u0173 miesto, bet ir kiekvieno \u0161iaulie\u010dio, nes tik visi kartu mes galime puosel\u0117ti ir kurti kult\u016brin\u012f gyvenim\u0105, kuris atmintyje i\u0161liks ilgai.<\/p>\n\n\n\n<p class=\"has-text-align-center\"><strong>Liubov Yarmoshenko nuotr.<\/strong><\/p>\n","protected":false},"excerpt":{"rendered":"<p>2024 m. sausio 16 d. \u0160iauli\u0173 kult\u016bros centre vyko renginys \u201e\u0160iauliai \u2013 kult\u016bros sostin\u0117 \u2013 misija \u012fmanoma\u201c. Susitikimu buvo siekiama bendram tikslui suburti \u0160iauli\u0173 kult\u016bros organizacijas, verslo ir \u0161vietimo atstovus,&hellip; <\/p>\n","protected":false},"author":2,"featured_media":4786,"comment_status":"open","ping_status":"open","sticky":false,"template":"","format":"standard","meta":{"footnotes":""},"categories":[5],"tags":[],"_links":{"self":[{"href":"https:\/\/choras.lt\/index.php\/wp-json\/wp\/v2\/posts\/4783"}],"collection":[{"href":"https:\/\/choras.lt\/index.php\/wp-json\/wp\/v2\/posts"}],"about":[{"href":"https:\/\/choras.lt\/index.php\/wp-json\/wp\/v2\/types\/post"}],"author":[{"embeddable":true,"href":"https:\/\/choras.lt\/index.php\/wp-json\/wp\/v2\/users\/2"}],"replies":[{"embeddable":true,"href":"https:\/\/choras.lt\/index.php\/wp-json\/wp\/v2\/comments?post=4783"}],"version-history":[{"count":7,"href":"https:\/\/choras.lt\/index.php\/wp-json\/wp\/v2\/posts\/4783\/revisions"}],"predecessor-version":[{"id":4798,"href":"https:\/\/choras.lt\/index.php\/wp-json\/wp\/v2\/posts\/4783\/revisions\/4798"}],"wp:featuredmedia":[{"embeddable":true,"href":"https:\/\/choras.lt\/index.php\/wp-json\/wp\/v2\/media\/4786"}],"wp:attachment":[{"href":"https:\/\/choras.lt\/index.php\/wp-json\/wp\/v2\/media?parent=4783"}],"wp:term":[{"taxonomy":"category","embeddable":true,"href":"https:\/\/choras.lt\/index.php\/wp-json\/wp\/v2\/categories?post=4783"},{"taxonomy":"post_tag","embeddable":true,"href":"https:\/\/choras.lt\/index.php\/wp-json\/wp\/v2\/tags?post=4783"}],"curies":[{"name":"wp","href":"https:\/\/api.w.org\/{rel}","templated":true}]}}