{"id":4795,"date":"2024-01-19T07:40:17","date_gmt":"2024-01-19T07:40:17","guid":{"rendered":"https:\/\/choras.lt\/?p=4795"},"modified":"2024-01-22T09:32:38","modified_gmt":"2024-01-22T09:32:38","slug":"kamerinio-choro-biciuliai-gimtadienio-koncerte-skambes-kolegu-ir-draugu-muzikiniai-sveikinimai","status":"publish","type":"post","link":"https:\/\/choras.lt\/index.php\/2024\/01\/19\/kamerinio-choro-biciuliai-gimtadienio-koncerte-skambes-kolegu-ir-draugu-muzikiniai-sveikinimai\/","title":{"rendered":"At\u0161v\u0119stas choro &#8220;Bi\u010diuliai&#8221; k\u016brybin\u0117s veiklos 35-metis"},"content":{"rendered":"\n<p>Sekmadien\u012f \u0160iauli\u0173 kult\u016bros centro kamerinis choras \u201eBi\u010diuliai\u201c (meno vad. Rita Daukantait\u0117) at\u0161vent\u0117 k\u016brybin\u0117s veiklos 35-met\u012f. Koncerte subtilumu ir jausmingumu alsuojan\u010dios dainos kiekvien\u0105 \u017ei\u016brov\u0105 apdovanojo puok\u0161te prisiminim\u0173. \u0160ventiniame renginyje \u201eSusibi\u010diuliav\u0119 dainoje\u201c kolektyvui gra\u017eius \u017eod\u017eius tar\u0117 ir prisiminimais apie ry\u0161\u012f su choru dalijosi b\u016brys bendramin\u010di\u0173, kamerinio choro prezident\u0117 Izolina Rimkien\u0117 ir buvusi meno vadov\u0117 Ilmera Abromavi\u010dien\u0117.<\/p>\n\n\n\n<p>Jubiliejaus proga sveikino ir \u0160iauli\u0173 kult\u016bros centro direktor\u0117 Deimant\u0117 Ba\u010diul\u0117 \u201eLietuvos kult\u016broje daina u\u017eima reik\u0161ming\u0105 viet\u0105. Ji visada jaudina, guod\u017eia ir gydo. Lai \u201eBi\u010diuli\u0173\u201c dovanojamos dainos b\u016bna tapatyb\u0119 stiprinan\u010dios, pl\u0117tojan\u010dios kult\u016brin\u0119 savast\u012f ir skleid\u017eian\u010dios bi\u010diulyst\u0119. Kamerinio choro \u201eBi\u010diuliai\u201c k\u016brybin\u0117s veiklos 35-me\u010dio proga linkiu i\u0161likti k\u016brybi\u0161kiems, susitelkusiems ir energingiems. Lai \u201eBi\u010diuli\u0173\u201c savitas stilius ir individualumas garsina \u0160iauli\u0173 kult\u016bros centr\u0105 Lietuvoje bei u\u017e jos rib\u0173\u201c, \u2013 kalb\u0117jo D. Ba\u010diul\u0117.<\/p>\n\n\n\n<p>35-me\u010dio koncerte \u201eSusibi\u010diuliav\u0119 dainoje\u201c dainomis \u0160iauli\u0173 kult\u016bros centro kamerin\u012f chor\u0105 \u201eBi\u010diuliai\u201c  sveikino \u0160iauli\u0173 kult\u016bros centro kamerinis choras \u201eVasara\u201c (meno vad. Kornelijus Luot\u0117, koncertmeist. Rita Ragauskait\u0117), \u0160iauli\u0173 kult\u016bros centro kamerinis choras \u201eAt\u017ealynas\u201c (meno vad. Mindaugas \u017dalalis, koncertmeist. Andrius Bartulis) ir \u0160iauli\u0173 rajono savivaldyb\u0117s kult\u016bros centro mi\u0161rus choras \u201eVentus\u201c (vad. Hana Mockien\u0117).<\/p>\n\n\n\n<p>Renginyje \u0160iauli\u0173 kult\u016bros centro kamerinis choras \u201eBi\u010diuliai\u201c (meno vad. Rita Daukantait\u0117, koncertmeist. J\u016brat\u0117 Deveikyt\u0117) susirinkusiesiems kamerin\u0117s muzikos gerb\u0117jams dovanojo ne tik gra\u017eiausius savo k\u016brinius, bet ir vidin\u0117s palaimos akimirkas. \u0160ventin\u012f koncert\u0105 u\u017ebaig\u0117 dvi jungtin\u0117s chorist\u0173 atliekamos dainos \u201eKur giria \u017ealiuoja\u201c ir \u201eM\u016bs\u0173 dienos kaip \u0161vent\u0117\u201c.<\/p>\n\n\n\n<p>Rengin\u012f ved\u0117 ir i\u0161kalbos men\u0105 apie muzik\u0105 ir choristus demonstravo Lietuvos teatro ir kino aktorius Vladas Baranauskas.<\/p>\n","protected":false},"excerpt":{"rendered":"<p>Sekmadien\u012f \u0160iauli\u0173 kult\u016bros centro kamerinis choras \u201eBi\u010diuliai\u201c (meno vad. Rita Daukantait\u0117) at\u0161vent\u0117 k\u016brybin\u0117s veiklos 35-met\u012f. Koncerte subtilumu ir jausmingumu alsuojan\u010dios dainos kiekvien\u0105 \u017ei\u016brov\u0105 apdovanojo puok\u0161te prisiminim\u0173. \u0160ventiniame renginyje \u201eSusibi\u010diuliav\u0119 dainoje\u201c&hellip; <\/p>\n","protected":false},"author":2,"featured_media":4801,"comment_status":"open","ping_status":"open","sticky":false,"template":"","format":"standard","meta":{"footnotes":""},"categories":[3],"tags":[],"_links":{"self":[{"href":"https:\/\/choras.lt\/index.php\/wp-json\/wp\/v2\/posts\/4795"}],"collection":[{"href":"https:\/\/choras.lt\/index.php\/wp-json\/wp\/v2\/posts"}],"about":[{"href":"https:\/\/choras.lt\/index.php\/wp-json\/wp\/v2\/types\/post"}],"author":[{"embeddable":true,"href":"https:\/\/choras.lt\/index.php\/wp-json\/wp\/v2\/users\/2"}],"replies":[{"embeddable":true,"href":"https:\/\/choras.lt\/index.php\/wp-json\/wp\/v2\/comments?post=4795"}],"version-history":[{"count":6,"href":"https:\/\/choras.lt\/index.php\/wp-json\/wp\/v2\/posts\/4795\/revisions"}],"predecessor-version":[{"id":4807,"href":"https:\/\/choras.lt\/index.php\/wp-json\/wp\/v2\/posts\/4795\/revisions\/4807"}],"wp:featuredmedia":[{"embeddable":true,"href":"https:\/\/choras.lt\/index.php\/wp-json\/wp\/v2\/media\/4801"}],"wp:attachment":[{"href":"https:\/\/choras.lt\/index.php\/wp-json\/wp\/v2\/media?parent=4795"}],"wp:term":[{"taxonomy":"category","embeddable":true,"href":"https:\/\/choras.lt\/index.php\/wp-json\/wp\/v2\/categories?post=4795"},{"taxonomy":"post_tag","embeddable":true,"href":"https:\/\/choras.lt\/index.php\/wp-json\/wp\/v2\/tags?post=4795"}],"curies":[{"name":"wp","href":"https:\/\/api.w.org\/{rel}","templated":true}]}}