{"id":4887,"date":"2024-02-12T16:01:58","date_gmt":"2024-02-12T16:01:58","guid":{"rendered":"https:\/\/choras.lt\/?p=4887"},"modified":"2024-02-20T09:48:26","modified_gmt":"2024-02-20T09:48:26","slug":"vasario-16-aja-misias-uz-lietuva-aukos-antras-po-popieziaus-vatikano-pareigunas-giedos-vaidilutes","status":"publish","type":"post","link":"https:\/\/choras.lt\/index.php\/2024\/02\/12\/vasario-16-aja-misias-uz-lietuva-aukos-antras-po-popieziaus-vatikano-pareigunas-giedos-vaidilutes\/","title":{"rendered":"Vasario 16-\u0105j\u0105 Romoje \u2013 i\u0161skirtin\u0117s \u0160v. mi\u0161ios ir Dain\u0173 \u0161vent\u0117s giesm\u0117s"},"content":{"rendered":"\n<p>Dviej\u0173 Romoje \u012fsik\u016brusi\u0173 diplomatini\u0173 atstovybi\u0173 \u2013 Lietuvos Respublikos ambasados Italijoje ir Lietuvos Respublikos ambasados prie \u0160ventojo Sosto ir Maltos ordinui \u2013 organizuojamas Vasario 16-osios renginys buvo skirtas ne tik \u0161v\u0119sti Lietuvos valstyb\u0117s atk\u016brimo dien\u0105, pamin\u0117ti diplomat\u0173 Lozorai\u010di\u0173 metus, pasimelsti u\u017e Lietuv\u0105, bet ir pristatyti \u0161imtamet\u0119 Dain\u0173 \u0161ven\u010di\u0173 tradicij\u0105, su kuria klausytojus supa\u017eindino i\u0161 Lietuvos atvyk\u0119s jungtinis choras, sub\u016br\u0119s i\u0161 vir\u0161 \u0161imto chorist\u0173.<\/p>\n\n\n\n<p>\u0160v. Mi\u0161ias u\u017e Lietuvos laisv\u0119 gynusius, u\u017e m\u016bs\u0173 \u0161alies ateit\u012f, o taip pat ir dabart\u012f gr\u0117sm\u0117s akivaizdoje aukojo antrasis pagal rang\u0105 po popie\u017eiaus Pranci\u0161kaus Vatikano pareig\u016bnas \u2013 valstyb\u0117s sekretorius, kardinolas Pietro Parolin. \u201eBuvo labai d\u017eiugu, kad jis sutiko \u2013 \u012fsivaizduojant jo dienotvark\u0119 ir rang\u0105 nelabai tik\u0117jausi, bet buvo labai smagu, kad visgi pri\u0117m\u0117 m\u016bs\u0173 kvietim\u0105\u201c, \u2013 sak\u0117 ambasador\u0117 prie \u0160ventojo Sosto doc. dr. Sigita Maslauskait\u0117-Ma\u017eylien\u0117.<\/p>\n\n\n\n<p>Rengin\u012f \u0160ven\u010diausiojo J\u0117zaus Vardo ba\u017eny\u010dioje vainikavo koncertas, kuriame i\u0161 skirting\u0173 Lietuvos miest\u0173 atvyk\u0119 ir \u012f jungtin\u012f chor\u0105 susivienij\u0119 5 kolektyvai pristat\u0117 art\u0117jan\u010dios \u0160imtme\u010dio dain\u0173 \u0161vent\u0117s program\u0105. \u201eVasario 16-osios i\u0161kilm\u0117s \u2013 puiki proga pristatyti m\u016bs\u0173 unikali\u0105 Dain\u0173 \u0161ven\u010di\u0173 tradicij\u0105, kuri yra \u012ftraukta \u012f Unesco paveldo s\u0105ra\u0161us, kad apie j\u0105 su\u017einot\u0173 kuo daugiau \u017emoni\u0173 u\u017e Lietuvos rib\u0173\u201c, \u2013 sak\u0117 jungtinio choro id\u0117jos iniciator\u0117 Rasa Gelgotien\u0117.<\/p>\n\n\n\n<p>Pirmoji Lietuvos Dain\u0173 \u0161vent\u0117 buvo surengta 1924 m. Kaune, tod\u0117l 2024 m. liepos 6-\u0105j\u0105 Vilniuje vyksianti Nacionalin\u0117 dain\u0173 ir \u0161oki\u0173 \u0161vent\u0117 vadinama \u0160imtme\u010dio \u0161vente. Dain\u0173 ir \u0161oki\u0173 \u0161ven\u010di\u0173 tradicija yra tautinio kult\u016brinio identiteto i\u0161rai\u0161ka, besiremianti masiniu meno kolektyv\u0173 jud\u0117jimu. Per \u0161imtmet\u012f \u0161ios \u0161vent\u0117s \u012fgijo tarptautin\u012f pripa\u017einim\u0105 kaip unikalus kult\u016brinis rei\u0161kinys, kuris stiprina bendruomeni\u0173 ry\u0161ius ir skatina tautin\u012f tapatum\u0105. 2008 m. Dain\u0173 ir \u0161oki\u0173 \u0161vent\u0117s Baltijos valstyb\u0117se \u012fra\u0161ytos \u012f Unesco Reprezentatyv\u0173j\u012f \u017emonijos nematerialaus kult\u016bros paveldo s\u0105ra\u0161\u0105.<\/p>\n\n\n\n<p>\u012e Rom\u0105 atvykus\u012f, vir\u0161 100 chorist\u0173 jungiant\u012f chor\u0105 sudar\u0117 Klaip\u0117dos \u017dvej\u0173 kult\u016bros r\u016bm\u0173 moter\u0173 choras \u201eDang\u0117\u201c (vadov\u0117 Judita Kiaulakyt\u0117), Marijampol\u0117s mi\u0161rus choras \u201eSuvalkija\u201c (vadov\u0117 Virginija Junevi\u010dien\u0117), \u0160iauli\u0173 berniuk\u0173 ir jaunuoli\u0173 choras \u201eDagil\u0117lis\u201c (vadovas Remigijus Adomaitis), Vilniaus kolegijos mergin\u0173 choras \u201eVaidilut\u0117s\u201c (vadov\u0117 Genovait\u0117 Kumpien\u0117), Vilniaus universiteto mergin\u0173 choras \u201eVirgo\u201c (vadov\u0117 Rasa Gelgotien\u0117). Dainininkams akompanavo vargoninink\u0117 Jar\u016bn\u0117 Barkauskait\u0117.<\/p>\n\n\n\n<p>Neatsitiktinai min\u0117jimas vyko Lietuvai istori\u0161kai svarbioje Romos \u0160ven\u010diausiojo J\u0117zaus Vardo ba\u017eny\u010dioje, kurioje 1600 m. buvo palaidotas LDK didikas, kardinolas Jurgis Radvila. Tai pirmoji j\u0117zuit\u0173 ba\u017eny\u010dia Romoje, prad\u0117ta statyti 1568-1584 m. ordino \u012fk\u016br\u0117jo Ignaco Lojolos sumanymu, kurioje jis ir atgul\u0117 am\u017einojo poilsio. \u0160ventov\u0117 tapo modeliu daugeliui j\u0117zuit\u0173 ba\u017eny\u010di\u0173 visame pasaulyje. <\/p>\n\n\n\n<p>Lietuvos valstyb\u0117s atk\u016brimo dienos min\u0117jimas, \u0160v. Mi\u0161ios ir Dain\u0173 \u0161vent\u0117s pristatymo koncertas vyko 2024 m. vasario 16 d. Romos \u0160ven\u010diausiojo J\u0117zaus Vardo (Il Ges\u00f9) ba\u017eny\u010dioje (Piazza del Ges\u00f9, 00186 Roma). <\/p>\n\n\n\n<p class=\"has-text-align-center\"><\/p>\n","protected":false},"excerpt":{"rendered":"<p>Dviej\u0173 Romoje \u012fsik\u016brusi\u0173 diplomatini\u0173 atstovybi\u0173 \u2013 Lietuvos Respublikos ambasados Italijoje ir Lietuvos Respublikos ambasados prie \u0160ventojo Sosto ir Maltos ordinui \u2013 organizuojamas Vasario 16-osios renginys buvo skirtas ne tik \u0161v\u0119sti&hellip; <\/p>\n","protected":false},"author":2,"featured_media":4889,"comment_status":"open","ping_status":"open","sticky":false,"template":"","format":"standard","meta":{"footnotes":""},"categories":[3],"tags":[],"_links":{"self":[{"href":"https:\/\/choras.lt\/index.php\/wp-json\/wp\/v2\/posts\/4887"}],"collection":[{"href":"https:\/\/choras.lt\/index.php\/wp-json\/wp\/v2\/posts"}],"about":[{"href":"https:\/\/choras.lt\/index.php\/wp-json\/wp\/v2\/types\/post"}],"author":[{"embeddable":true,"href":"https:\/\/choras.lt\/index.php\/wp-json\/wp\/v2\/users\/2"}],"replies":[{"embeddable":true,"href":"https:\/\/choras.lt\/index.php\/wp-json\/wp\/v2\/comments?post=4887"}],"version-history":[{"count":10,"href":"https:\/\/choras.lt\/index.php\/wp-json\/wp\/v2\/posts\/4887\/revisions"}],"predecessor-version":[{"id":4941,"href":"https:\/\/choras.lt\/index.php\/wp-json\/wp\/v2\/posts\/4887\/revisions\/4941"}],"wp:featuredmedia":[{"embeddable":true,"href":"https:\/\/choras.lt\/index.php\/wp-json\/wp\/v2\/media\/4889"}],"wp:attachment":[{"href":"https:\/\/choras.lt\/index.php\/wp-json\/wp\/v2\/media?parent=4887"}],"wp:term":[{"taxonomy":"category","embeddable":true,"href":"https:\/\/choras.lt\/index.php\/wp-json\/wp\/v2\/categories?post=4887"},{"taxonomy":"post_tag","embeddable":true,"href":"https:\/\/choras.lt\/index.php\/wp-json\/wp\/v2\/tags?post=4887"}],"curies":[{"name":"wp","href":"https:\/\/api.w.org\/{rel}","templated":true}]}}