{"id":5048,"date":"2024-03-20T09:41:09","date_gmt":"2024-03-20T09:41:09","guid":{"rendered":"https:\/\/choras.lt\/?p=5048"},"modified":"2024-03-21T09:31:41","modified_gmt":"2024-03-21T09:31:41","slug":"kaune-ivyks-7-asis-juozo-naujalio-tarptautinis-choru-festivalis-ir-konkursas","status":"publish","type":"post","link":"https:\/\/choras.lt\/index.php\/2024\/03\/20\/kaune-ivyks-7-asis-juozo-naujalio-tarptautinis-choru-festivalis-ir-konkursas\/","title":{"rendered":"Kaune \u012fvyks VII tarptautinis Juozo Naujalio  chor\u0173 festivalis ir konkursas!"},"content":{"rendered":"\n<p>Baland\u017eio m\u0117nes\u012f Kaunas kvie\u010dia \u012f \u012fsp\u016bding\u0105 chorin\u0117s muzikos \u0161vent\u0119 &#8211; VII-t\u0105j\u012f Juozo Naujalio chor\u0173 festival\u012f ir konkurs\u0105. \u0160iais metais renginyje dalyvaus chorai i\u0161 Lietuvos, Latvijos, Estijos ir Lenkijos.<\/p>\n\n\n\n<p>Jau 7-t\u0105 kart\u0105 vykstan\u010diame renginyje chorai ne tik pagerbs J. Naujalio atminim\u0105 dainuodami jo k\u016brinius, bet ir atliks savo \u0161alies kompozitori\u0173 dainas, atspindin\u010dias skirtingas kult\u016bras. <\/p>\n\n\n\n<p>Festivalio atidarymo koncerte, baland\u017eio 5 d. 18.30 val., Kauno \u0160v. apa\u0161tal\u0173 Petro ir Povilo arkikatedroje bazilikoje &#8211; sutartini\u0173 giedotoj\u0173 ansamblio \u201eKadujo\u201c (vad. layra Lukenskien\u0117) koncertas &#8220;Giesm\u0117s Tautai&#8221;. Kviesime pamin\u0117ti Lietuvos dain\u0173 \u0161vent\u0117s 100-met\u012f ir prisiminti dain\u0173 \u0161ven\u010di\u0173 \u012fkv\u0117p\u0117j\u0105, filosof\u0105, ra\u0161ytoj\u0105 ir kult\u016bros veik\u0117j\u0105 Vilhelm\u0105 Storost\u0105 Vyd\u016bn\u0105. Nors sutariama, kad pirmoji Lietuvos dain\u0173 \u0161vent\u0117 surengta Kaune 1924 metais, ta\u010diau jau \u017eymiai anks\u010diau buvo organizuojami renginiai, kuriuos galime laikyti dabartini\u0173 dain\u0173 \u0161ven\u010di\u0173 pirmtakais.<\/p>\n\n\n\n<p>Festivalio renginiai vyks vietose, kurios yra glaud\u017eiai susijusios su Juozo Naujalio vardu. Viena i\u0161 j\u0173 &#8211; Kauno arkikatedra, kurioje jis dirbo ir mok\u0117, bei Juozo Naujalio muzikos gimnazija, pavadinta kompozitoriaus garbei.<\/p>\n\n\n\n<p>B\u016btent \u010dia, J. Naujalio vardo gimnazijoje (K\u0119stu\u010dio g. 85) vyks chor\u0173 konkursas, kurio metu chor\u0173 pasirodymus vertins profesionali komisija. Konkursas prasid\u0117s baland\u017eio 6 d. 11 val. Juozo Naujalio muzikos gimnazijos sal\u0117je. Jame pasirodys 9 chorai: vaik\u0173, jaunimo, lygi\u0173 bals\u0173 ir mi\u0161r\u016bs i\u0161 Lenkijos, Latvijos, Estijos ir Lietuvos. Geriausiai Lietuvos chorin\u0117s muzikos m\u0117g\u0117jams \u017einomas &#8211; Kasty\u010dio Bariso vadovaujamas VDU \u0160vietimo akademijos mi\u0161rus choras &#8220;Ave vita&#8221; (nuotr.), d\u017eiuginantis savo klausytojus \u012fdomiomis programomis ir artisti\u0161kumu. Bet s\u0117km\u0117s visiems!<\/p>\n\n\n\n<p>Baland\u017eio 6 d. 18 val. Kauno Ksavero Pranci\u0161kaus (j\u0117zuit\u0173) ba\u017eny\u010dioje pasirodys chorai i\u0161 Lenkijos, Latvijos, Estijos ir Lietuvos. <\/p>\n\n\n\n<p>Baland\u017eio 7 d. \u0160v. Mi\u0161iose Vytauto Did\u017eiojo ba\u017eny\u010dioje giedos chorai i\u0161 Lietuvos ir Estijos.<\/p>\n\n\n\n<p>Festivalio meno vadovas R. Daug\u0117la sak\u0117: ,,\u0160is festivalis yra svarbus tradicij\u0173 i\u0161saugojimui ir chorin\u0117s muzikos puosel\u0117jimui. Tai yra puiki proga suburti chorin\u0117s muzikos myl\u0117tojus, \u012fprasminti m\u016bs\u0173 kult\u016bros paveld\u0105 ir pasim\u0117gauti nuostabia muzikine patirtimi.&#8221; <\/p>\n\n\n\n<p>Juozas Naujalis &#8211; \u017eymus kompozitorius ir Lietuvos dain\u0173 \u0161ven\u010di\u0173 pradininkas. \u0160iemet, min\u0117dami Lietuvos Dain\u0173 \u0160ven\u010di\u0173 \u0161imtmet\u012f, skiriame didel\u012f d\u0117mes\u012f jos i\u0161takoms Kaune ir pagrindiniam sumanytojui &#8211; Juozui Naujaliui.<\/p>\n\n\n\n<p>Daugiau informacijos apie rengin\u012f galima rasti interneto svetain\u0117je: www.lituaniacantat.lt<\/p>\n","protected":false},"excerpt":{"rendered":"<p>Baland\u017eio m\u0117nes\u012f Kaunas kvie\u010dia \u012f \u012fsp\u016bding\u0105 chorin\u0117s muzikos \u0161vent\u0119 &#8211; VII-t\u0105j\u012f Juozo Naujalio chor\u0173 festival\u012f ir konkurs\u0105. \u0160iais metais renginyje dalyvaus chorai i\u0161 Lietuvos, Latvijos, Estijos ir Lenkijos. Jau 7-t\u0105&hellip; <\/p>\n","protected":false},"author":2,"featured_media":3947,"comment_status":"open","ping_status":"open","sticky":false,"template":"","format":"standard","meta":{"footnotes":""},"categories":[2],"tags":[],"_links":{"self":[{"href":"https:\/\/choras.lt\/index.php\/wp-json\/wp\/v2\/posts\/5048"}],"collection":[{"href":"https:\/\/choras.lt\/index.php\/wp-json\/wp\/v2\/posts"}],"about":[{"href":"https:\/\/choras.lt\/index.php\/wp-json\/wp\/v2\/types\/post"}],"author":[{"embeddable":true,"href":"https:\/\/choras.lt\/index.php\/wp-json\/wp\/v2\/users\/2"}],"replies":[{"embeddable":true,"href":"https:\/\/choras.lt\/index.php\/wp-json\/wp\/v2\/comments?post=5048"}],"version-history":[{"count":6,"href":"https:\/\/choras.lt\/index.php\/wp-json\/wp\/v2\/posts\/5048\/revisions"}],"predecessor-version":[{"id":5055,"href":"https:\/\/choras.lt\/index.php\/wp-json\/wp\/v2\/posts\/5048\/revisions\/5055"}],"wp:featuredmedia":[{"embeddable":true,"href":"https:\/\/choras.lt\/index.php\/wp-json\/wp\/v2\/media\/3947"}],"wp:attachment":[{"href":"https:\/\/choras.lt\/index.php\/wp-json\/wp\/v2\/media?parent=5048"}],"wp:term":[{"taxonomy":"category","embeddable":true,"href":"https:\/\/choras.lt\/index.php\/wp-json\/wp\/v2\/categories?post=5048"},{"taxonomy":"post_tag","embeddable":true,"href":"https:\/\/choras.lt\/index.php\/wp-json\/wp\/v2\/tags?post=5048"}],"curies":[{"name":"wp","href":"https:\/\/api.w.org\/{rel}","templated":true}]}}