{"id":5095,"date":"2024-03-28T14:26:42","date_gmt":"2024-03-28T14:26:42","guid":{"rendered":"https:\/\/choras.lt\/?p=5095"},"modified":"2024-04-04T08:48:53","modified_gmt":"2024-04-04T08:48:53","slug":"v-asis-kauno-gimnaziju-misriu-jaunimo-choru-festivalis-azuolelis-simtasakis","status":"publish","type":"post","link":"https:\/\/choras.lt\/index.php\/2024\/03\/28\/v-asis-kauno-gimnaziju-misriu-jaunimo-choru-festivalis-azuolelis-simtasakis\/","title":{"rendered":"V-asis Kauno gimnazij\u0173 mi\u0161ri\u0173 jaunimo chor\u0173 festivalis \u201e\u0104\u017euol\u0117lis \u0161imta\u0161akis\u201c"},"content":{"rendered":"\n<p>Kovo 29 dien\u0105 Kauno Juozo Gruod\u017eio konservatorijoje vyko V Kauno gimnazij\u0173 mi\u0161ri\u0173 jaunimo chor\u0173 festivalis \u201e\u0104\u017euol\u0117lis \u0161imta\u0161akis\u201c. \u012etemptame festivalio organizator\u0117s Vilmos Masien\u0117s darb\u0173 s\u016bkuryje muzikologei Lukrecijai Stonkutei pavyko trumpai pakalbinti choro dirigent\u0119 apie festivalio gimim\u0105, pavadinimo kilm\u0119, planus ir dainuojant\u012f jaunim\u0105.<\/p>\n\n\n\n<p><strong>D\u0117l koki\u0173 prie\u017eas\u010di\u0173 prie\u0161 penkerius metus i\u0161kilo \u0161io festivalio reikiamyb\u0117?<\/strong><\/p>\n\n\n\n<p>Nebelikus kaunie\u010di\u0173 pam\u0117gto choro festivalio \u201eVilties daina\u201c bei konkurso \u201eDainuok ir keliauk\u201c, pristigo renginio, kuriame  mi\u0161r\u016bs jaunimo chorai susitikt\u0173, i\u0161girst\u0173 vieni kitus, pajust\u0173, k\u0105 rei\u0161kia dainuoti kartu. Jaunu\u010di\u0173 ir jauni\u0173 kolektyvai tradici\u0161kai aktyviai dalyvavo festivaliuose, \u0161vent\u0117se, bendruose koncertuose, ko labai tr\u016bko jaunimo chorams. Tad Kauno Juozo Gruod\u017eio konservatorijos chorved\u017eiai \u0117m\u0117si iniciatyvos suburti gimnazij\u0173 mi\u0161rius chorus ir 2019 m. \u012fsteigti festival\u012f \u201e\u0104\u017euol\u0117lis \u0161imta\u0161akis\u201c.<\/p>\n\n\n\n<p><strong>Festivalis \u0161iemet \u0161ven\u010dia ma\u017e\u0105j\u012f jubiliej\u0173. K\u0105 pavyko nuveikti, \u012fgyvendinti per \u0161\u012f laikotarp\u012f?<\/strong><\/p>\n\n\n\n<p>Nuo 2019 met\u0173 festivalis vyko kasmet, net ir sunkiausiais pandemijos metais, kai chorai negal\u0117jo dainuoti gyvai. T\u0105kart buvo surengtas virtualus koncertas, kuriame dalyvavo keturi chorai. Kiekvienas atliko savo pasiruo\u0161t\u0105 muzikin\u0119 program\u0105, o pabaigoje skamb\u0117jo bendras, festivalyje dalyvavusi\u0173 chor\u0173 \u012fra\u0161ytas opusas. Taip pat d\u017eiaugiam\u0117s m\u016bs\u0173 festivaliui i\u0161tikimais dalyviais: Lietuvos sveikatos moksl\u0173 universiteto choras \u201eAve Musica\u201c, J\u0117zuit\u0173 gimnazijos choras \u201eVenimus\u201c, Vytauto Did\u017eiojo universiteto gimnazijos \u201eRasa\u201c choras \u201eGaja\u201c, \u201eVyturio\u201c gimnazijos mi\u0161rus choras \u201eVyturys\u201c, \u201eAu\u0161ros\u201c gimnazijos choras \u201eAu\u0161ra\u201c, \u201eSaul\u0117s\u201c gimnazijos choras ir, \u017einoma, Kauno Juozo Gruod\u017eio konservatorijos mi\u0161rus choras.<\/p>\n\n\n\n<p><strong>Festivalio pavadinimas \u201e\u0104\u017euol\u0117lis \u0161imta\u0161akis\u201c \u0161iemet gra\u017eiai koreliuoja su \u0161imtmet\u012f minin\u010dia Lietuvos dain\u0173 \u0161vente. Kuo festivalyje d\u017eiuginsite klausytojus?<\/strong><\/p>\n\n\n\n<p>\u201eKas mus skiria, kas mus sieja, \u0105\u017euole \u017ealias\u201c \u2013 eilut\u0117s i\u0161 Vlado Brazi\u016bno eil\u0117ra\u0161\u010dio \u201e\u0104\u017euol\u0117lis \u0161imta\u0161akis\u201c paskatino festivalio vardo atsiradim\u0105. Sykiu \u017eod\u017eiai \u201eant plyno lauko mus augino, supyn\u0117m danguje rankas. Stov\u0117k kalne, \u0105\u017euole \u017ealias ir u\u017e mane giri\u0173 karaliau\u201c atspind\u0117jo chorinio dainavimo, buvimo kartu esm\u0119. Kaip ir kasmet, kiekvienas V-ojo festivalio \u201e\u0104\u017euol\u0117lis \u0161imta\u0161akis\u201c choras pasirodys su individualiomis programomis \u2013 skamb\u0117s lietuvi\u0173, u\u017esienio autori\u0173 kompozicijos ir keli k\u016briniai i\u0161 2024 met\u0173 Lietuvos dain\u0173 \u0161vent\u0117s repertuaro.<\/p>\n\n\n\n<p><strong>Kod\u0117l festivalio erdve pasirinkta Kauno Juozo Gruod\u017eio konservatorijos Did\u017eioji sal\u0117? Kuo ji ypatinga ir svarbi festivalio vyksmui?<\/strong><\/p>\n\n\n\n<p>Pirmiausiai, Kauno Juozo Gruod\u017eio konservatorija yra \u0161alies muzikin\u0117s ir ypa\u010d chorin\u0117s kult\u016bros lop\u0161ys. Visi festivalio koncertai vyksta konservatorijos Did\u017eiojoje sal\u0117je, nes tai i\u0161skirtin\u0117 erdv\u0117, pasi\u017eyminti turtinga istorija ir aura. Antra, dainavimas \u0161ioje sal\u0117je jaunimui visuomet palieka gil\u0173 \u012fsp\u016bd\u012f.<\/p>\n\n\n\n<p><strong>Kuo festivalis svarbus Lietuvos chor\u0173 bendruomenei ir visuomenei?<\/strong><\/p>\n\n\n\n<p>Renginio dalyvi\u0173 pasirodymai nepalieka abejing\u0173. Tvirt\u0117ja tiek chorist\u0173, tiek klausytoj\u0173 tarpusavio bendradarbiavimas, ugdomas pasitik\u0117jimas savo j\u0117gomis, patrioti\u0161kumas bei \u017emogi\u0161kosios vertyb\u0117s.<\/p>\n\n\n\n<p><strong>Ar jaunimas noriai dalyvauja ir prisideda prie festivalio?&nbsp;<\/strong><\/p>\n\n\n\n<p>Festivalyje dalyvauja tikri chorin\u0117s muzikos entuziastai! Gimnazistai ne tik dainuoja savo program\u0105, bet ir susidom\u0117j\u0119 klausosi bendraam\u017ei\u0173. Po festivalio bendros finalin\u0117s dainos dar ilgai nesinori skirstytis \u2013 jaunimas bendrauja, dalijasi \u012fsp\u016bd\u017eiais.<\/p>\n\n\n\n<p><strong>Vieno sakinio palink\u0117jimas renginiui ir dalyviams?<\/strong><\/p>\n\n\n\n<p>Tikim\u0117s, kad jaunimo mi\u0161ri\u0173 chor\u0173 festivalis \u201e\u0104\u017euol\u0117lis \u0161imta\u0161akis\u201c \u012fgav\u0119s pagreit\u012f i\u0161augs, sustipr\u0117s, taps tradiciniu miest\u0105 bei \u0161al\u012f puo\u0161ian\u010diu renginiu!<\/p>\n\n\n\n<p class=\"has-text-align-center\"><strong>Pareng\u0117 Lukrecija Stonkut\u0117<\/strong><\/p>\n","protected":false},"excerpt":{"rendered":"<p>Kovo 29 dien\u0105 Kauno Juozo Gruod\u017eio konservatorijoje vyko V Kauno gimnazij\u0173 mi\u0161ri\u0173 jaunimo chor\u0173 festivalis \u201e\u0104\u017euol\u0117lis \u0161imta\u0161akis\u201c. \u012etemptame festivalio organizator\u0117s Vilmos Masien\u0117s darb\u0173 s\u016bkuryje muzikologei Lukrecijai Stonkutei pavyko trumpai pakalbinti&hellip; <\/p>\n","protected":false},"author":2,"featured_media":5097,"comment_status":"open","ping_status":"open","sticky":false,"template":"","format":"standard","meta":{"footnotes":""},"categories":[2],"tags":[],"_links":{"self":[{"href":"https:\/\/choras.lt\/index.php\/wp-json\/wp\/v2\/posts\/5095"}],"collection":[{"href":"https:\/\/choras.lt\/index.php\/wp-json\/wp\/v2\/posts"}],"about":[{"href":"https:\/\/choras.lt\/index.php\/wp-json\/wp\/v2\/types\/post"}],"author":[{"embeddable":true,"href":"https:\/\/choras.lt\/index.php\/wp-json\/wp\/v2\/users\/2"}],"replies":[{"embeddable":true,"href":"https:\/\/choras.lt\/index.php\/wp-json\/wp\/v2\/comments?post=5095"}],"version-history":[{"count":2,"href":"https:\/\/choras.lt\/index.php\/wp-json\/wp\/v2\/posts\/5095\/revisions"}],"predecessor-version":[{"id":5121,"href":"https:\/\/choras.lt\/index.php\/wp-json\/wp\/v2\/posts\/5095\/revisions\/5121"}],"wp:featuredmedia":[{"embeddable":true,"href":"https:\/\/choras.lt\/index.php\/wp-json\/wp\/v2\/media\/5097"}],"wp:attachment":[{"href":"https:\/\/choras.lt\/index.php\/wp-json\/wp\/v2\/media?parent=5095"}],"wp:term":[{"taxonomy":"category","embeddable":true,"href":"https:\/\/choras.lt\/index.php\/wp-json\/wp\/v2\/categories?post=5095"},{"taxonomy":"post_tag","embeddable":true,"href":"https:\/\/choras.lt\/index.php\/wp-json\/wp\/v2\/tags?post=5095"}],"curies":[{"name":"wp","href":"https:\/\/api.w.org\/{rel}","templated":true}]}}