{"id":5154,"date":"2024-04-10T07:52:22","date_gmt":"2024-04-10T07:52:22","guid":{"rendered":"https:\/\/choras.lt\/?p=5154"},"modified":"2024-04-10T07:52:26","modified_gmt":"2024-04-10T07:52:26","slug":"seime-pristatoma-paroda-dainu-sventei-100-veidai","status":"publish","type":"post","link":"https:\/\/choras.lt\/index.php\/2024\/04\/10\/seime-pristatoma-paroda-dainu-sventei-100-veidai\/","title":{"rendered":"Seime pristatoma paroda \u201eDain\u0173 \u0161ventei 100. Veidai\u201d"},"content":{"rendered":"\n<p>Baland\u017eio 11 d., ketvirtadien\u012f, 13 val. Vitra\u017eo galerijoje (Seimo I r\u016bmai) pristatoma Lietuvos nacionalinio kult\u016bros centro sudaryta fotografij\u0173 paroda \u201eDain\u0173 \u0161ventei&nbsp;100. Veidai\u201d. Renginyje sveikinimo \u017eod\u012f tars&nbsp;Seimo Pirminink\u0117 Viktorija \u010cmilyt\u0117-Nielson, parod\u0105 ir b\u016bsimus&nbsp;Dain\u0173 \u0161vent\u0117s renginius pristatys&nbsp;Dain\u0173 \u0161vent\u0117s direktorius Saulius Liausa, Dain\u0173 \u0161vent\u0117s komunikacijos vadov\u0117 Ieva Krivickait\u0117.<\/p>\n\n\n\n<p>I\u0161 parodos nuotrauk\u0173 \u017evelgia \u0161imtme\u010dio \u017emon\u0117s \u2013 i\u0161did\u016bs, k\u016brybi\u0161ki, i\u0161 kartos \u012f kart\u0105 perduodantys tai, kas svarbiausia. Jie mums ne\u0161a \u017eini\u0105 apie nenutr\u016bkstam\u0105 gyvyb\u0119, kurios ne\u012fmanoma nei u\u017egniau\u017eti, nei pamir\u0161ti, nes ji yra viena, bet m\u016bs\u0173 vis\u0173. Tai gyvastis, kuri per am\u017eius t\u0119siasi \u2013 i\u0161 \u017emogaus \u012f \u017emog\u0173, i\u0161 atminties \u2013 \u012f ateit\u012f, i\u0161 nam\u0173 \u2013 \u012f pasaul\u012f, i\u0161 kalbos \u2013 \u012f dain\u0105, i\u0161 1924-\u0173j\u0173 \u2013 \u012f 2024-uosius.<\/p>\n\n\n\n<p>Parodoje panaudotos Ram\u016bno Virku\u010dio, Martyno Vidzbelio, Art\u016bro Moisiejenko, Juozo Siruso, Martyno Siruso, Monos Avik, Lietuvos centrinio valstyb\u0117s archyvo ir Lietuvos nacionalinio kult\u016bros centro archyvo nuotraukos. 2124 m. Dain\u0173 \u0161vent\u0117s dirbtiniu intelektu sugeneruotos nuotraukos autorius Paulius Gvildys.<\/p>\n\n\n\n<p>Parod\u0105 lydi ir interaktyvus stendas, kuriame galima pla\u010diau susipa\u017einti su Dain\u0173 \u0161vent\u0117s istorija, datomis, jas organizavusiais i\u0161kiliais asmenimis, pasiklausyti \u0161vent\u0117se skamb\u0117jusi\u0173 dain\u0173 \u012fra\u0161\u0173 fragment\u0173, pamatyti \u0161oki\u0173 element\u0173. Savo \u017einias apie Dain\u0173 \u0161vent\u0117s rengimo tradicijas ar Lietuvos skirting\u0173 region\u0173 tautinius kostiumus galima pasitikrinti stendo viktorinose.<\/p>\n\n\n\n<p>Paroda eksponuojama baland\u017eio 4 \u2013 gegu\u017e\u0117s 10 dienomis. Parod\u0105 lankytojai gali ap\u017ei\u016br\u0117ti&nbsp;<a href=\"https:\/\/www.lrs.lt\/sip\/portal.show?p_r=35416&amp;p_k=1\" target=\"_blank\" rel=\"noreferrer noopener\"><strong>atvir\u0173 dur\u0173 valandomis<\/strong><\/a>, kurios rengiamos penktadieniais nuo&nbsp;11 iki 15 val.<\/p>\n","protected":false},"excerpt":{"rendered":"<p>Baland\u017eio 11 d., ketvirtadien\u012f, 13 val. Vitra\u017eo galerijoje (Seimo I r\u016bmai) pristatoma Lietuvos nacionalinio kult\u016bros centro sudaryta fotografij\u0173 paroda \u201eDain\u0173 \u0161ventei&nbsp;100. Veidai\u201d. Renginyje sveikinimo \u017eod\u012f tars&nbsp;Seimo Pirminink\u0117 Viktorija \u010cmilyt\u0117-Nielson, parod\u0105&hellip; <\/p>\n","protected":false},"author":2,"featured_media":414,"comment_status":"open","ping_status":"open","sticky":false,"template":"","format":"standard","meta":{"footnotes":""},"categories":[7],"tags":[],"_links":{"self":[{"href":"https:\/\/choras.lt\/index.php\/wp-json\/wp\/v2\/posts\/5154"}],"collection":[{"href":"https:\/\/choras.lt\/index.php\/wp-json\/wp\/v2\/posts"}],"about":[{"href":"https:\/\/choras.lt\/index.php\/wp-json\/wp\/v2\/types\/post"}],"author":[{"embeddable":true,"href":"https:\/\/choras.lt\/index.php\/wp-json\/wp\/v2\/users\/2"}],"replies":[{"embeddable":true,"href":"https:\/\/choras.lt\/index.php\/wp-json\/wp\/v2\/comments?post=5154"}],"version-history":[{"count":1,"href":"https:\/\/choras.lt\/index.php\/wp-json\/wp\/v2\/posts\/5154\/revisions"}],"predecessor-version":[{"id":5155,"href":"https:\/\/choras.lt\/index.php\/wp-json\/wp\/v2\/posts\/5154\/revisions\/5155"}],"wp:featuredmedia":[{"embeddable":true,"href":"https:\/\/choras.lt\/index.php\/wp-json\/wp\/v2\/media\/414"}],"wp:attachment":[{"href":"https:\/\/choras.lt\/index.php\/wp-json\/wp\/v2\/media?parent=5154"}],"wp:term":[{"taxonomy":"category","embeddable":true,"href":"https:\/\/choras.lt\/index.php\/wp-json\/wp\/v2\/categories?post=5154"},{"taxonomy":"post_tag","embeddable":true,"href":"https:\/\/choras.lt\/index.php\/wp-json\/wp\/v2\/tags?post=5154"}],"curies":[{"name":"wp","href":"https:\/\/api.w.org\/{rel}","templated":true}]}}