{"id":5161,"date":"2024-04-11T07:12:15","date_gmt":"2024-04-11T07:12:15","guid":{"rendered":"https:\/\/choras.lt\/?p=5161"},"modified":"2024-04-13T10:59:35","modified_gmt":"2024-04-13T10:59:35","slug":"siauliu-polifonijasiandien-koncertuos-vievyje","status":"publish","type":"post","link":"https:\/\/choras.lt\/index.php\/2024\/04\/11\/siauliu-polifonijasiandien-koncertuos-vievyje\/","title":{"rendered":"\u0160iauli\u0173 &#8220;Polifonija&#8221; koncertavo Vievyje, prad\u0117dama festival\u012f &#8220;M\u016bs\u0173 dainose&#8221;!"},"content":{"rendered":"\n<p>\u0160iauli\u0173 valstybinio kamerinio choro \u201ePolifonija\u201c (meno vadovas ir vyr. dirigentas Linas Balandis) koncertu baland\u017eio 11 dien\u0105 Vievio kult\u016bros centre atv\u0117r\u0117 tarptautin\u012f chor\u0173 festival\u012f &#8220;M\u016bs\u0173 dainose&#8221;.<\/p>\n\n\n\n<p> Koncerto programoje skamb\u0117jo G. Kalino, K. Daugirdo, V. Augustino, D. Zakaro, D. Polikai\u010dio ir kit\u0173 Lietuvos kompozitori\u0173 choriniai k\u016briniai. Dirigavo Linas Balandis, Povilas Van\u017eonis, Mindaugas \u017dalalis, Inga Petrauskien\u0117.<\/p>\n\n\n\n<p>Skatinant ry\u0161\u012f tarp profesionali\u0173 ir m\u0117g\u0117j\u0173 atlik\u0117j\u0173, dal\u012f programos kartu su \u201ePolifonija\u201c atliko ir Vievio kult\u016bros centro kamerinis choras \u201eCon moto\u201c (vad. Audron\u0117 Stepankien\u0117).<\/p>\n\n\n\n<p>Chor\u0173 festivalis \u201eM\u016bs\u0173 dainose\u201c Vievyje prad\u0117tas organizuoti 2007 metais. Jo id\u0117ja gim\u0117 siekiant i\u0161saugoti ir pagerbti garsios chorved\u0117s, pedagog\u0117s vieviet\u0117s Aldonos Pulauskien\u0117s \u0161vies\u0173 atminim\u0105. Puosel\u0117jantis Lietuvos dain\u0173 \u0161ven\u010di\u0173 tradicij\u0105 per keliolika met\u0173 festivalis i\u0161augo nuo savivaldyb\u0117s chor\u0173 koncerto iki \u0161alies ir tarptautinio renginio, kuriame kasmet dalyvauja kelios de\u0161imtys vaik\u0173, jaunimo ir suaugusi\u0173j\u0173 chor\u0173 i\u0161 \u012fvairi\u0173 \u0161alies region\u0173 bei u\u017esienio &#8211; Latvijos, Estijos, Lenkijos, Suomijos&#8230; Nuo 2010 met\u0173 prad\u0117ta organizuoti chor\u0173 konkursus. Pagrindin\u012f konkurso priz\u0105, kuris kasmet \u012fteikiamas geriausiam vaik\u0173 chorui \u2013 konkurso nugal\u0117tojui ir geriausiam suaugusi\u0173j\u0173 chorui \u2013 konkurso nugal\u0117tojui, \u012fsteig\u0117 Aldonos Pulauskien\u0117s s\u016bnus kompozitorius, d\u017eiazo grupi\u0173 lyderis Dainius Pulauskas. Jis kartu su \u017emona Jolanta Mili\u0161auskaite Pulauskiene \u2013 festivalio himno \u201eM\u016bs\u0173 dainose\u201c autoriai.<\/p>\n\n\n\n<p>2024 m. gegu\u017e\u0117s 18-19 dien\u0105 Lietuvos chorai kvie\u010diami \u012f festivalio &#8220;M\u016bs\u0173 dainose&#8221; chorin\u0117s muzikos konkurs\u0105 :<\/p>\n\n\n\n<ul>\n<li>18 dien\u0105 &#8211; suaugusi\u0173j\u0173 chor\u0173 diena: pasaulietin\u0117s muzikos konkursas Vievio gimnazijos sal\u0117je ir sakralin\u0117s muzikos &#8211; \u0160v. Onos ba\u017eny\u010dioje. Vakare miesto aik\u0161t\u0117je &#8211; jungtinio choro koncertas.<\/li>\n<\/ul>\n\n\n\n<ul>\n<li>19-t\u0105 dien\u0105 &#8211; vaik\u0173 ir jaunimo chor\u0173 diena: konkursas Vievio gimnazijoje ir jungtinio choro koncertas vakare miesto aik\u0161t\u0117je.<\/li>\n<\/ul>\n\n\n\n<p class=\"has-text-align-center\"><\/p>\n\n\n\n<p><\/p>\n\n\n\n<p><\/p>\n\n\n\n<p><\/p>\n\n\n\n<p><\/p>\n","protected":false},"excerpt":{"rendered":"<p>\u0160iauli\u0173 valstybinio kamerinio choro \u201ePolifonija\u201c (meno vadovas ir vyr. dirigentas Linas Balandis) koncertu baland\u017eio 11 dien\u0105 Vievio kult\u016bros centre atv\u0117r\u0117 tarptautin\u012f chor\u0173 festival\u012f &#8220;M\u016bs\u0173 dainose&#8221;. Koncerto programoje skamb\u0117jo G. Kalino,&hellip; <\/p>\n","protected":false},"author":2,"featured_media":5167,"comment_status":"open","ping_status":"open","sticky":false,"template":"","format":"standard","meta":{"footnotes":""},"categories":[2],"tags":[],"_links":{"self":[{"href":"https:\/\/choras.lt\/index.php\/wp-json\/wp\/v2\/posts\/5161"}],"collection":[{"href":"https:\/\/choras.lt\/index.php\/wp-json\/wp\/v2\/posts"}],"about":[{"href":"https:\/\/choras.lt\/index.php\/wp-json\/wp\/v2\/types\/post"}],"author":[{"embeddable":true,"href":"https:\/\/choras.lt\/index.php\/wp-json\/wp\/v2\/users\/2"}],"replies":[{"embeddable":true,"href":"https:\/\/choras.lt\/index.php\/wp-json\/wp\/v2\/comments?post=5161"}],"version-history":[{"count":14,"href":"https:\/\/choras.lt\/index.php\/wp-json\/wp\/v2\/posts\/5161\/revisions"}],"predecessor-version":[{"id":5187,"href":"https:\/\/choras.lt\/index.php\/wp-json\/wp\/v2\/posts\/5161\/revisions\/5187"}],"wp:featuredmedia":[{"embeddable":true,"href":"https:\/\/choras.lt\/index.php\/wp-json\/wp\/v2\/media\/5167"}],"wp:attachment":[{"href":"https:\/\/choras.lt\/index.php\/wp-json\/wp\/v2\/media?parent=5161"}],"wp:term":[{"taxonomy":"category","embeddable":true,"href":"https:\/\/choras.lt\/index.php\/wp-json\/wp\/v2\/categories?post=5161"},{"taxonomy":"post_tag","embeddable":true,"href":"https:\/\/choras.lt\/index.php\/wp-json\/wp\/v2\/tags?post=5161"}],"curies":[{"name":"wp","href":"https:\/\/api.w.org\/{rel}","templated":true}]}}