{"id":5198,"date":"2024-04-15T11:58:38","date_gmt":"2024-04-15T11:58:38","guid":{"rendered":"https:\/\/choras.lt\/?p=5198"},"modified":"2024-04-15T14:35:27","modified_gmt":"2024-04-15T14:35:27","slug":"vingio-parke-ivyko-spaudos-konferencija-skirta-artejanciai-100-mecio-dainu-sventei","status":"publish","type":"post","link":"https:\/\/choras.lt\/index.php\/2024\/04\/15\/vingio-parke-ivyko-spaudos-konferencija-skirta-artejanciai-100-mecio-dainu-sventei\/","title":{"rendered":"Vingio parke \u012fvyko spaudos konferencija, skirta art\u0117jan\u010diai 100-me\u010dio Dain\u0173 \u0161ventei"},"content":{"rendered":"\n<p>Spar\u010diai art\u0117ja jubiliej\u0173 mininti, prie\u0161 \u0161imt\u0105 met\u0173 pirm\u0105 kart\u0105 suskamb\u0117jusi Lietuvos dain\u0173 \u0161vent\u0117. Pirmadien\u012f Vingio parke vykusioje spaudos konferencijoje renginio k\u016br\u0117jai bei kult\u016bros sektoriaus atstovai dalijosi svarbiausiais programos akcentais, d\u017eiaug\u0117si rekordiniu dalyvi\u0173 skai\u010diumi bei prane\u0161\u0117 netik\u0117t\u0105 \u017eini\u0105 \u2013 iki \u0161vent\u0117s likus kiek daugiau nei dviem m\u0117nesiams, jau i\u0161parduoti beveik visi rengini\u0173 bilietai.<\/p>\n\n\n\n<p>\u201eKad giria \u017ealiuot\u0173\u201c \u2013 tokiais \u017eod\u017eiais \u0161iais metais pasitiks Lietuvos dain\u0173 \u0161vent\u0117s organizatoriai. Bir\u017eelio 29 \u2013 liepos 6 d. Vilniuje ir Kaune \u017ei\u016brovai gal\u0117s steb\u0117ti net 14 rengini\u0173 program\u0105, kurioje pasirodys 37 t\u016bkstan\u010diai dalyvi\u0173.<\/p>\n\n\n\n<p>Pasak LR kult\u016bros ministro Simono Kairio, Dain\u0173 \u0161vent\u0117 yra t\u0119stinis renginys, neturintis konkre\u010dios prad\u017eios ir pabaigos. \u201eTai keleri\u0173 met\u0173 augimas, tradicija, kuri, \u017ei\u016brint \u012f \u012fsp\u016bding\u0105 dalyvi\u0173 skai\u010di\u0173, yra reikalinga. Jau \u0161iandien at\u0117jus \u012f Vingio park\u0105 u\u017elieja emocijos, galime tik \u012fsivaizduoti taikos, vienyb\u0117s jausm\u0105, kur\u012fsukursimesavo dainomis. \u0160iuo metu sprend\u017eiami \u012fvair\u016bs praktiniai ir \u016bkiniai dalykai, ta\u010diau apie tai si\u016blau negalvoti, o jau dabar pasinerti \u012f \u0161vent\u0117s laukim\u0105\u201c, \u2013 kviet\u0117 ministras.&nbsp;<\/p>\n\n\n\n<p>Vilniaus miesto meras Valdas Benkunskas neabejoja, kad Dain\u0173 \u0161vent\u0117 taps reik\u0161mingiausiu \u0161i\u0173 met\u0173 renginiu Vilniaus miesto gyvenime. \u201eAt\u0161vent\u0119 700 met\u0173 Vilniaus jubiliej\u0173, Dain\u0173 \u0161vent\u0119 matome kaip puik\u0173 u\u017ebaigimo akcent\u0105. Vilniaus mieste rengini\u0173 metu planuojama priimti keliasde\u0161imt t\u016bkstan\u010di\u0173 \u0161vent\u0117s dalyvi\u0173, kurie daugiausia bus apgyvendinami \u0161vietimo \u012fstaigose, jiems bus suteikiama galimyb\u0117 nemokamai naudotis vie\u0161uoju miesto transportu\u201c, \u2013 teig\u0117 V. Benkunskas.&nbsp;<\/p>\n\n\n\n<p>\u0160iais metais prie \u0161vent\u0117s aktyviai jungiasi ir pasaulio lietuvi\u0173 bendruomen\u0117, \u012fgyvendinamos naujos iniciatyvos. \u201e\u0160vent\u0117je sulauksime per 2000 dalyvi\u0173 i\u0161 21 u\u017esienio \u0161alies. Tod\u0117l galiu dr\u0105siai sakyti, kad Dain\u0173 \u0161vent\u0117 ra\u0161o ne tik \u0161loving\u0105 savo, bet ir visos valstyb\u0117s istorij\u0105. Matydami belaukian\u010dius, besiruo\u0161ian\u010dius \u017emones, jau\u010diame didel\u0119 atsakomyb\u0119, emocin\u012f pakilim\u0105. Smagu, kad atsiranda ir nauji rei\u0161kiniai, pavyzd\u017eiui, net 800 dalyvi\u0173 \u0161iais metais subursiantis Jungtinis Lietuvos vaik\u0173 choras\u201c, \u2013 pasakojo Dain\u0173 \u0161vent\u0117s direktorius Saulius Liausa.&nbsp;<\/p>\n\n\n\n<p>Bir\u017eelio 29 d. Dain\u0173 \u0161vent\u0119 tradici\u0161kai atidarys Dain\u0173 diena Kauno dain\u0173 sl\u0117nyje. Kaune laukiama apie 4000 dalyvi\u0173, prie kuri\u0173 prisijungs dalyviai i\u0161 Latvijos bei Estijos.&nbsp;\u201eKo gero, vienas svarbiausi\u0173 \u0161i\u0173 met\u0173 akcent\u0173 \u2013 naujai rekonstruotas Dain\u0173 sl\u0117nis, pritaikytas ne tik \u0161iai \u0161ventei, bet ir ateityje vyksiantiems renginiams\u201c,&nbsp; \u2013 pasteb\u0117jo renginio Kaune re\u017eisier\u0117 Viktorija Strei\u010da.&nbsp;<\/p>\n\n\n\n<p>Vienas spalvingiausi\u0173 Dain\u0173 \u0161vent\u0117s rengini\u0173 \u2013 liepos 2 d. vyksianti Folkloro diena, supa\u017eindinsianti \u017ei\u016brovus su Lietuvos etniniais regionais. \u201eFolkloro dien\u0105 \u017emon\u0117s atva\u017eiuoja su savo tapatyb\u0117mis, savitumais, tradicij\u0173 \u012fvairove. T\u0105dien ne tik dainuojame bei \u0161okame, bet ir bandome atskleisti savo kult\u016br\u0105. Atsispiriame nuo to, kad visi esame Lietuvos dalis, mintimis nukeliaujame iki ma\u017eiausio kaimelio ar gatvel\u0117s, kiekvienos up\u0117s ir med\u017eio. Galima dr\u0105siai \u0161\u012f rengin\u012f vadinti moderniu \u2013 gerbti aplink\u0105, gyvyb\u0119, r\u016bpintis ekologija ir viso pasaulio gerove aktualu \u0161iandien ir visados\u201c, \u2013 teig\u0117 Folkloro dienos k\u016brybin\u0117s grup\u0117s vadov\u0117 Vida \u0160atkauskien\u0117.&nbsp;<\/p>\n\n\n\n<p>\u0160vent\u0117s komunikacijos koordinator\u0117 Ieva Krivickait\u0117 pabr\u0117\u017e\u0117, kad \u0161iais metais itin jau\u010diamas viso pasaulio susidom\u0117jimas bei partneri\u0173 \u012fsitraukimas: \u201eDain\u0173 \u0161vent\u0117 atitinka dabartin\u0119 Lietuvos komunikacijos id\u0117j\u0105 \u2013 kurti kartu. \u0160vent\u0117s organizavimo procesas vyksta kartu su daugybe institucij\u0173 ir organizacij\u0173 Lietuvoje ir visame pasaulyje. Turizmo agent\u016br\u0173 duomenimis, \u012f Dain\u0173 \u0161vent\u0119 atkeliaus \u0161vente besidomintys turistai ne tik i\u0161 kaimynini\u0173, bet ir i\u0161 \u012fvairi\u0173 pasaulio \u0161ali\u0173, tarp j\u0173 net i\u0161 Japonijos\u201c.<\/p>\n\n\n\n<p>Renginio moderator\u0117 Beata Nicholson sak\u0117 \u0161io ypatingo renginio visada laukianti labiau negu Kal\u0117d\u0173.&nbsp;<\/p>\n\n\n\n<p>Bir\u017eelio 29 d. Dain\u0173 \u0161vent\u0119 atidarys jubiliejin\u0117 Dain\u0173 diena Kauno dain\u0173 sl\u0117nyje, bir\u017eelio 30 d. veiksmas kelsis \u012f Vilni\u0173 \u2013 \u010dia vyks Pasaulio lietuvi\u0173 ir Lietuvos tautini\u0173 bendrij\u0173 diena bei \u0160imtme\u010dio vakaras. Liepos 1 d. atidaromas Vaik\u0173 tradicini\u0173 amat\u0173 miestelis ir Liaudies meno paroda. Liepos 2 d. vyks Kankli\u0173 koncertas bei Folkloro diena, liepos 3 d. \u2013 Teatro diena bei Ansambli\u0173 vakaras, liepos 4 d. \u2013 vokalini\u0173 ansambli\u0173 bei pu\u010diam\u0173j\u0173 instrument\u0173 orkestr\u0173 koncertai, o liepos 5-\u0105j\u0105 lauks \u0160oki\u0173 diena. \u0160vent\u0117s program\u0105 vainikuos liepos 6 d. i\u0161 Vilniaus Katedros aik\u0161t\u0117s \u012f Vingio park\u0105 pajud\u0117sianti \u0161vent\u0117s dalyvi\u0173 eisena ir Dain\u0173 diena \u201eKad giria \u017ealiuot\u0173\u201c: jungtiniame chore skamb\u0117s 13 000 chorist\u0173 balsai.<\/p>\n","protected":false},"excerpt":{"rendered":"<p>Spar\u010diai art\u0117ja jubiliej\u0173 mininti, prie\u0161 \u0161imt\u0105 met\u0173 pirm\u0105 kart\u0105 suskamb\u0117jusi Lietuvos dain\u0173 \u0161vent\u0117. Pirmadien\u012f Vingio parke vykusioje spaudos konferencijoje renginio k\u016br\u0117jai bei kult\u016bros sektoriaus atstovai dalijosi svarbiausiais programos akcentais, d\u017eiaug\u0117si&hellip; <\/p>\n","protected":false},"author":2,"featured_media":5203,"comment_status":"open","ping_status":"open","sticky":false,"template":"","format":"standard","meta":{"footnotes":""},"categories":[2],"tags":[],"_links":{"self":[{"href":"https:\/\/choras.lt\/index.php\/wp-json\/wp\/v2\/posts\/5198"}],"collection":[{"href":"https:\/\/choras.lt\/index.php\/wp-json\/wp\/v2\/posts"}],"about":[{"href":"https:\/\/choras.lt\/index.php\/wp-json\/wp\/v2\/types\/post"}],"author":[{"embeddable":true,"href":"https:\/\/choras.lt\/index.php\/wp-json\/wp\/v2\/users\/2"}],"replies":[{"embeddable":true,"href":"https:\/\/choras.lt\/index.php\/wp-json\/wp\/v2\/comments?post=5198"}],"version-history":[{"count":4,"href":"https:\/\/choras.lt\/index.php\/wp-json\/wp\/v2\/posts\/5198\/revisions"}],"predecessor-version":[{"id":5204,"href":"https:\/\/choras.lt\/index.php\/wp-json\/wp\/v2\/posts\/5198\/revisions\/5204"}],"wp:featuredmedia":[{"embeddable":true,"href":"https:\/\/choras.lt\/index.php\/wp-json\/wp\/v2\/media\/5203"}],"wp:attachment":[{"href":"https:\/\/choras.lt\/index.php\/wp-json\/wp\/v2\/media?parent=5198"}],"wp:term":[{"taxonomy":"category","embeddable":true,"href":"https:\/\/choras.lt\/index.php\/wp-json\/wp\/v2\/categories?post=5198"},{"taxonomy":"post_tag","embeddable":true,"href":"https:\/\/choras.lt\/index.php\/wp-json\/wp\/v2\/tags?post=5198"}],"curies":[{"name":"wp","href":"https:\/\/api.w.org\/{rel}","templated":true}]}}