{"id":5237,"date":"2024-04-18T19:32:50","date_gmt":"2024-04-18T19:32:50","guid":{"rendered":"https:\/\/choras.lt\/?p=5237"},"modified":"2024-04-18T19:36:00","modified_gmt":"2024-04-18T19:36:00","slug":"dainu-sventes-zygis-savo-kelione-per-lietuva-uzbaigs-taurageje","status":"publish","type":"post","link":"https:\/\/choras.lt\/index.php\/2024\/04\/18\/dainu-sventes-zygis-savo-kelione-per-lietuva-uzbaigs-taurageje\/","title":{"rendered":"Dain\u0173 \u0161vent\u0117s \u017eygis savo kelion\u0119 per Lietuv\u0105 u\u017ebaigs Taurag\u0117je"},"content":{"rendered":"\n<p>Dar 2023-i\u0173j\u0173 gruod\u012f prasid\u0117j\u0119s Dain\u0173 \u0161vent\u0117s \u017eygis per Lietuv\u0105 aplank\u0117 de\u0161imt savivaldybi\u0173 \u2013 Kreting\u0105, Viev\u012f, Pasval\u012f, Lazdijus, Jonav\u0105, Marijampol\u0119, Anyk\u0161\u010dius, Nemen\u010din\u0119, Ma\u017eeikius ir Plung\u0119. Kviesdamas min\u0117ti Dain\u0173 \u0161vent\u0117s metus bei Lietuvos miest\u0173 ir miesteli\u0173 bendruomen\u0117ms pad\u0117ti pajusti \u0161ios did\u017eios \u0161vent\u0117s dvasi\u0105, \u017eygis dovanojo ne tik \u0161ventin\u0119 nuotaik\u0105 bei puikius meno kolektyv\u0173 pasirodymus, bet ir pavasari\u0161k\u0105, Lietuvos dain\u0173 \u0161vent\u0117s \u0161imtmet\u012f simbolizuojan\u010di\u0105 \u0161imto inkil\u0173 k\u0117limo akcij\u0105. Koncertuose skamb\u0117jo art\u0117jan\u010dios Dain\u0173 \u0161vent\u0117s k\u016briniai, pasakojimai apie vis\u0105 pasaul\u012f \u017eavint\u012f kult\u016bros rei\u0161kin\u012f, pristatytos kiekvienos \u017eygio vietov\u0117s dain\u0173 \u0161ven\u010di\u0173 tradicijos, koncertavo \u0161ventei besiruo\u0161iantys kolektyvai, o renginius ved\u0117 \u017einomi veidai.<\/p>\n\n\n\n<p>\u0160\u012f savaitgal\u012f, baland\u017eio 20 d. 16 val., Pagraman\u010dio regioniniame parke, Taurag\u0117s r., vyks paskutinis Dain\u0173 \u0161vent\u0117s \u017eygio per Lietuv\u0105 renginys.<\/p>\n\n\n\n<p>\u0160ventiniame renginyje dalyvaus \u0161io kra\u0161to pu\u010diam\u0173j\u0173 instrument\u0173 orkestrai, chorai, \u0161oki\u0173 kolektyvai, kapelos, folkloro ansambliai. Skamb\u0117s pasakojimai apie kompozitori\u0173 Juoz\u0105 Gudavi\u010di\u0173, dain\u0173 \u0161ven\u010di\u0173 i\u0161takas Ma\u017eojoje Lietuvoje bei gra\u017ei\u0105 ir turting\u0105 Lietuvos bei Taurag\u0117s kra\u0161to dain\u0173 ir \u0161oki\u0173 \u0161ven\u010di\u0173 tradicij\u0105, kuri\u0105 \u012fprasmins renginio metu pasodintas \u0105\u017euoliukas. I\u0161skirtin\u0117je gamtos vietoje vyksiantis \u0161ventinis koncertas suburs \u0161imtmet\u012f minin\u010dios Dain\u0173 \u0161vent\u0117s \u201eKad giria \u017ealiuot\u0173\u201c laukian\u010diuosius, taip pat visus pakvies \u012f pavasari\u0161k\u0105 inkil\u0173 \u2013 pagrindinio Dain\u0173 \u0161vent\u0117s \u017eygio akcento \u2013 ekspozicij\u0105 bei Dain\u0173 \u0161ventei skirt\u0105 fotografij\u0173 parod\u0105 \u201eTradicijos gyvastis\u201c. Rengin\u012f ves televizijos laid\u0173 ved\u0117ja Beata Nicholson.<\/p>\n\n\n\n<p>Dain\u0173 \u0161vent\u0117s \u017eyg\u012f per Lietuv\u0105 organizuoja Lietuvos nacionalinis kult\u016bros centras.<\/p>\n","protected":false},"excerpt":{"rendered":"<p>Dar 2023-i\u0173j\u0173 gruod\u012f prasid\u0117j\u0119s Dain\u0173 \u0161vent\u0117s \u017eygis per Lietuv\u0105 aplank\u0117 de\u0161imt savivaldybi\u0173 \u2013 Kreting\u0105, Viev\u012f, Pasval\u012f, Lazdijus, Jonav\u0105, Marijampol\u0119, Anyk\u0161\u010dius, Nemen\u010din\u0119, Ma\u017eeikius ir Plung\u0119. Kviesdamas min\u0117ti Dain\u0173 \u0161vent\u0117s metus bei&hellip; <\/p>\n","protected":false},"author":2,"featured_media":5238,"comment_status":"open","ping_status":"open","sticky":false,"template":"","format":"standard","meta":{"footnotes":""},"categories":[2],"tags":[],"_links":{"self":[{"href":"https:\/\/choras.lt\/index.php\/wp-json\/wp\/v2\/posts\/5237"}],"collection":[{"href":"https:\/\/choras.lt\/index.php\/wp-json\/wp\/v2\/posts"}],"about":[{"href":"https:\/\/choras.lt\/index.php\/wp-json\/wp\/v2\/types\/post"}],"author":[{"embeddable":true,"href":"https:\/\/choras.lt\/index.php\/wp-json\/wp\/v2\/users\/2"}],"replies":[{"embeddable":true,"href":"https:\/\/choras.lt\/index.php\/wp-json\/wp\/v2\/comments?post=5237"}],"version-history":[{"count":2,"href":"https:\/\/choras.lt\/index.php\/wp-json\/wp\/v2\/posts\/5237\/revisions"}],"predecessor-version":[{"id":5241,"href":"https:\/\/choras.lt\/index.php\/wp-json\/wp\/v2\/posts\/5237\/revisions\/5241"}],"wp:featuredmedia":[{"embeddable":true,"href":"https:\/\/choras.lt\/index.php\/wp-json\/wp\/v2\/media\/5238"}],"wp:attachment":[{"href":"https:\/\/choras.lt\/index.php\/wp-json\/wp\/v2\/media?parent=5237"}],"wp:term":[{"taxonomy":"category","embeddable":true,"href":"https:\/\/choras.lt\/index.php\/wp-json\/wp\/v2\/categories?post=5237"},{"taxonomy":"post_tag","embeddable":true,"href":"https:\/\/choras.lt\/index.php\/wp-json\/wp\/v2\/tags?post=5237"}],"curies":[{"name":"wp","href":"https:\/\/api.w.org\/{rel}","templated":true}]}}