{"id":5246,"date":"2024-04-19T13:52:19","date_gmt":"2024-04-19T13:52:19","guid":{"rendered":"https:\/\/choras.lt\/?p=5246"},"modified":"2024-04-19T14:03:20","modified_gmt":"2024-04-19T14:03:20","slug":"simtas-siaulieciu-sodino-simtmeti-minincios-dainu-sventes-azuola","status":"publish","type":"post","link":"https:\/\/choras.lt\/index.php\/2024\/04\/19\/simtas-siaulieciu-sodino-simtmeti-minincios-dainu-sventes-azuola\/","title":{"rendered":"\u0160imtas \u0161iaulie\u010di\u0173 sodino \u0161imtmet\u012f minin\u010dios Dain\u0173 \u0161vent\u0117s \u0105\u017euol\u0105"},"content":{"rendered":"\n<p>\u0160iauli\u0173 miesto savivaldyb\u0117 ir \u0160iauli\u0173 kult\u016bros centras, atsiliepdami \u012f Lietuvos nacionalinio kult\u016bros centro kvietim\u0105 Dain\u0173 \u0161vent\u0117s jubiliej\u0173 pamin\u0117ti kiekviename mieste, pasodinant po simbolin\u012f \u0105\u017euol\u0105, sub\u016br\u0117 tradicij\u0173 myl\u0117tojus \u012f i\u0161kilming\u0105 rengin\u012f. Prie \u0160iauli\u0173 miesto centrinio parko estrados susirinko gausus b\u016brys miesto bendruomen\u0117s nari\u0173, tarp kuri\u0173 \u2013 miesto vadovai, garb\u0117s pilie\u010diai, kult\u016bros atstovai, moksleiviai ir visi, kam brangi dain\u0173 \u0161ven\u010di\u0173 tradicija. Rengin\u012f prad\u0117jusi \u0160iauli\u0173 kult\u016bros centro direktor\u0117 Deimant\u0117 Ba\u010diul\u0117 akcentavo, kad \u0161is pasodintas \u0105\u017euoliukas \u2013 tai ne tik Dain\u0173 \u0161vent\u0117s 100-me\u010dio simbolis, bet ir priminimas kiekvienam dalyvavusiam, jog \u0161iandien jie tapo gyvos istorijos dalimi.<\/p>\n\n\n\n<p>Istoriniame renginyje dalyvavo berniuk\u0173 ir jaunuoli\u0173 choras \u201eDagil\u0117lis\u201c, kurio meno vadovas ir dirigentas Remigijus Adomaitis (nuotr.) taip pat yra bir\u017eelio 1 d. vyksian\u010dios regionin\u0117s Dain\u0173 \u0161vent\u0117s \u201eTeka saulel\u0117\u201c meno vadovas ir vyriausiasis dirigentas. I\u0161kilmingos \u0105\u017euoliuko sodinimo ceremonijos metu kolektyvas dovanojo du k\u016brinius, kurie skamba kiekvienoje Dain\u0173 \u0161vent\u0117je be i\u0161imties: : \u201eLietuva brangi\u201c ir \u201eKur giria \u017ealiuoja\u201c.<\/p>\n\n\n\n<p>\u201eDain\u0173 \u0161ven\u010di\u0173 tradicija tur\u0117jo pergyventi \u012fvairiausias negandas ir sunkumus, bet d\u017eiaugiuosi, kad m\u016bs\u0173 tradicija dainuoti, \u0161okti i\u0161liko ir liks, tikiu, dar labai ilgai. Sveikinu visus su gra\u017eiausia ir \u012fsp\u016bdingiausia \u0161i\u0173 met\u0173 kult\u016brine \u0161vente \u2013 Lietuvos dain\u0173 \u0161vent\u0117s \u0161imtme\u010diu\u201c, \u2013 kalb\u0117jo R. Adomaitis.<\/p>\n\n\n\n<p>Susirinkusiuosius pasveikino ir pirm\u0105sias \u017eemes \u012f paruo\u0161to sodinti \u0105\u017euolo duob\u0119 \u012fberti pakviestas \u0160iauli\u0173 miesto meras Art\u016bras Visockas, kuris pabr\u0117\u017e\u0117 \u0105\u017euoliuko sodinimo ceremonijos svarb\u0105 ir ilgamet\u0119 Dain\u0173 \u0161vent\u0117s \u012ftak\u0105 Lietuvos kult\u016brai. \u201eAkivaizdu, kad 100 met\u0173 \u017emogaus gyvenime atsitinka vien\u0105 kart\u0105, bet \u0161itas \u0105\u017euoliukas gyvens ilgiau, pragyvens mus. Visi, kurie dabar yra \u010dia, kada nors su savo at\u017ealomis eidami pro \u0161al\u012f, prisimins t\u0105 nepaprast\u0105, i\u0161kil\u0173 jausm\u0105, kai sodino \u0161\u012f \u0105\u017euoliuk\u0105\u201c, \u2013 kalb\u0117jo \u0160iauli\u0173 miesto meras A. Visockas.<\/p>\n\n\n\n<p>Po sveikinimo kalb\u0173 \u012f simbolin\u0119 ceremonij\u0105 \u012fsitrauk\u0117 visi susirinkusieji. 100 \u017emoni\u0173, atstovaujan\u010di\u0173 \u012fvairioms \u0160iauli\u0173 miesto bendruomen\u0117s grup\u0117ms, pa\u0117m\u0117 po simbolin\u012f kastuv\u0105 \u017eem\u0117s ir pasodino \u0105\u017euoliuk\u0105. \u0160is ypatingas momentas tapo \u012fsimintinu \u012fvykiu ne tik dalyvavusiems, bet ir visam \u0160iauli\u0173 miestui.<\/p>\n\n\n\n<p>Organizatoriai tikisi, kad \u0105\u017euoliukas augs ir stipr\u0117s kartu su \u0160iauli\u0173 miestu ir b\u016bsimoms kartoms primins apie \u0161i\u0105 ypating\u0105 dien\u0105, kai visi kartu pasodino vilties ir vienyb\u0117s med\u012f.<\/p>\n\n\n\n<p class=\"has-text-align-center\"><strong>Rolando Parafinavi\u010diaus nuotr.<\/strong><\/p>\n","protected":false},"excerpt":{"rendered":"<p>\u0160iauli\u0173 miesto savivaldyb\u0117 ir \u0160iauli\u0173 kult\u016bros centras, atsiliepdami \u012f Lietuvos nacionalinio kult\u016bros centro kvietim\u0105 Dain\u0173 \u0161vent\u0117s jubiliej\u0173 pamin\u0117ti kiekviename mieste, pasodinant po simbolin\u012f \u0105\u017euol\u0105, sub\u016br\u0117 tradicij\u0173 myl\u0117tojus \u012f i\u0161kilming\u0105 rengin\u012f.&hellip; <\/p>\n","protected":false},"author":2,"featured_media":5248,"comment_status":"open","ping_status":"open","sticky":false,"template":"","format":"standard","meta":{"footnotes":""},"categories":[2],"tags":[],"_links":{"self":[{"href":"https:\/\/choras.lt\/index.php\/wp-json\/wp\/v2\/posts\/5246"}],"collection":[{"href":"https:\/\/choras.lt\/index.php\/wp-json\/wp\/v2\/posts"}],"about":[{"href":"https:\/\/choras.lt\/index.php\/wp-json\/wp\/v2\/types\/post"}],"author":[{"embeddable":true,"href":"https:\/\/choras.lt\/index.php\/wp-json\/wp\/v2\/users\/2"}],"replies":[{"embeddable":true,"href":"https:\/\/choras.lt\/index.php\/wp-json\/wp\/v2\/comments?post=5246"}],"version-history":[{"count":3,"href":"https:\/\/choras.lt\/index.php\/wp-json\/wp\/v2\/posts\/5246\/revisions"}],"predecessor-version":[{"id":5250,"href":"https:\/\/choras.lt\/index.php\/wp-json\/wp\/v2\/posts\/5246\/revisions\/5250"}],"wp:featuredmedia":[{"embeddable":true,"href":"https:\/\/choras.lt\/index.php\/wp-json\/wp\/v2\/media\/5248"}],"wp:attachment":[{"href":"https:\/\/choras.lt\/index.php\/wp-json\/wp\/v2\/media?parent=5246"}],"wp:term":[{"taxonomy":"category","embeddable":true,"href":"https:\/\/choras.lt\/index.php\/wp-json\/wp\/v2\/categories?post=5246"},{"taxonomy":"post_tag","embeddable":true,"href":"https:\/\/choras.lt\/index.php\/wp-json\/wp\/v2\/tags?post=5246"}],"curies":[{"name":"wp","href":"https:\/\/api.w.org\/{rel}","templated":true}]}}