{"id":5253,"date":"2024-04-22T10:09:53","date_gmt":"2024-04-22T10:09:53","guid":{"rendered":"https:\/\/choras.lt\/?p=5253"},"modified":"2024-04-22T10:16:36","modified_gmt":"2024-04-22T10:16:36","slug":"latvijos-dainu-svente-uzkulisiai","status":"publish","type":"post","link":"https:\/\/choras.lt\/index.php\/2024\/04\/22\/latvijos-dainu-svente-uzkulisiai\/","title":{"rendered":"Latvijos dain\u0173 \u0161vent\u0117: u\u017ekulisiai"},"content":{"rendered":"\n<p><strong>DOVIL\u0116 \u0160ILEIKYT\u0116<\/strong><\/p>\n\n\n\n<p>T\u0119siu pasakojim\u0105 apie Latvijos dain\u0173 \u0161vent\u0119, kuri vasar\u0105 min\u0117jo 150 m. jubiliej\u0173. Did\u017eioji ankstesnio straipsnio (<strong><em>1<\/em><\/strong>) dalis ra\u0161yta prie\u0161 \u0161vent\u0119, o kas vyko jos metu ir v\u0117liau? Ar tikrai ten \u201e\u017eol\u0117 \u017ealesn\u0117\u201c, kaip atrod\u0117 stebint koncert\u0105 ir Rygos gatves, ir niekas nesipiktina, pavyzd\u017eiui, d\u0117l maitinimo, kaip pas mus? J\u016bs\u0173 d\u0117mesiui \u2013 latvi\u0161kos \u017einiasklaidos internete ir socialini\u0173 tinkl\u0173 ap\u017evalga.<\/p>\n\n\n\n<p class=\"has-text-align-center\"><strong>Vadov\u0173 atlyginim\u0173 klausimas<\/strong><\/p>\n\n\n\n<p>Jau atidarant \u0161ventei skirt\u0105 muziej\u0173 (ma\u017edaug prie\u0161 metus) viena i\u0161 chorved\u017ei\u0173 savo kalboje u\u017esimin\u0117, kad toks muziejus ir nauja estrada, \u017einoma, gerai, bet kai kuri\u0173 vadov\u0173 algos yra neadekva\u010diai per ma\u017eos. Spalio pabaigoje Latvijos dirigent\u0173 asociacija paskelb\u0117 vie\u0161\u0105 vald\u017eiai adresuot\u0105 lai\u0161k\u0105, kuriame teigiama, kad nors dain\u0173 \u0161vent\u0117s fenomenas pabr\u0117\u017eiamas \u012fvairiuose svarbiuose dokumentuose, realyb\u0117je situacija yra sud\u0117tinga ir ne\u012ftraukus \u012f 2024 m. biud\u017eet\u0105 kolektyv\u0173 vadov\u0173 alg\u0173 klausimo, dain\u0173 \u0161ven\u010di\u0173 tradicijai i\u0161kils gr\u0117sm\u0117.<\/p>\n\n\n\n<p>Lapkrit\u012f \u012fvyko dain\u0173 \u0161vent\u0117s vertinimo konferencija (jos transliacij\u0105 ar \u012fra\u0161\u0105 buvo galima steb\u0117ti socialiniame tinkle \u201eFacebook\u201c, organizatori\u0173 paskyroje), kurioje pristatyti po \u0161vent\u0117s vykusios apklausos rezultatai, pristatyta su renginiu susijusi statistika, vyko diskusijos. Prad\u017eioje vadovai atsistojo ir sudainavo \u201e\u0160viesos pil\u012f\u201c, visiems \u017einom\u0105 ir visad \u0161vent\u0117se skamban\u010di\u0105 dain\u0105, kaip kad m\u016bs\u0173 \u201eKur giria \u017ealiuoja\u201c ar \u201eLietuva brangi\u201c. Ji skamb\u0117jo po kult\u016bros ministr\u0117s kalbos ir jos neai\u0161ki\u0173 atsakym\u0173 (\u201et\u0119sim pokalbius ir susitikimus\u201c) \u012f klausimus apie meno kolektyv\u0173 vadov\u0173 alg\u0173 k\u0117limo \u012ftraukim\u0105 \u012f valstyb\u0117s biud\u017eet\u0105. Tada kai kurie prad\u0117jo ploti, \u0161vilpti, paliko sal\u0119\u2026 v\u0117liau socialinuose tinkluose ministr\u0117 visgi pateik\u0117 teigiam\u0105 atsakym\u0105.<\/p>\n\n\n\n<p>Vienas i\u0161 vyr. dirigent\u0173 spaudoje teig\u0117, kad jei vald\u017eios po\u017ei\u016bris \u012f \u0161vent\u0119 ir toliau bus toks, kaip dabar, po 150 met\u0173 ar dar grei\u010diau \u0161vent\u0117s nebeliks. Viename interviu jis pasakojo, kad atlyginim\u0173 situacija Latvijoje n\u0117ra vienoda. Valstyb\u0117 skiria dotacij\u0105 (39 Eur per m\u0117nes\u012f) u\u017e vadovavim\u0105 vienam kolektyvui, kit\u0105 atlygio dal\u012f skiria savivaldyb\u0117. Egzistuoja net toki\u0173 atvej\u0173, kad choro vadovo alga t\u0117ra 177 eur\u0173 per m\u0117nes\u012f. \u201eM\u016bs\u0173 negirdi, \u0161vent\u0117s visiems patinka, bet vadovams dirbti reikia ir tarp j\u0173. Galb\u016bt viskas b\u016bt\u0173 kitaip, jei neb\u016bt\u0173 pasikeitusi vald\u017eia, ankstesnis kult\u016bros ministras alg\u0173 k\u0117limo chor\u0173 ir \u0161oki\u0173 kolektyv\u0173 vadovams klausimu buvo nusiteik\u0119s labiau entuziastingai. O dabar ilgalaik\u0117je perspektyvoje dain\u0173 \u0161vent\u0117s likimas neai\u0161kus. Nerim\u0105 kelia ir mokykl\u0173 situacija: jos jungiamos, i\u0161 ma\u017e\u0173 vaikai perkeliami \u012f dideles, i\u0161 j\u0173 autobusais i\u0161kart po pamok\u0173 i\u0161ve\u017eiojami namo, ne visi turi galimybes lankyti popamokines veiklas. O jei jaunuolis nebus dainav\u0119s mokyklos chore, grei\u010diausiai ir u\u017eaug\u0119s tokio kolektyvo neie\u0161kos\u2026 2025 m. Latvijoje vyks moksleivi\u0173 dain\u0173 \u0161vent\u0117. Valstyb\u0117 \u012f chor\u0173 vadovus yra investavusi laik\u0105 ir i\u0161teklius: jie mok\u0117si ma\u017eiausiai 17 met\u0173. Dirigent\u0173 darbas daugiausia remiasi entuziazmu ir yra ant perdegimo slenks\u010dio, o tai neskatina jaunimo rinktis \u0161ios profesijos\u201c, \u2013 pasakojo M. Kli\u0161anas.<\/p>\n\n\n\n<p>Palyginimui spaudoje buvo pateiktas Estijos pavyzdys, kur dirigentai turi oficiali\u0105 darbo sutart\u012f bent metams su apmokamomis atostogomis, socialin\u0117mis garantijomis, dirbant visu kr\u016bviu atlyginimas prasideda nuo 1600 iki 3200 Eur. Galiausiai vietoj 4,9 mln. Eur, kuri\u0173 tik\u0117tasi ir \u017ead\u0117ta, 2024 m. skirti tik 1,2. Viliamasi, kad tai tik prad\u017eia ir palaipsniui pavyks pasiekti daugiau.<\/p>\n\n\n\n<p class=\"has-text-align-center\"><strong>Maitinimas<\/strong><\/p>\n\n\n\n<p>Pirmosiomis \u0161vent\u0117s dienomis socialiniuose tinkluose pasirod\u0117 \u0161ok\u0117j\u0173 \u012fra\u0161ai, kad \u012f repeticijas, trunkan\u010dias nuo 8:30 iki 23:00 val. (su pertraukomis) \u012feiti galima tik su tu\u0161\u010diu vandens buteliu, neleid\u017eiama \u012fsine\u0161ti maisto ir g\u0117rim\u0173. Juos, net kramtom\u0105 gum\u0105, reikia i\u0161mesti prie \u012f\u0117jimo, kur stovi \u0161iuk\u0161li\u0173 d\u0117\u017e\u0117s su i\u0161mestu maistu ir pilni vandens buteliai: \u201ePana\u0161u, kad \u0161iemet \u0161ios \u0161vent\u0117s pagrindas \u2013 dalyviai \u2013 paskutiniai, apie kuri\u0173 gerov\u0119 pagalvota. Lyg nor\u0117tume ka\u017ekaip sugadinti rengin\u012f savo \u0161okoladu ar sumu\u0161tiniu, bet pasirodo, kad esame gana pavojinga \u017emoni\u0173 grup\u0117, kurios krep\u0161iai prie\u0161 repeticijas patikrinami, ar ten n\u0117ra pasl\u0117pto pyrago ar pusry\u010di\u0173 jogurto\u201c. Dalyviai skund\u0117si, kad net vanden\u012f reikia i\u0161pilti, o repeticij\u0173 vietose norint prisipildyti buteliukus ar gertuves, vinguriavo ilgos eil\u0117s, nes b\u016bta per ma\u017eai \u010diaup\u0173. Nenorint jose stov\u0117ti, reik\u0117jo pirkti vanden\u012f su neadekva\u010diu antkainiu. Organizatoriai teig\u0117, jog dalyviai pasira\u0161\u0117 taisykles, kuriose tai buvo apra\u0161yta, tokie reikalavimai atsirado po ankstesni\u0173 \u0161ven\u010di\u0173 patirties, diskutuojant su \u012fvairi\u0173 institucij\u0173 (maisto ir veterinarijos tarnybos, lig\u0173 profilaktikos ir kontrol\u0117s centro) specialistais, juk jei b\u016bt\u0173 labai kar\u0161ta, galb\u016bt suvalg\u0119s sumu\u0161tin\u012f \u017emogus pasijust\u0173 prastai, o jie atsakingi u\u017e dalyvi\u0173 sveikat\u0105\u2026 V\u0117liau buvo paskelbta informacija, kad dalyviai gali \u012fsine\u0161ti negendant\u012f maist\u0105 \u2013 \u012fvairius baton\u0117lius, \u0161okoladus, sausainius, dar\u017eoves.<\/p>\n\n\n\n<p>Be to, pirm\u0105 repeticij\u0173 dien\u0105 choristai prie maisto eil\u0117se prie estrados stov\u0117jo apie pusantros ar dvi valandas, bet v\u0117liau problemos i\u0161sisprend\u0117. \u201eTokio plataus masto rengin\u012f suorganizuoti be n\u0117 vienos klaidos \u2013 ne\u012fmanoma\u201d, \u2013 eiles prie maisto komentavo kult\u016bros ministras.<\/p>\n\n\n\n<p>Komentarai internete: \u201eReklamavo, kad bus aplinkai draugi\u0161ka ir \u201e\u017ealia\u201c \u0161vent\u0117, ma\u017eiau \u0161iuk\u0161li\u0173, o dabar dalyvi\u0173 su savim paimtas maistas patenka \u012f \u0161iuk\u0161liad\u0117\u017ees\u201c, \u201eNenormalu, kad dalyviams, pavargusiems repeticijose, reikia dar kelias valandas stov\u0117ti eil\u0117se prie maisto ar pusvaland\u012f prie vandens vietoj to, kad ils\u0117t\u0173si ir kaupt\u0173 j\u0117gas koncertams\u201d, \u201eSumu\u0161tini\u0173 karas\u201c, kuris dar kart\u0105 parodo organizatori\u0173 po\u017ei\u016br\u012f \u012f dalyvius. G\u0117da ir negarb\u0117\u201d, \u201eNeneigiu ir sutinku, kad viskas vyksta taip, kaip nurodyta taisykl\u0117se, bet neapleid\u017eia jausmas, kad palyginus su kitais metais, ka\u017ekas ne iki galo suorganizuota, kad dalyviai jaust\u0173si laukiami, suprasti, palaikomi, pripa\u017e\u012fstant, kad b\u016btent jie savo darbu, \u0161irdimi ir siela kuria \u0161i\u0105 \u0161vent\u0119\u201c, \u201eSu dalyviais reik\u0117t\u0173 elgtis kaip su menininkais\u201c. Viena komentator\u0117, pasi\u017ei\u016br\u0117jusi \u012f dalyvi\u0173 maitinimo grafik\u0105 tviteryje rei\u0161k\u0117 jiems u\u017euojaut\u0105, nes maitinimo grafikas buvo, \u0161velniai tariant, nepavyd\u0117tinas: pusry\u010diai 6.00, vakarien\u0117 1.30, link\u0117jo jiems i\u0161tverm\u0117s ir s\u0117km\u0117s.<\/p>\n\n\n\n<p>Per konferencij\u0105 kalb\u0117ta, kad vieniems maisto neu\u017eteko, o kiti jo mokyklose ar rengini\u0173 vietose nevalg\u0117 ir jis buvo i\u0161mestas, anot organizator\u0117s, maitinimas \u2013 sud\u0117tingiausia tokio renginio organizavimo dalis. O ir eili\u0173 i\u0161vengti esant tokiam \u017emoni\u0173 kiekiui yra ne\u012fmanoma.<\/p>\n\n\n\n<p class=\"has-text-align-center\"><strong>Koncert\u0173 trukm\u0117, kiekis ir kiti niuansai<\/strong><\/p>\n\n\n\n<p>Pernai pirm\u0105 kart\u0105 choristai dainavo ne tik baigiamajame, kuriame dar dalyvauja ir pu\u010diam\u0173j\u0173 orkestrai ir \u0161ok\u0117jai, bet ir atskirame, tik jiems skirtame koncerte. Vadinasi, tur\u0117jo paruo\u0161ti dvi programas (nors nedidel\u0117 dalis k\u016brini\u0173 sutapo) ir dainavo keturiuose koncertuose, nes generalin\u0117s repeticijos irgi vyksta koncert\u0173 principu. Palyginus su ankstesn\u0117mis \u0161vent\u0117mis &#8211; kr\u016bvis dvigubas. O dar rengini\u0173 trukm\u0117: baigiamasis koncertas pernai truko penkias su puse valandos (ankstesniais metais irgi pana\u0161iai). Su rikiavimusi kolonose prie\u0161 koncert\u0105 dalyviams ant koj\u0173 tenka praleisti 6,5 val. Konferencijoje kalb\u0117jusios medik\u0117s teigimu, \u0161is laikas netur\u0117t\u0173 trukti ilgiau nei 4 val.<\/p>\n\n\n\n<p>Kiek suprantu, planuojama ir b\u016bsimose dain\u0173 \u0161vent\u0117se nauj\u0105 tradicij\u0105 t\u0119sti. Manau, kad kai kuriems dalyviams toks kr\u016bvis per didelis. Arba reik\u0117t\u0173 trumpinti koncert\u0173 trukm\u0119, tarp j\u0173 ir repeticij\u0173 \u012fterpti poilsio dien\u0173, pavyzd\u017eiui, pirm\u0105 koncert\u0105 rengiant \u0161vent\u0117s prad\u017eioje, kit\u0105 \u2013 pabaigoje, po savait\u0117s.<\/p>\n\n\n\n<p>Ilgi koncertai kelia dar vien\u0105 problem\u0105 \u2013 klausytoj\u0173 vaik\u0161\u010diojimo (tu\u0161\u010diomis ar su maistu, g\u0117rimais), valgymo. Maisto zona Me\u017eparke yra nusileidus i\u0161 \u017ei\u016brov\u0173 sektori\u0173, bet ten b\u016bnant nesigirdi, kas vyksta estradoje, tod\u0117l dalis \u017ei\u016brov\u0173, \u012fsigij\u0119 g\u0117rim\u0173 ar maisto, su jais gr\u012f\u017eta \u012f savo vietas. D\u0117l to nuolat kyla daug diskusij\u0173, pasipiktinimo, bet esant tokiai trukmei (be to, ir atvykti reikia anks\u010diau, prie vart\u0173 rodyti bilietus ir krep\u0161i\u0173 turin\u012f, galb\u016bt palaukti eil\u0117je, o kol pasieksi nakvyn\u0117s viet\u0105, irgi laiko praeis) vaik\u0161\u010diojimo nei\u0161vengsi \u2013 nor\u0117sis ir pavalgyti (su savimi maisto \u012fsine\u0161ti negalima, ai\u0161ku, \u017emon\u0117s yra k\u016brybi\u0161ki, praeitos \u0161vent\u0117s metu internete buvo nuotrauk\u0173 \/ patarim\u0173, kad s\u016brelius galima \u012f d\u0117kl\u0105 akiniams \u012fd\u0117ti ir pan.), ir \u012f tualet\u0105 nueiti. \u201eKoncerto metu nereik\u0117t\u0173 gerti ir su alaus bokalais vaik\u0161\u010dioti \u2013 dain\u0173 \u0161vent\u0117s koncertas n\u0117ra futbolo var\u017eybos\u201d \u2013 piktinosi \u017ei\u016brovai, svarstomas pasi\u016blymas neprekiauti alkoholiu koncerto metu, tik pasidainavim\u0173 nakt\u012f, o ir dalyv\u0117, d\u0117v\u0117jusi balt\u0105 tautin\u012f kostium\u0105, po konferencijos transliacija ra\u0161\u0117 komentarus, kad nebuvo itin jauku taip apsirengusiai manevruoti tarp jau \u0161iek tiek neblaivi\u0173 \u017ei\u016brov\u0173 su alaus bokalais, kurie band\u0117 prasibrauti pro dalyvius koncerto metu, kai \u0161ie ruo\u0161\u0117si pasirodymui. \u201eKoncertai NETURI trukti 5 val. Ir dalyviai, ir \u017ei\u016brovai turi teis\u0119 atsigerti, nueiti \u012f WC, k\u0105 nors suvalgyti\u201d \u2013 komentavo transliacijos steb\u0117tojai internete.<\/p>\n\n\n\n<p>Naujoje estradoje, nors ir \u012frengta v\u0117sinimo sistema, vis tiek kar\u0161ta. Gal ir ne visose vietose, ne visiems, ne\u017einau, bet \u201esidabrin\u012f ber\u017eyn\u0117l\u012f\u201c (toks estrados pavadinimas, paremtas vienos liaudies dainos \u017eod\u017eiais) \u201esidabrine keptuve\u201c vadinan\u010di\u0173 internete ma\u010diau. Kiti gi skund\u0117si, kad d\u0117l lietaus ir d\u0117l t\u0173 v\u0117sinimo sistem\u0173 estrados \u0161onuose esan\u010dios chorist\u0173 vietos, kuriose n\u0117ra suoliuk\u0173, tik betoniniai laiptai, skend\u0117jo balose, teko stov\u0117ti net tada, kai kiti choristai s\u0117d\u0117jo, nes b\u016bt\u0173 tek\u0119 t\u0105 daryti balose.<\/p>\n\n\n\n<p class=\"has-text-align-center\"><strong>Rygos projekt\u0173 choras<\/strong><\/p>\n\n\n\n<p>Rygoje prie\u0161 kelet\u0105 met\u0173 susib\u016br\u0117 choras, repetuojantis kiek kitokiu, nei \u012fprasta, formatu. Jie nerepetuoja visus (mokslo) metus keliskart per savait\u0119, o t\u0105 daro su pertraukomis \u2013 \u0161e\u0161ias savaites rengia koncertines programas, po j\u0173 atlikimo kur\u012f laik\u0105 pailsi. Jame dainuoja buv\u0119 gerai \u017einom\u0173 auk\u0161to meistri\u0161kumo chor\u0173 dainininkai, kurie negali lankyti kolektyv\u0173, repetuojan\u010di\u0173 \u012fprastu grafiku.<\/p>\n\n\n\n<p>Pernai pavasar\u012f \u0161is choras gerai pasirod\u0117 perklausoje, bet \u0161vent\u0117s metu vykstan\u010diame chor\u0173 konkurse nedalyvavo, nes komisija teig\u0117, jog kitokia kolektyvo koncepcija neatitinka dain\u0173 \u0161ven\u010di\u0173 tradicijos principo \u2013 proceso nenutr\u016bkstamumo per reguliariai vykstan\u010dias repeticijas.<\/p>\n\n\n\n<p>Spaudoje ir socialiniuose tinkluose apie tai vyko nema\u017eai diskusij\u0173, buvo versij\u0173, kad komisija i\u0161sigando konkurencijos \u2013 gerai dainuojan\u010dio choro, galin\u010dio aplenkti tuos, kuriems patys vadovauja ir pan. Pasteb\u0117ta ir tai, kad nema\u017eai chorist\u0173 ir \u012fprastai repetuojan\u010diuose choruose \u0161vent\u0117je dainavo \u201eprojekto\u201c principu \u2013 t. y. palyginus chor\u0173 nuotraukas pernai ir u\u017epernai, plika akimi buvo matyti padid\u0117j\u0119s j\u0173 nari\u0173 skai\u010dius. Viena \u017eurnalist\u0117 savo straipsnyje net pajuokavo, kad jei toki\u0173 dalyvi\u0173 neb\u016bt\u0173, estradoje chorist\u0173 gretos b\u016bt\u0173 retos kaip ledo ritulinink\u0173 dantys \ud83d\ude42 Ji ir pati po pertraukos dainuoti prad\u0117jo tik d\u0117l \u0161vent\u0117s, ta\u010diau ra\u0161\u0117, kad dainavimas chore yra per daug nuostabus, kad pasibaigus \u0161ventei jo b\u016bt\u0173 galima atsisakyti.<\/p>\n\n\n\n<p>Kiti gi atvirk\u0161\u010diai \u2013 komentaruose ra\u0161\u0117, kad pastarosiose \u0161vent\u0117se nebedalyvauja: \u201eProvincijoje perklausose beveik visi vieni kitiems padeda, ypa\u010d vyr\u0173 ir sopran\u0173 bals\u0173 grup\u0117se kai kurie dainininkai vos sp\u0117ja sceninius kostiumus keisti, atidainuoja, o repeticijose susirenka toks \u017emoni\u0173 skai\u010dius, kur\u012f ansambliu, o ne choru gal\u0117tum vadinti. P. S. po vis\u0173 \u0161i\u0173 \u012fvyki\u0173 ir am\u017ein\u0173 biliet\u0173 pardavimo problem\u0173 svarsty\u010diau galimyb\u0119 nedalyvauti toje \u0161vent\u0117je, kur tav\u0119s nelaukia\u2026\u201d, \u201e\u0160i bus mano paskutin\u0117 dain\u0173 \u0161vent\u0117. U\u017etenka. Ji tapo komercija, kuriai tr\u016bksta emocin\u0117s pus\u0117s\u201d, \u201eDainuoju nuo neatmenam\u0173 laik\u0173, bet \u0161ioje \u0161vent\u0117je dalyvauti atsisakiau, nes latviai net d\u0117l savo \u0161ven\u010diausio \u012fvykio negali susivienyti ir jau\u010dia konkurencij\u0105. Tai yra baisu!\u201d. \u201eChoristus jau pra\u0117jusiose \u0161vent\u0117se prie\u0161 kiekvien\u0105 repeticij\u0105 ap\u010diupin\u0117davo ir krep\u0161ius tikrindavo, praeitos dvi ir \u0161i kiekvien\u0105 kart\u0105 vis beproti\u0161kesn\u0117s. Per kitus dar labiau kontroliuos. A\u0161 s\u0105moningai nedalyvauju \u2013 nors vis\u0105 am\u017ei\u0173 esu chorist\u0117 ir ka\u017ekada man laaabai patiko \u0161i \u0161vent\u0117. Iki 2013 m.\u201c, \u201eLaukiu baigiamojo koncerto TV transliacijos, b\u016bti gyvai tame balagane jokiu b\u016bdu nenor\u0117\u010diau, buvau ir kaip dalyv\u0117, ir kaip \u017ei\u016brov\u0117, a\u010di\u016b, daugiau nenoriu\u201c, \u201eTai superkomercializuota, chorin\u0117s ar akademin\u0117s-klasikin\u0117s muzikos, o ne dain\u0173 \u0161vent\u0117\u201d. Beje, d\u0117l didesn\u0117s kontrol\u0117s viena i\u0161 komentatori\u0173 buvo teisi \u2013 konferencijoje kalb\u0117ta, kad d\u0117l geopolitin\u0117s situacijos ateityje ji tikrai tokia bus. Ir pasi\u016blymas bent rygie\u010diams maitintis patiems, skiriant jiems tam tikr\u0105 pinig\u0173 sum\u0105 (taip anks\u010diau maitindavom\u0117s mes, Vilniaus kolektyvai Lietuvos \u0161vent\u0117se), buvo atmestas, sakant, kad \u012f renginio teritorij\u0105 \u012fsine\u0161ti ar u\u017esisakyti savo maisto nebus galima.<\/p>\n\n\n\n<p>Taigi nuomoni\u0173 ir patir\u010di\u0173 yra \u012fvairi\u0173. Kaip ir problem\u0173 \u2013 ne tik d\u017eiaugsm\u0173 d\u0117l naujos estrados su muziejumi ar gra\u017ei\u0173 rengini\u0173, autobusiuk\u0173, kurie nuo tramvajaus stotel\u0117s iki estrados ve\u017e\u0117 ne\u012fgaliuosius ar vyresnio am\u017eiaus \u017emones. Pavyzd\u017eiui, kai kurie chorai eityn\u0117se savo eil\u0117s tur\u0117jo laukti tris valandas (vilnie\u010diams tai kai k\u0105 primena :)). Tad turb\u016bt neverta manyti, kad jei svetur \u017eol\u0117 \u017ealesn\u0117, tai ir pikt\u017eol\u0117s n\u0117 vienos n\u0117ra. Linkime s\u0117km\u0117s Lietuvos dain\u0173 \u0161vent\u0117s organizatoriams ir laukiame gra\u017eaus art\u0117jan\u010dio renginio.<\/p>\n\n\n\n<p><strong><em>1<\/em><\/strong> &#8211; <a href=\"https:\/\/choras.lt\/index.php\/2024\/01\/09\/uzburiancios-latvijos-dainu-sventes-ikvepimas-lietuvai\/\">https:\/\/choras.lt\/index.php\/2024\/01\/09\/uzburiancios-latvijos-dainu-sventes-ikvepimas-lietuvai\/<\/a><\/p>\n","protected":false},"excerpt":{"rendered":"<p>DOVIL\u0116 \u0160ILEIKYT\u0116 T\u0119siu pasakojim\u0105 apie Latvijos dain\u0173 \u0161vent\u0119, kuri vasar\u0105 min\u0117jo 150 m. jubiliej\u0173. Did\u017eioji ankstesnio straipsnio (1) dalis ra\u0161yta prie\u0161 \u0161vent\u0119, o kas vyko jos metu ir v\u0117liau? Ar&hellip; <\/p>\n","protected":false},"author":2,"featured_media":4753,"comment_status":"open","ping_status":"open","sticky":false,"template":"","format":"standard","meta":{"footnotes":""},"categories":[2],"tags":[],"_links":{"self":[{"href":"https:\/\/choras.lt\/index.php\/wp-json\/wp\/v2\/posts\/5253"}],"collection":[{"href":"https:\/\/choras.lt\/index.php\/wp-json\/wp\/v2\/posts"}],"about":[{"href":"https:\/\/choras.lt\/index.php\/wp-json\/wp\/v2\/types\/post"}],"author":[{"embeddable":true,"href":"https:\/\/choras.lt\/index.php\/wp-json\/wp\/v2\/users\/2"}],"replies":[{"embeddable":true,"href":"https:\/\/choras.lt\/index.php\/wp-json\/wp\/v2\/comments?post=5253"}],"version-history":[{"count":5,"href":"https:\/\/choras.lt\/index.php\/wp-json\/wp\/v2\/posts\/5253\/revisions"}],"predecessor-version":[{"id":5259,"href":"https:\/\/choras.lt\/index.php\/wp-json\/wp\/v2\/posts\/5253\/revisions\/5259"}],"wp:featuredmedia":[{"embeddable":true,"href":"https:\/\/choras.lt\/index.php\/wp-json\/wp\/v2\/media\/4753"}],"wp:attachment":[{"href":"https:\/\/choras.lt\/index.php\/wp-json\/wp\/v2\/media?parent=5253"}],"wp:term":[{"taxonomy":"category","embeddable":true,"href":"https:\/\/choras.lt\/index.php\/wp-json\/wp\/v2\/categories?post=5253"},{"taxonomy":"post_tag","embeddable":true,"href":"https:\/\/choras.lt\/index.php\/wp-json\/wp\/v2\/tags?post=5253"}],"curies":[{"name":"wp","href":"https:\/\/api.w.org\/{rel}","templated":true}]}}