{"id":5265,"date":"2024-04-23T09:09:14","date_gmt":"2024-04-23T09:09:14","guid":{"rendered":"https:\/\/choras.lt\/?p=5265"},"modified":"2024-04-23T09:09:24","modified_gmt":"2024-04-23T09:09:24","slug":"festivalis-lnobt-open-skelbia-savo-programa","status":"publish","type":"post","link":"https:\/\/choras.lt\/index.php\/2024\/04\/23\/festivalis-lnobt-open-skelbia-savo-programa\/","title":{"rendered":"Festivalis \u201eLNOBT Open\u201c skelbia savo program\u0105"},"content":{"rendered":"\n<p>Nuo bir\u017eelio 26 iki liepos 2 d. Valdov\u0173 r\u016bm\u0173 Did\u017eiajame kieme publikos jau ketvirt\u0105 kart\u0105 lauks vasaros festivalis \u201eLNOBT Open\u201c. \u0160\u012fmet jo \u017ei\u016brovai i\u0161girs dvi re\u010diau atliekamas operas bei \u017eav\u0117sis garsiojo Maurice\u2018o B\u00e9jart\u2018o \u012fkurtos trup\u0117s \u201eB\u00e9jart Ballet Lausanne\u201c \u0161ok\u0117j\u0173 meistri\u0161kumu. Savo koncertu vilnie\u010dius nud\u017eiugins ir atlik\u0117ja Monika Liu kartu su LNOBT simfoniniu orkestru bei jo vyriausiuoju dirigentu Ri\u010dardu \u0160umila.<\/p>\n\n\n\n<p>\u201eVasaros festivalis \u201eLNOBT Open\u201c, vilnie\u010dius ir sostin\u0117s sve\u010dius d\u017eiuginantis nuo 2021-\u0173j\u0173, sukurtas siekiant akcentuoti Lietuvos ind\u0117l\u012f Europos operos istorijoje ir prat\u0119sti \u0161io \u017eanro pristatymo tradicij\u0105 toje vietoje, kur 1636 m. Lenkijos ir Lietuvos valdovo Vladislovo Vazos nurodymu pirm\u0105kart Lietuvoje buvo pastatyta opera. Vilnius gali ir turi did\u017eiuotis tuo, kad opera jame skamb\u0117jo anks\u010diau, nei Londone ar Pary\u017eiuje\u201c, \u2013 teigia laikinai LNOBT generalinio direktoriaus pareigas einantis Audrius Kundrotas.<\/p>\n\n\n\n<p class=\"has-text-align-center\"><strong>K\u016br\u0117jai i\u0161 Vengrijos pristatys \u201eDidon\u0119 ir En\u0117j\u0105\u201c<\/strong><\/p>\n\n\n\n<p>Festival\u012f prad\u0117s bir\u017eelio 26 ir 27 d. rodoma baroko epochos kompozitoriaus Henry Purcellio opera \u201eDidon\u0117 ir En\u0117jas\u201c, kuri\u0105 scenoje Valdov\u0173 r\u016bm\u0173 kieme pristatys k\u016br\u0117j\u0173 komanda i\u0161 Vengrijos valstybin\u0117s operos. Jai vadovauja re\u017eisier\u0117 ir choreograf\u0117 D\u00f3ra Barta, tad pasirodyti \u0161iame spektaklyje gal\u0117s ir operos solistai, ir \u0161ok\u0117jai, o taip pat LNOBT orkestras ir choras.<\/p>\n\n\n\n<p>Budape\u0161to \u017ei\u016brovai D. Bartos sukurt\u0105 pastatym\u0105 pirm\u0105kart i\u0161vydo 2022-\u0173j\u0173 spal\u012f. Operoje XVII a. angl\u0173 kompozitorius H. Purcellis talentingai \u012fgarsino Kartaginos karalien\u0117s Didon\u0117s ir Trojos princo En\u0117jo meil\u0117s istorij\u0105, garsiausio rom\u0117n\u0173 poeto Vergilijaus apra\u0161yt\u0105 \u201eEneidoje\u201c. En\u0117jas pakl\u016bsta diev\u0173 paliepimui palikti Kartagin\u0105 ir i\u0161plaukti Italijon, o ambicingoji Didon\u0117, \u012f\u017eeista jo i\u0161vykimo, negali su i\u0161siskyrimu susitaikyti\u2026<\/p>\n\n\n\n<p class=\"has-text-align-center\"><strong>Pirm\u0105kart Lietuvoje skamb\u0117s J. Massenet \u201eTeres\u0117\u201c <\/strong><\/p>\n\n\n\n<p>Meil\u0117s dram\u0105 su politiniu prieskoniu gird\u0117sime ir pranc\u016bz\u0173 kompozitoriaus Jules\u2018io Massenet operoje \u201eTeres\u0117\u201c, kurios koncertinis atlikimas \u201eLNOBT Open\u201c scenoje numatytas bir\u017eelio 28-\u0105j\u0105. \u0160\u012f retai atliekam\u0105 k\u016brin\u012f teatro festivalis pristato kartu su partneriu \u2013 Pa\u017eaislio muzikos festivaliu, t\u0119sdamas dviej\u0173 klasikinei muzikai i\u0161tikim\u0173 festivali\u0173 bendradarbiavimo tradicij\u0105.<\/p>\n\n\n\n<p>Operos atlikimo Lietuvoje id\u0117ja priklauso mecosopranui Justinai Gringytei, Teres\u0117s partij\u0105 anks\u010diau dainavusiai \u0160kotijos nacionalin\u0117je operoje ir tiesiog \u012fsimyl\u0117jusiai \u0161\u012f veikal\u0105. Teres\u0117s sutuoktinio Andr\u0117 partij\u0105 atliks bosas Tadas Girininkas, o mylimojo Armando \u2013 tenoras Edgaras Montvidas. Gros LNOBT simfoninis orkestras, vadovaujamas vyriausiojo dirigento Ri\u010dardo \u0160umilos, dainuos teatro choro, vadovaujamo \u010ceslovo Rad\u017ei\u016bno, vyr\u0173 grup\u0117.<\/p>\n\n\n\n<p class=\"has-text-align-center\"><strong>Monika Liu su simfoniniu orkestru \u2013 sostin\u0117s \u0161irdyje<\/strong><\/p>\n\n\n\n<p>Kauno \u201e\u017dalgirio\u201c arenoje kov\u0105 pristatytas atlik\u0117jos Monikos Liu koncertas su LNOBT simfoniniu orkestru sulauk\u0117 didelio publikos susidom\u0117jimo, tad festivalis \u201eLNOBT Open\u201c bir\u017eelio 29-\u0105j\u0105 suteiks \u0161ans\u0105 pamatyti \u0161\u012f pasirodym\u0105 ir vilnie\u010diams. Tai galimyb\u0117 i\u0161girsti teatro orkestr\u0105 ne\u012fprastame amplua, o kartu \u2013 pa\u010dios daininink\u0117s svajon\u0117s dainuoti skambant simfoniniam orkestrui i\u0161pildymas. \u201eMonika Liu \u2013 profesionali ir charizmati\u0161ka populiariosios muzikos atlik\u0117ja, kuri, bendradarbiaudama su dirigentu R. \u0160umila, sugeb\u0117jo parengti itin jautri\u0105, individualiais i\u0161gyvenimais nuspalvint\u0105 koncertin\u0119 program\u0105. B\u016bt\u0173 i\u0161ties apmaudu, jei tokios apimties ir menin\u0117s kokyb\u0117s muzikinis projektas i\u0161nykt\u0173 i\u0161 publikos akira\u010dio vos po vieno vienintelio pasirodymo\u201c, \u2013 teigia A. Kundrotas.<\/p>\n\n\n\n<p class=\"has-text-align-center\"><strong>Atvyksta M. Bejart\u2018o baleto trup\u0117<\/strong><\/p>\n\n\n\n<p>Pirmuosius du liepos m\u0117nesio vakarus festivalio \u201eLNOBT Open\u201c scenoje \u0161eimininkaus ypatingi ir, be abejon\u0117s, vis\u0173 baleto gurman\u0173 itin laukiami u\u017esienio sve\u010diai \u2013 legendinio pranc\u016bz\u0173 choreografo Maurice\u2018o B\u00e9jart\u2018o (1927\u20132007) \u012fkurta \u201eB\u00e9jart Ballet Lausanne\u201c trup\u0117 i\u0161 \u0160veicarijos. Vilniuje ji pristatys tris vienaveiksmius baletus. Du i\u0161 j\u0173 buvo sukurti dar paties trup\u0117s \u012fk\u016br\u0117jo: tai legendinis \u201eBolero\u201c pagal populiar\u0173j\u012f kompozitoriaus Maurice\u2018o Ravelio k\u016brin\u012f ir \u201e7 graik\u0173 \u0161okiai\u201c pagal Mikio Theodorakio muzik\u0105. Tre\u010diasis \u2013 choreografo Gilo Romano 2022 m. sukurtas spektaklis \u201eTeb\u016bnie \u0161okis!..\u201c (pranc. Alors on danse\u2026!), kuriame skamba Johno Zorno, Bobo Dylano ir grup\u0117s \u201eCitypercussion\u201c k\u016briniai. G. Romanas vadovavo trupei nuo M. B\u00e9jart\u2018o mirties iki 2024 m. vasario. \u0160i\u0173 met\u0173 kov\u0105 laikinuoju \u201eB\u00e9jart Ballet Lausanne\u201c meno vadovu paskirtas ilgametis tos pa\u010dios trup\u0117s \u0161ok\u0117jas Julienas Favreau.<\/p>\n\n\n\n<p>\u201ePriimti toki\u0105 presti\u017ein\u0119 baleto trup\u0119, kaip \u201eB\u00e9jart Ballet Lausanne\u201c, atviroje vasaros festivalio scenoje nebus paprasta, nes b\u016btina tuo pa\u010diu metu laikyti parengt\u0105 ir LNOBT did\u017ei\u0105j\u0105 scen\u0105, \u012f kuri\u0105 sve\u010di\u0173 pasirodymai b\u016bt\u0173 operatyviai perkelti nepalankiomis oro s\u0105lygomis. Bet m\u016bs\u0173 siekis \u2013 sukurti \u017ei\u016brovams \u012fsimintin\u0105 vasaros \u0161vent\u0119 po atviru dangumi, Valdov\u0173 r\u016bm\u0173 apsuptyje, tad kartu su i\u0161tikimiausiais festivalio \u017ei\u016brovais laikysime sugniau\u017etus kum\u0161\u010dius u\u017e tai, kad dangus liepos prad\u017eioje b\u016bt\u0173 gailestingas\u201c, \u2013 \u0161ypsosi A. Kundrotas.<\/p>\n\n\n\n<p class=\"has-text-align-center\"><strong>Martyno Aleksos nuotr.<\/strong><\/p>\n","protected":false},"excerpt":{"rendered":"<p>Nuo bir\u017eelio 26 iki liepos 2 d. Valdov\u0173 r\u016bm\u0173 Did\u017eiajame kieme publikos jau ketvirt\u0105 kart\u0105 lauks vasaros festivalis \u201eLNOBT Open\u201c. \u0160\u012fmet jo \u017ei\u016brovai i\u0161girs dvi re\u010diau atliekamas operas bei \u017eav\u0117sis&hellip; <\/p>\n","protected":false},"author":2,"featured_media":5267,"comment_status":"open","ping_status":"open","sticky":false,"template":"","format":"standard","meta":{"footnotes":""},"categories":[2],"tags":[],"_links":{"self":[{"href":"https:\/\/choras.lt\/index.php\/wp-json\/wp\/v2\/posts\/5265"}],"collection":[{"href":"https:\/\/choras.lt\/index.php\/wp-json\/wp\/v2\/posts"}],"about":[{"href":"https:\/\/choras.lt\/index.php\/wp-json\/wp\/v2\/types\/post"}],"author":[{"embeddable":true,"href":"https:\/\/choras.lt\/index.php\/wp-json\/wp\/v2\/users\/2"}],"replies":[{"embeddable":true,"href":"https:\/\/choras.lt\/index.php\/wp-json\/wp\/v2\/comments?post=5265"}],"version-history":[{"count":2,"href":"https:\/\/choras.lt\/index.php\/wp-json\/wp\/v2\/posts\/5265\/revisions"}],"predecessor-version":[{"id":5268,"href":"https:\/\/choras.lt\/index.php\/wp-json\/wp\/v2\/posts\/5265\/revisions\/5268"}],"wp:featuredmedia":[{"embeddable":true,"href":"https:\/\/choras.lt\/index.php\/wp-json\/wp\/v2\/media\/5267"}],"wp:attachment":[{"href":"https:\/\/choras.lt\/index.php\/wp-json\/wp\/v2\/media?parent=5265"}],"wp:term":[{"taxonomy":"category","embeddable":true,"href":"https:\/\/choras.lt\/index.php\/wp-json\/wp\/v2\/categories?post=5265"},{"taxonomy":"post_tag","embeddable":true,"href":"https:\/\/choras.lt\/index.php\/wp-json\/wp\/v2\/tags?post=5265"}],"curies":[{"name":"wp","href":"https:\/\/api.w.org\/{rel}","templated":true}]}}