{"id":5280,"date":"2024-04-29T09:58:23","date_gmt":"2024-04-29T09:58:23","guid":{"rendered":"https:\/\/choras.lt\/?p=5280"},"modified":"2024-04-29T09:58:36","modified_gmt":"2024-04-29T09:58:36","slug":"europos-jaunimo-muzikos-festivalyje-laurai-lietuvos-chorams","status":"publish","type":"post","link":"https:\/\/choras.lt\/index.php\/2024\/04\/29\/europos-jaunimo-muzikos-festivalyje-laurai-lietuvos-chorams\/","title":{"rendered":"Europos jaunimo muzikos festivalyje \u2013 laurai Lietuvos chorams"},"content":{"rendered":"\n<p>Nerpelto mieste, Belgijoje baig\u0117si \u201eEuropean Music Festival for Young People\u201c \u2013 Europos jaunimo muzikos festivalis. I\u0161 festivalyje vykusio konkurso du Lietuvos chorai \u2013 Klaip\u0117dos Vyd\u016bno gimnazijos vaik\u0173 choras ir Vilniaus vaik\u0173 choras \u201eUgnel\u0117\u201c \u2013 parsive\u017ea auk\u0161\u010diausius \u012fvertinimus.<\/p>\n\n\n\n<p>\u201eEuropean Music Festival for Young People\u201c vyksta jau 72 metus ir kaskart sutraukia tarp 3000-5000 muzikuojan\u010di\u0173 vaik\u0173 ir jaunuoli\u0173 i\u0161 viso \u017eemyno. Festivalio konkursin\u0117je programoje pame\u010diui dalyvauja chorai ir orkestrai, o \u0161iemet savo j\u0117gas i\u0161band\u0117 93 chorai i\u0161 19 \u0161ali\u0173. Kolektyvus vertino tokios chorin\u0117s muzikos \u017evaig\u017ed\u0117s kaip Bernie Sherlock (Airija), Maria Guinand (JAV), Mat Wright (JK), Aarne Saluveer (Estija), Fabio Pecci (Italija) ir kiti. Lietuvos chorams konkursas buvo ypa\u010d s\u0117kmingas: Klaip\u0117dos Vyd\u016bno gimnazijos choras vaik\u0173 chor\u0173 iki 14 m. kategorijoje buvo \u012fvertintas pirmojo laipsnio Cum laude diplomu, o Vilniaus vaik\u0173 choras \u201eUgnel\u0117\u201c \u2013 pirmojo laipsnio diplomu auk\u0161to meistri\u0161kumo vaik\u0173 chor\u0173 kategorijoje.<\/p>\n\n\n\n<p>\u201eDidelis d\u017eiaugsmas dalyvauti chorinio dainavimo \u0161vent\u0117je, suburian\u010dioje geriausius Europos chorinius kolektyvus, \u2013 dalinosi Klaip\u0117dos Vyd\u016bno gimnazijos direktorius ir mokyklos vaik\u0173 choro meno vadovas Arvydas Girzdijauskas. \u2013 Choristams paliko did\u017eiul\u012f \u012fsp\u016bd\u012f auk\u0161to lygio chorinis dainavimas, gausiai skamb\u0117j\u0119s visas festivalio dienas. Auk\u0161tas \u017eiuri \u012fvertinimas leido pasijusti pilnaver\u010diais Europos chorin\u0117s \u0161eimos nariais. Labai vertiname puiki\u0105 galimyb\u0119 patirti dainavimo d\u017eiaugsm\u0105 puikioje muzikos \u0161vent\u0117je.\u201c<\/p>\n\n\n\n<p>Abu chorai savo kategorijose tur\u0117jo i\u0161pildyti specialius reikalavimus: paruo\u0161ti privalomus, visi\u0161kai naujai para\u0161ytus Belgijos kompozitori\u0173 k\u016brinius, vienu balsu atliekamas tradicines lietuvi\u0161kas melodijas. Auk\u0161to meistri\u0161kumo chor\u0173 kategorija pareikalavo \u012f program\u0105 \u012ftraukti ir Renesanso muzikos bei XXI a. Lietuvos kompozitori\u0173 k\u016brybos.<\/p>\n\n\n\n<p>\u201eMums konkursas buvo dvigubas \u2013 likus keliems m\u0117nesiams iki festivalio aplikavome \u012f auk\u0161to meistri\u0161kumo chor\u0173 kategorij\u0105 ir tur\u0117jome \u012fveikti atrank\u0105 pateikdami savo ankstesni\u0173 konkurs\u0173 rezultatus bei video \u012fra\u0161us. Tai buvo pirmasis etapas. Antrasis \u012fvyko gyvai Belgijoje \u2013 buvo didel\u0117 garb\u0117 var\u017eytis su chorais, kuri\u0173 darbu \u017eavim\u0117s ne vienerius metus,\u201c \u2013 pasakojo vaik\u0173 choro \u201eUgnel\u0117\u201c meno vadov\u0117 Valerija Skapien\u0117.<\/p>\n\n\n\n<p>Chorai ne tik var\u017e\u0117si konkurse, bet ir dalyvavo koncertuose \u2013 organizatoriai skai\u010diuoja, kad per festivalio savaitgal\u012f jo renginius aplanko net iki 25 t\u016bkst. \u017emoni\u0173. V. Skapien\u0117s ir A. Girdzijausko diriguojami kolektyvai nepraleido progos belg\u0173 klausytojams pristatyti \u0161iemet \u0161imtmet\u012f minin\u010dios Lietuvos dain\u0173 \u0161vent\u0117s, kurios k\u016brinius \u012ftrauk\u0117 \u012f koncert\u0173 programas.<\/p>\n","protected":false},"excerpt":{"rendered":"<p>Nerpelto mieste, Belgijoje baig\u0117si \u201eEuropean Music Festival for Young People\u201c \u2013 Europos jaunimo muzikos festivalis. I\u0161 festivalyje vykusio konkurso du Lietuvos chorai \u2013 Klaip\u0117dos Vyd\u016bno gimnazijos vaik\u0173 choras ir Vilniaus&hellip; <\/p>\n","protected":false},"author":2,"featured_media":5282,"comment_status":"open","ping_status":"open","sticky":false,"template":"","format":"standard","meta":{"footnotes":""},"categories":[2],"tags":[],"_links":{"self":[{"href":"https:\/\/choras.lt\/index.php\/wp-json\/wp\/v2\/posts\/5280"}],"collection":[{"href":"https:\/\/choras.lt\/index.php\/wp-json\/wp\/v2\/posts"}],"about":[{"href":"https:\/\/choras.lt\/index.php\/wp-json\/wp\/v2\/types\/post"}],"author":[{"embeddable":true,"href":"https:\/\/choras.lt\/index.php\/wp-json\/wp\/v2\/users\/2"}],"replies":[{"embeddable":true,"href":"https:\/\/choras.lt\/index.php\/wp-json\/wp\/v2\/comments?post=5280"}],"version-history":[{"count":1,"href":"https:\/\/choras.lt\/index.php\/wp-json\/wp\/v2\/posts\/5280\/revisions"}],"predecessor-version":[{"id":5281,"href":"https:\/\/choras.lt\/index.php\/wp-json\/wp\/v2\/posts\/5280\/revisions\/5281"}],"wp:featuredmedia":[{"embeddable":true,"href":"https:\/\/choras.lt\/index.php\/wp-json\/wp\/v2\/media\/5282"}],"wp:attachment":[{"href":"https:\/\/choras.lt\/index.php\/wp-json\/wp\/v2\/media?parent=5280"}],"wp:term":[{"taxonomy":"category","embeddable":true,"href":"https:\/\/choras.lt\/index.php\/wp-json\/wp\/v2\/categories?post=5280"},{"taxonomy":"post_tag","embeddable":true,"href":"https:\/\/choras.lt\/index.php\/wp-json\/wp\/v2\/tags?post=5280"}],"curies":[{"name":"wp","href":"https:\/\/api.w.org\/{rel}","templated":true}]}}