{"id":5292,"date":"2024-05-10T15:31:32","date_gmt":"2024-05-10T15:31:32","guid":{"rendered":"https:\/\/choras.lt\/?p=5292"},"modified":"2024-05-10T15:36:39","modified_gmt":"2024-05-10T15:36:39","slug":"arteja-xxiii-tarptautinis-stasio-simkaus-choru-konkursas","status":"publish","type":"post","link":"https:\/\/choras.lt\/index.php\/2024\/05\/10\/arteja-xxiii-tarptautinis-stasio-simkaus-choru-konkursas\/","title":{"rendered":"Art\u0117ja XXIII Tarptautinis Stasio \u0160imkaus chor\u0173 konkursas!"},"content":{"rendered":"\n<p>Laikas nenumaldomai b\u0117ga ir rodos, dar visai nesenai pasibaig\u0117 tradicinis XXII tarptautinis Stasio \u0160imkaus chor\u0173 konkursas, kur\u012f laim\u0117jo amerikie\u010diai BYU Singers, meno vadovas Andrew Crane, o jau ant slenks\u010dio \u2013 XXIII tarptautinis Stasio \u0160imkaus chor\u0173 konkursas.<\/p>\n\n\n\n<p>Klaip\u0117dos miesto chorved\u017ei\u0173, v\u0117liau Klaip\u0117dos miesto chorin\u0117s bendrijos \u201eAukuras\u201c daugiau nei 48 metus po kruopelyt\u0119 augintas konkursas i\u0161sipl\u0117tojo iki tarptautinio chor\u0173 konkurso. Jo k\u016br\u0117j\u0173 ir pagrindini\u0173 organizatori\u0173 \u2013 doc. Vytauto Bl\u016b\u0161iaus, doc. Roberto Varno, prof. Algio Zaboro ir dabartin\u0117s Klaip\u0117dos miesto chorin\u0117s bendrijos \u201eAukuras\u201c tarybos pastangomis konkursas tapo solidus chorin\u0117s kult\u016bros rei\u0161kinys, turintis savas tradicijas, sukaup\u0119s did\u017eiul\u0119 patirt\u012f, yra pripa\u017eintas tarptautinis chorinio \u017eanro renginys ir yra gerai \u017einomas ne tik Klaip\u0117doje, Lietuvoje, Europoje, o ir pla\u010diau.<\/p>\n\n\n\n<p>\u0160is konkursas, gars\u0117jantis kaip konkursas, \u012f kur\u012f atrenkami auk\u0161to meninio lygio \u017einomi Lietuvos ir u\u017esienio kolektyvai. Konkurso vertinimo komisijos darbe dalyvauja \u017eym\u016bs Lietuvos ir u\u017esienio chorved\u017eiai. Tarptautinis konkursas Klaip\u0117doje \u2013 tai t\u0105sa klaip\u0117dieti\u0161k\u0173 chorini\u0173 tradicij\u0173, papildant jas chor\u0173 konkursu, o tuo pa\u010diu ir m\u016bs\u0173 miesto sklaida bei pripa\u017einimas tarptautin\u0117je erdv\u0117je. \u017dinoma, Klaip\u0117dos miestui tai did\u017eiul\u0117 bei i\u0161skirtin\u0117 garb\u0117, o ir nema\u017eesn\u0117 atsakomyb\u0117.<\/p>\n\n\n\n<p>XXIII tarptautinis Stasio \u0160imkaus chor\u0173 konkursas vyks \u0161. m. gegu\u017e\u0117s 16-19 dienomis Klaip\u0117dos koncert\u0173 sal\u0117je (\u0160auli\u0173 g. 36) bei Klaip\u0117dos Martijos Taikos Karalien\u0117s ba\u017eny\u010dioje (Rumpi\u0161k\u0117s g. 6, Klaip\u0117da). Reng\u0117jai \u2013 Klaip\u0117dos miesto chorin\u0117 bendrija \u201eAukuras\u201c kartu su Klaip\u0117dos miesto savivaldybe bei Lietuvos nacionaliniu kult\u016bros centru.<\/p>\n\n\n\n<p>\u0160iemet konkurse ketina dalyvauti per 20 kolektyv\u0173 i\u0161 Latvijos, Estijos, Lenkijos, Ukrainos, \u0160vedijos, Ganos, Angolos, Kongo Demokratin\u0117s Respublikos ir Lietuvos. Konkurso komisijos pirmininkas, vienas \u017eymiausi\u0173 lenk\u0173 sakralin\u0117s ir chorin\u0117s muzikos atstov\u0173 pasaulyje, choro dirigentas ir kompozitorius prof. dr. Pawe\u0142 \u0141ukaszewski.<\/p>\n\n\n\n<p>\u0160alia chor\u0173 konkurso, gegu\u017e\u0117s 16-19 dienomis, numatomi per 10 konkurso dalyvi\u0173 koncert\u0173, kurie vyks Klaip\u0117doje, Palangoje, Kretingoje, Plung\u0117je. O konkurso atidarymo koncerte gegu\u017e\u0117s 16 d. 17 val. Klaip\u0117dos koncert\u0173 sal\u0117je koncertuos 2018 met\u0173 XXI tarptautinio Stasio \u0160imkaus chor\u0173 konkurso Did\u017eiojo gintaro prizo laim\u0117tojas \u2013 Kauno kult\u016bros centro mi\u0161rus choras \u201eKamertonas\u201c, vadovas K\u0119stutis Jakeli\u016bnas.<\/p>\n\n\n\n<p>Konkurso metu bei koncertuose i\u0161girsime garsius chorus: nuostab\u0173 moter\u0173 chor\u0105 \u201eKorallerna\u201c i\u0161 \u0160vedijos, vien\u0105 garsiausi\u0173 vaik\u0173 chor\u0173 i\u0161 Ukrainos &#8211; Kijevo Holosiivskio rajono vaik\u0173 ir jaunimo k\u016brybos nam\u0173 vaik\u0173 chor\u0105 \u201eLastivka\u201c, \u017eym\u0173 akademin\u012f mi\u0161r\u0173 chor\u0105 i\u0161 Var\u0161uvos technologijos universiteto, puik\u0173 Rygos technikos universiteto mi\u0161r\u0173 chor\u0105 \u201eVivere\u201c bei Latvijos kult\u016bros akademijos mi\u0161r\u0173 chor\u0105 \u201eS\u014dla\u201c, o ir daugel\u012f kit\u0173 garsi\u0173 chor\u0173. Tur\u0117sime kolektyv\u0173 net ir i\u0161 Ganos bei Angolos, Kongo Demokratin\u0117s Respublikos. I\u0161girsime ir m\u016bs\u0173 \u0161alies garsius chorus: Vytauto Did\u017eiojo universiteto \u0160vietimo akademijos chor\u0105 \u201eAve vita\u201c, jaunatvi\u0161k\u0105 \u0160iauli\u0173 kult\u016bros centro kamerin\u012f chor\u0105 \u201eAt\u017ealynas\u201c, o Klaip\u0117d\u0105 konkurse atstovaus mums gerai \u017einomas puikus Klaip\u0117dos miesto savivaldyb\u0117s kult\u016bros centro \u017dvej\u0173 r\u016bm\u0173 mi\u0161rus choras \u201eCantare\u201c.<\/p>\n\n\n\n<p>Be konkurso ir koncert\u0173 Klaip\u0117dos koncert\u0173 sal\u0117je (\u0160auli\u0173 g. 36) gegu\u017e\u0117s 19 d. 9.30 val. vyks diskusija &#8211; seminaras prie apvalaus stalo konkurso dalyviams ir sve\u010diams, kur\u012f ves konkurso vertinimo komisija, numatomi ir kiti renginiai.<\/p>\n\n\n\n<p>Tikim\u0117s sulaukti didelio \u017ei\u016brov\u0173 d\u0117mesio tiek pa\u010diame konkurse, tiek ir konkurso dalyvi\u0173 koncertuose, o diskusij\u0173 seminare laukiame vis\u0173 choro dirigent\u0173, muzikos mokytoj\u0173 bei norin\u010di\u0173 daugiau su\u017einoti apie<br>pasaulio ir Europos chorin\u0119 muzik\u0105 bei jos aktualijas.<\/p>\n\n\n\n<p>Konkurso i\u0161samesn\u0119 informacij\u0105 bei tiksli\u0105 rengini\u0173 program\u0105 galima rasti Klaip\u0117dos miesto chorin\u0117s bendrijos \u201eAukuras\u201c konkurso internetiniame puslapyje: www.aukuras.org\/simkus bei socialiniuose tinkluose. Facebook renginys: https:\/\/www.facebook.com\/events\/290622143612921<\/p>\n\n\n\n<p class=\"has-text-align-center\"><strong>Konkurso Meno vadovas ir direktorius<br>Klaip\u0117dos miesto chorin\u0117s bendrijos \u201eAukuras\u201c<br>Tarybos pirmininkas doc. Algirdas \u0160umskis<\/strong><\/p>\n\n\n\n<p class=\"has-text-align-center\">Nuotraukoje: konkurso dalyvis &#8211; Latvijos choras &#8220;Ik\u0161kile&#8221;, vad. Maris Sirmais<\/p>\n","protected":false},"excerpt":{"rendered":"<p>Laikas nenumaldomai b\u0117ga ir rodos, dar visai nesenai pasibaig\u0117 tradicinis XXII tarptautinis Stasio \u0160imkaus chor\u0173 konkursas, kur\u012f laim\u0117jo amerikie\u010diai BYU Singers, meno vadovas Andrew Crane, o jau ant slenks\u010dio \u2013&hellip; <\/p>\n","protected":false},"author":2,"featured_media":5294,"comment_status":"open","ping_status":"open","sticky":false,"template":"","format":"standard","meta":{"footnotes":""},"categories":[2],"tags":[],"_links":{"self":[{"href":"https:\/\/choras.lt\/index.php\/wp-json\/wp\/v2\/posts\/5292"}],"collection":[{"href":"https:\/\/choras.lt\/index.php\/wp-json\/wp\/v2\/posts"}],"about":[{"href":"https:\/\/choras.lt\/index.php\/wp-json\/wp\/v2\/types\/post"}],"author":[{"embeddable":true,"href":"https:\/\/choras.lt\/index.php\/wp-json\/wp\/v2\/users\/2"}],"replies":[{"embeddable":true,"href":"https:\/\/choras.lt\/index.php\/wp-json\/wp\/v2\/comments?post=5292"}],"version-history":[{"count":5,"href":"https:\/\/choras.lt\/index.php\/wp-json\/wp\/v2\/posts\/5292\/revisions"}],"predecessor-version":[{"id":5298,"href":"https:\/\/choras.lt\/index.php\/wp-json\/wp\/v2\/posts\/5292\/revisions\/5298"}],"wp:featuredmedia":[{"embeddable":true,"href":"https:\/\/choras.lt\/index.php\/wp-json\/wp\/v2\/media\/5294"}],"wp:attachment":[{"href":"https:\/\/choras.lt\/index.php\/wp-json\/wp\/v2\/media?parent=5292"}],"wp:term":[{"taxonomy":"category","embeddable":true,"href":"https:\/\/choras.lt\/index.php\/wp-json\/wp\/v2\/categories?post=5292"},{"taxonomy":"post_tag","embeddable":true,"href":"https:\/\/choras.lt\/index.php\/wp-json\/wp\/v2\/tags?post=5292"}],"curies":[{"name":"wp","href":"https:\/\/api.w.org\/{rel}","templated":true}]}}