{"id":5474,"date":"2024-06-27T13:26:06","date_gmt":"2024-06-27T13:26:06","guid":{"rendered":"https:\/\/choras.lt\/?p=5474"},"modified":"2024-06-27T13:26:08","modified_gmt":"2024-06-27T13:26:08","slug":"ukrainietes-i-ansamblio-repeticija-skuba-net-karo-salygomis","status":"publish","type":"post","link":"https:\/\/choras.lt\/index.php\/2024\/06\/27\/ukrainietes-i-ansamblio-repeticija-skuba-net-karo-salygomis\/","title":{"rendered":"Ukrainiet\u0117s \u012f ansamblio repeticij\u0105 skuba net karo s\u0105lygomis"},"content":{"rendered":"\n<p>Ukrainie\u010di\u0173 liaudies dainos \u2013 dvasinis ginklas kovoje su okupantais. Tok\u012f kovos b\u016bd\u0105, kaip ir daugelis kult\u016bros puosel\u0117toj\u0173, pasirinko ir Centrin\u0117s Ukrainos \u010cerkas\u0173 srities folkloro ansamblis \u201eKozachka\u201c. Jo dalyviai liaudies dainas praktikuoja ir kasdienyb\u0117je, ir \u0161eimos bei kalendorin\u0117se \u0161vent\u0117se. Centrin\u0117s Ukrainos \u010cerkas\u0173 srities folkloro ansamblis \u201eKozachka\u201c dalyvaus bir\u017eelio 29 d. 18 val. Lietuvos valstybinio simfoninio orkestro koncert\u0173 sal\u0117je vyksian\u010diame tarptautinio folkloro festivalio \u201eBaltica\u201c did\u017eiajame koncerte \u201eAtsiv\u0117rimai\u201c bei kituose festivalio renginiuose.<\/p>\n\n\n\n<p>Folkloro ansamblio vadov\u0117 Olha Martynenko pasakoja, kaip karo metu jau\u010diasi kolektyvo nar\u0117s ir k\u0105 joms rei\u0161kia liaudies daina. Vadov\u0117 pa\u017eymi, kad \u201eKozachka\u201c moterims dainavimas \u2013 tarsi gaivaus oro gurk\u0161nis, galimyb\u0117 laikinai pamir\u0161ti kasdienes problemas ir pails\u0117ti nuo buities darb\u0173. Visos moterys moka daug liaudies dain\u0173, i\u0161mano \u012fvairius ritualus ir labai m\u0117gsta dainuoti, tad \u012f repeticijas skuba bet kokiu oru ir bet kokiomis aplinkyb\u0117mis.<\/p>\n\n\n\n<p>Visos ansamblio \u201eKozachka\u201c nar\u0117s yra i\u0161 \u010cigirino miestelio. \u0160io kra\u0161to tradicin\u0117ms liaudies dainoms b\u016bdingas daugiabalsi\u0161kumas, kai atliekant dain\u0105 vienu metu skamba skirtingi balsai. \u201eVedan\u010dioji labai auk\u0161tame registre u\u017eveda dain\u0105, taip nustatydama melodijos auk\u0161t\u012f, temp\u0105 ir t\u0117km\u0119, o jai \u017eemais balsais pritaria likusios daininink\u0117s\u201c \u2013 pasakoja O. Martynenko. Visos kartu dainuodamos moterys sukuria bendr\u0105 dainos charakter\u012f ir skambes\u012f.<\/p>\n\n\n\n<p>Ansamblyje darniai sugyvena 15 nari\u0173, jauniausiai \u2013 65 metai, vyriausiai \u0161iemet sukaks 82-eji. Ansamblio puosel\u0117jamos dainos yra atsine\u0161tos i\u0161 nam\u0173, i\u0161 gimtin\u0117s \u2013 surinktos i\u0161 mam\u0173, mo\u010diu\u010di\u0173, kaimyn\u0173, pa\u017e\u012fstam\u0173, taip pat u\u017era\u0161ytos i\u0161 ekspedicijose apklaust\u0173 pateik\u0117j\u0173. Kruop\u0161tumo ir i\u0161tverm\u0117s reikalaujantis fiksavimo darbas dav\u0117 savo vaisi\u0173 \u2013 visa, kas i\u0161saugota, dabar skamba koncertuose, mokymuose, susitikimuose su kaim\u0173 bendruomen\u0117mis, mokiniais, kariaujan\u010diaisiais fronte.<\/p>\n\n\n\n<p>Pasak kolektyvo vadov\u0117s, ukrainie\u010di\u0173 liaudies dainos atspindi Ukrainos \u017emoni\u0173 gyvenimo istorij\u0105, kuri per daugel\u012f am\u017ei\u0173 klost\u0117si skirtingai: \u201e\u017dmon\u0117s patirta itin daug sunkum\u0173, kan\u010dios ir skausmo. \u0160tai kod\u0117l m\u016bs\u0173 dainos yra li\u016bdnos, jautrios, kartais net tragi\u0161kos. Nepaisant to, m\u016bs\u0173 ansamblio nar\u0117s yra labai linksmos, optimisti\u0161kos moterys. Juk tik nuo\u0161ird\u016bs ir tikrai liaudies dainas mylintys \u017emon\u0117s gali dainuoti \u0161io \u017eiauraus, nesuprantamo, niekam nereikalingo karo metu. Esu \u012fsitikinusi, jog folkloro kolektyvo veikla gali b\u016bti vertinama kaip pasiprie\u0161inimo okupantui b\u016bdas. M\u016bs\u0173 daina \u2013 m\u016bs\u0173 ginklas kovoje su okupantais!\u201c<\/p>\n\n\n\n<p>Ansamblio nar\u0117s aktyviai prisideda prie paramos kariaujantiems \u2013 rengia labdaros koncertus, u\u017e juos gautas l\u0117\u0161as perveda Ukrainos ginkluotosioms paj\u0117goms, mezga kamuflia\u017einius tinklus, renka maist\u0105, gamina m\u0117sos konservus ir siun\u010dia juos \u012f front\u0105.<\/p>\n\n\n\n<p>Tarptautinis folkloro festivalis \u201eBaltica\u201c, kuriame bus galima i\u0161vysti ukrainie\u010di\u0173 folkloro ansambl\u012f \u201eKozachka\u201c, kolektyvus i\u0161 Estijos, Graikijos, Latvijos, Maroko, Slovakijos, taip pat Lietuvos, vyks bir\u017eelio 28 \u2013 liepos 2 d. Vilniuje, Kai\u0161iadori\u0173 ir Kauno rajonuose. Visi festivalio renginiai nemokami.<\/p>\n","protected":false},"excerpt":{"rendered":"<p>Ukrainie\u010di\u0173 liaudies dainos \u2013 dvasinis ginklas kovoje su okupantais. Tok\u012f kovos b\u016bd\u0105, kaip ir daugelis kult\u016bros puosel\u0117toj\u0173, pasirinko ir Centrin\u0117s Ukrainos \u010cerkas\u0173 srities folkloro ansamblis \u201eKozachka\u201c. Jo dalyviai liaudies dainas&hellip; <\/p>\n","protected":false},"author":2,"featured_media":5476,"comment_status":"open","ping_status":"open","sticky":false,"template":"","format":"standard","meta":{"footnotes":""},"categories":[2],"tags":[],"_links":{"self":[{"href":"https:\/\/choras.lt\/index.php\/wp-json\/wp\/v2\/posts\/5474"}],"collection":[{"href":"https:\/\/choras.lt\/index.php\/wp-json\/wp\/v2\/posts"}],"about":[{"href":"https:\/\/choras.lt\/index.php\/wp-json\/wp\/v2\/types\/post"}],"author":[{"embeddable":true,"href":"https:\/\/choras.lt\/index.php\/wp-json\/wp\/v2\/users\/2"}],"replies":[{"embeddable":true,"href":"https:\/\/choras.lt\/index.php\/wp-json\/wp\/v2\/comments?post=5474"}],"version-history":[{"count":1,"href":"https:\/\/choras.lt\/index.php\/wp-json\/wp\/v2\/posts\/5474\/revisions"}],"predecessor-version":[{"id":5475,"href":"https:\/\/choras.lt\/index.php\/wp-json\/wp\/v2\/posts\/5474\/revisions\/5475"}],"wp:featuredmedia":[{"embeddable":true,"href":"https:\/\/choras.lt\/index.php\/wp-json\/wp\/v2\/media\/5476"}],"wp:attachment":[{"href":"https:\/\/choras.lt\/index.php\/wp-json\/wp\/v2\/media?parent=5474"}],"wp:term":[{"taxonomy":"category","embeddable":true,"href":"https:\/\/choras.lt\/index.php\/wp-json\/wp\/v2\/categories?post=5474"},{"taxonomy":"post_tag","embeddable":true,"href":"https:\/\/choras.lt\/index.php\/wp-json\/wp\/v2\/tags?post=5474"}],"curies":[{"name":"wp","href":"https:\/\/api.w.org\/{rel}","templated":true}]}}