{"id":5610,"date":"2024-09-10T19:00:34","date_gmt":"2024-09-10T19:00:34","guid":{"rendered":"https:\/\/choras.lt\/?p=5610"},"modified":"2024-09-10T19:00:36","modified_gmt":"2024-09-10T19:00:36","slug":"rafailas-karpis-kauno-gelezinkelio-stotyje-ivykes-koncertas-tapo-muzikiniu-siurprizu-praeiviams","status":"publish","type":"post","link":"https:\/\/choras.lt\/index.php\/2024\/09\/10\/rafailas-karpis-kauno-gelezinkelio-stotyje-ivykes-koncertas-tapo-muzikiniu-siurprizu-praeiviams\/","title":{"rendered":"Rafailas Karpis: Kauno gele\u017einkelio stotyje \u012fvyk\u0119s koncertas tapo muzikiniu siurprizu praeiviams"},"content":{"rendered":"\n<p>Sekmadienio popiet\u0119 Kauno gele\u017einkelio stoties laukiamoji sal\u0117 pavirto netik\u0117ta koncertine erdve, kurioje \u017eymus operos solistas Rafailas Karpis, litvak\u0173 smuikininkas Borisas Kirzneris, ital\u0173 kilm\u0117s pianistas Vincenzo de Martino ir Art\u016bro Dambrausko vadovaujamas valstybinis choras \u201eVilnius\u201c sureng\u0117 Europos \u017eyd\u0173 kult\u016bros dienoms skirt\u0105 koncert\u0105.\u00a0<\/p>\n\n\n\n<p>Renginys prasid\u0117jo senovinio hebraji\u0161ko rago \u2013 \u0161ofaro garsais, kur\u012f p\u016bt\u0117 V\u0161\u012e \u201ePrabudimo orkestras\u201c vadovas Tadas Daujotas. \u0160ie garsai klausytojams primin\u0117, kad visai neu\u017eilgo viso pasaulio \u017eydai \u0161v\u0119s hebraji\u0161kus naujuosius metus \u2013 Ro\u0161 Ha\u0160an\u0105. \u0160ofaro garsai kiekvienais metais per rudens \u0161ventes skamb\u0117davo ir Kaune, nes Laikinojoje Sostin\u0117je prie\u0161 II pasaulin\u012f kar\u0105 gyveno net 25% \u017eyd\u0173. Kauno gele\u017einkelio stotyje surengdami \u201eShalom Culture &amp; Music Festival\u201d koncert\u0105, organizatoriai siek\u0117 pagerbti kadaise \u0161iame mieste gyvenusios gausingos \u017eyd\u0173 bendruomen\u0117s atminim\u0105.<\/p>\n\n\n\n<p>\u201eLabai d\u017eiaugiuosi, kad festivalio organizatoriams kilo tokia originali id\u0117ja surengti \u017eydi\u0161kos muzikos koncert\u0105 b\u016btent gele\u017einkelio stotyje. Buvo labai \u012fdomu steb\u0117ti \u017emoni\u0173 veidus, kurie \u012feidami \u012f laukiam\u0105j\u0105 sal\u0119 pamatydavo, kad ji yra pilna \u017ei\u016brov\u0173 ir \u010dia skamba gyvai atliekama muzika. Vieni buvo suglum\u0119 bei stov\u0117dami tarpduryje klaus\u0117si ir nedr\u012fso \u012feiti, kiti atsis\u0117d\u0119 nuskendo muzikos garsuose, treti \u2013 i\u0161sitrauk\u0119 mobiliuosius telefonus filmavo. Manau, kad abejing\u0173 neliko, nes gele\u017einkelio stotyje tikrai gerai suskambo m\u016bs\u0173 su choru \u201eVilnius\u201c atliekama programa. Man asmeni\u0161kai tai buvo daugiau nei koncertas \u2013 gal\u0117\u010diau tai \u012fvardinti tarpdisciplininiu menu, flashmobu arba muzikiniu siurprizu praeiviams\u201d, &#8211; savo mintimis dalijasi \u017eymus operos solistas Rafailas Karpis.<\/p>\n\n\n\n<p>\u0160\u012f i\u0161skirtin\u012f festivalio koncert\u0105 gele\u017einkelio stotyje finansavo Kauno miesto savivaldyb\u0117 ir privat\u016bs r\u0117m\u0117jai. Renginio partneriai \u2013 Kauno \u017eyd\u0173 bendruomen\u0117.&nbsp;<\/p>\n\n\n\n<p>Gegu\u017e\u0117s m\u0117nes\u012f prasid\u0117j\u0119s \u201eShalom Culture &amp; Music Festival\u201d jau eina \u012f pabaig\u0105, tod\u0117l organizatoriai kvie\u010dia \u017eydi\u0161kos muzikos ir kult\u016bros myl\u0117tojus atvykti \u012f i\u0161skirtinius \u0161io festivalio renginius:<\/p>\n\n\n\n<ul>\n<li>Rugs\u0117jo 23 d. 18:00 Lietuvos \u017eyd\u0173 genocido dienai skirtas koncertas Senojoje Zapy\u0161kio ba\u017eny\u010dioje. Koncertuos operos solistas, bosas Joris Rubinovas ir pianistas bei fleitininkas Paulius Ber\u016bk\u0161tis (renginys nemokamas)<\/li>\n\n\n\n<li>Spalio 2 d. 17:00 \u0160ofar\u0173 mar\u0161as per \u0160iaur\u0117s Jeruzal\u0119<\/li>\n\n\n\n<li>Spalio 3 d. 19:00 Hebraji\u0161kai Nauj\u0173j\u0173 Met\u0173 \u0161ventei Ro\u0161 Ha\u0161ana skirtas festivalio u\u017edarymo koncertas \u0160v. Kotrynos ba\u017eny\u010dioje. Atlik\u0117jai: Orit Orbach (klarnetas, Izraelis), Yevgenii Musijets (bajanas, Ukraina), perkusijos duetas \u201eTandemA.S.\u201c, Vilniaus m. savivaldyb\u0117s \u0160v. Kristoforo kamerinis orkestras (meno vadovas ir vyr. dirigentas Modestas Barkauskas),\u00a0Simas Tankevi\u010dius (smuikas), Joana Daunyt\u0117 (arfa), Tadas Daujotas (\u0161ofarai).<\/li>\n<\/ul>\n\n\n\n<p>Festival\u012f i\u0161 dalies finansuoja Vilniaus m. savivaldyb\u0117, Kauno m. savivaldyb\u0117, Izraelio ambasada Lietuvoje, Tautini\u0173 ma\u017eum\u0173 departamentas prie LRV, Wix.com, Park Inn Vilniaus Oro Uostas bei privat\u016bs r\u0117m\u0117jai. Informacinis partneris LRT. Bilietus platina Bilietai.lt. Daugiau informacijos apie renginius&nbsp;<a href=\"http:\/\/www.orkestras.org\/\" target=\"_blank\" rel=\"noreferrer noopener\">www.orkestras.org<\/a><\/p>\n","protected":false},"excerpt":{"rendered":"<p>Sekmadienio popiet\u0119 Kauno gele\u017einkelio stoties laukiamoji sal\u0117 pavirto netik\u0117ta koncertine erdve, kurioje \u017eymus operos solistas Rafailas Karpis, litvak\u0173 smuikininkas Borisas Kirzneris, ital\u0173 kilm\u0117s pianistas Vincenzo de Martino ir Art\u016bro Dambrausko&hellip; <\/p>\n","protected":false},"author":2,"featured_media":5612,"comment_status":"open","ping_status":"open","sticky":false,"template":"","format":"standard","meta":{"footnotes":""},"categories":[3],"tags":[],"_links":{"self":[{"href":"https:\/\/choras.lt\/index.php\/wp-json\/wp\/v2\/posts\/5610"}],"collection":[{"href":"https:\/\/choras.lt\/index.php\/wp-json\/wp\/v2\/posts"}],"about":[{"href":"https:\/\/choras.lt\/index.php\/wp-json\/wp\/v2\/types\/post"}],"author":[{"embeddable":true,"href":"https:\/\/choras.lt\/index.php\/wp-json\/wp\/v2\/users\/2"}],"replies":[{"embeddable":true,"href":"https:\/\/choras.lt\/index.php\/wp-json\/wp\/v2\/comments?post=5610"}],"version-history":[{"count":1,"href":"https:\/\/choras.lt\/index.php\/wp-json\/wp\/v2\/posts\/5610\/revisions"}],"predecessor-version":[{"id":5611,"href":"https:\/\/choras.lt\/index.php\/wp-json\/wp\/v2\/posts\/5610\/revisions\/5611"}],"wp:featuredmedia":[{"embeddable":true,"href":"https:\/\/choras.lt\/index.php\/wp-json\/wp\/v2\/media\/5612"}],"wp:attachment":[{"href":"https:\/\/choras.lt\/index.php\/wp-json\/wp\/v2\/media?parent=5610"}],"wp:term":[{"taxonomy":"category","embeddable":true,"href":"https:\/\/choras.lt\/index.php\/wp-json\/wp\/v2\/categories?post=5610"},{"taxonomy":"post_tag","embeddable":true,"href":"https:\/\/choras.lt\/index.php\/wp-json\/wp\/v2\/tags?post=5610"}],"curies":[{"name":"wp","href":"https:\/\/api.w.org\/{rel}","templated":true}]}}