{"id":563,"date":"2021-02-18T09:51:03","date_gmt":"2021-02-18T09:51:03","guid":{"rendered":"https:\/\/choras.lt\/?p=563"},"modified":"2021-02-18T09:51:05","modified_gmt":"2021-02-18T09:51:05","slug":"monografija-apie-jona-zuka-zymaus-vargonininko-sugrizimas-i-lietuva","status":"publish","type":"post","link":"https:\/\/choras.lt\/index.php\/2021\/02\/18\/monografija-apie-jona-zuka-zymaus-vargonininko-sugrizimas-i-lietuva\/","title":{"rendered":"Monografija apie Jon\u0105 \u017duk\u0105 \u2013 \u017eymaus vargonininko sugr\u012f\u017eimas \u012f Lietuv\u0105"},"content":{"rendered":"\n<p><\/p>\n\n\n\n<p>Lietuvos muzikos ir teatro akademija pristato dr. Egl\u0117s \u0160eduikyt\u0117s-Korien\u0117s monografij\u0105 \u201ePasirink\u0119s laisv\u0119. Vargonininkas Jonas \u017dukas\u201c (Vilnius: Lietuvos muzikos ir teatro akademija, 2020). Tai jau antroji autor\u0117s vargon\u0173 meno tyrin\u0117jim\u0173 knyga, \u0161\u012fkart apie tarpukario Lietuvoje subrendus\u012f \u017eym\u0173 pedagog\u0105, vargoninink\u0105 atlik\u0117j\u0105, kuris Antrojo pasaulinio karo metais pasirinko emigracijos keli\u0105 ir tolesn\u0119 savo veikl\u0105 pl\u0117tojo Jungtin\u0117se Amerikos Valstijose.<\/p>\n\n\n\n<p><br>Jonas \u017dukas (1907\u20132004) vargonus studijavo Kaune pas Juoz\u0105 Naujal\u012f, o Pary\u017eiuje \u2013 pas \u017eym\u0173 pranc\u016bz\u0173 vargoninink\u0105, kompozitori\u0173 ir pedagog\u0105 Marcel\u012f Dupr\u00e9. B\u016bdamas vienas mylimiausi\u0173 Dupr\u00e9 mokini\u0173, J. \u017dukas per\u0117m\u0117 jo metodinius principus, propagavo naujausi\u0105 to meto pranc\u016bz\u0173 vargon\u0173 repertuar\u0105 ir literat\u016br\u0105, praturtino Lietuvos vargon\u0173 mokykl\u0105 pranc\u016bzi\u0161ka interpretacijos tradicija.<\/p>\n\n\n\n<p><br>Kaip pastebi viena knygos recenzen\u010di\u0173 muzikolog\u0117 dr. J\u016brat\u0117 Trilupaitien\u0117, \u201eautor\u0117 pateikia daug \u012fdomi\u0173 ir svarbi\u0173, su lituanistika susijusi\u0173 \u017eini\u0173, ap\u017evelgia praeities laiko p\u0117dsakus, i\u0161skirtin\u012f d\u0117mes\u012f skirdama tarpukario muzikinei pedagogikai ir ry\u0161kiausiems jos bruo\u017eams. I\u0161vados ir teiginiai paremti i\u0161samia bibliografija bei archyvine med\u017eiaga, didel\u0117 jos dalis pirm\u0105 kart\u0105 i\u0161keliama \u012f dienos \u0161vies\u0105 ir taip \u012ftraukiama \u012f mokslo vartosen\u0105.\u201c<\/p>\n\n\n\n<p><br>\u012e\u017eangoje E. \u0160eduikyt\u0117-Korien\u0117 ra\u0161o, kad \u0161i monografija radosi i\u0161 pirmini\u0173 \u0161altini\u0173. Gausiausi\u0105 ir svarbiausi\u0105 j\u0173 dal\u012f sudaro Jono \u017duko asmeninio archyvo dokument\u0173 kopijos, patik\u0117tos autorei. Pirm\u0105 kart\u0105 m\u016bs\u0173 kult\u016bros istorijoje publikuojami Juozo Naujalio ir Marcelio Dupr\u00e9 lai\u0161kai \u017dukui, o lai\u0161k\u0173 skyri\u0173 sudaro \u012fdomi korespondencija su Lietuvoje ir Amerikoje gyvenan\u010diais lietuvi\u0173 menininkais.<\/p>\n\n\n\n<p><br>Jono \u017duko vardas \u012f Lietuv\u0105 sugr\u012f\u017eo per 2006\u20132016\u00a0m. rengtus Jono \u017duko jaun\u0173j\u0173 vargoninink\u0173 konkursus. Knygoje apra\u0161omi j\u0173 rezultatai, kult\u016bros \u012fvykis aptartas jaun\u0173j\u0173 lietuvi\u0173 vargoninink\u0173 k\u016brybin\u0117s veiklos kontekste. Knygoje spausdinamos ir kelios paties Jono \u017duko publikacijos apie vargonus ir vargonininkus Lietuvos ir JAV muzikiniuose leidiniuose.<\/p>\n\n\n\n<p><br>Egl\u0117 \u0160eduikyt\u0117-Korien\u0117 (g. 1971) baig\u0117 fortepijono specialyb\u0119 M. K. \u010ciurlionio men\u0173 mokykloje, vargon\u0173 bakalauro ir magistro studijas bei meno aspirant\u016br\u0105 Lietuvos muzikos ir teatro akademijoje. 2008\u00a0m. LMTA apgyn\u0117 disertacij\u0105, jos pagrindu para\u0161\u0117 monografij\u0105 \u201eLietuvos vargon\u0173 menas: XIX\u00a0a. pabaiga\u00a0\u2013\u00a0XX\u00a0a. pirmoji pus\u0117\u201c (2012). Skelbia straipsnius mokslo \u017eurnaluose ir kult\u016bros leidiniuose. Dirbo Vilniaus universiteto vargonininke (2001\u20132016), su VU Kamerin\u0117s muzikos ansambliu \u012fra\u0161\u0117 kompaktin\u0119 plok\u0161tel\u0119, padar\u0117 \u012fra\u0161\u0173 Lietuvos radijui, koncertavo, dalyvavo tarptautiniuose vargon\u0173 meistri\u0161kumo kursuose, festivaliuose. Nuo 2011 m. d\u0117sto Lietuvos muzikos ir teatro akademijoje. Yra Lietuvos kompozitori\u0173 s\u0105jungos nar\u0117, dalyvauja \u012fvairi\u0173 kult\u016bros ir meno organizacij\u0173 veikloje.<\/p>\n\n\n\n<p><\/p>\n\n\n\n<p class=\"has-text-align-center\"><br><strong>LMTA informacija<\/strong><\/p>\n","protected":false},"excerpt":{"rendered":"<p>Lietuvos muzikos ir teatro akademija pristato dr. Egl\u0117s \u0160eduikyt\u0117s-Korien\u0117s monografij\u0105 \u201ePasirink\u0119s laisv\u0119. Vargonininkas Jonas \u017dukas\u201c (Vilnius: Lietuvos muzikos ir teatro akademija, 2020). Tai jau antroji autor\u0117s vargon\u0173 meno tyrin\u0117jim\u0173 knyga,&hellip; <\/p>\n","protected":false},"author":2,"featured_media":565,"comment_status":"open","ping_status":"open","sticky":false,"template":"","format":"standard","meta":{"footnotes":""},"categories":[5],"tags":[],"_links":{"self":[{"href":"https:\/\/choras.lt\/index.php\/wp-json\/wp\/v2\/posts\/563"}],"collection":[{"href":"https:\/\/choras.lt\/index.php\/wp-json\/wp\/v2\/posts"}],"about":[{"href":"https:\/\/choras.lt\/index.php\/wp-json\/wp\/v2\/types\/post"}],"author":[{"embeddable":true,"href":"https:\/\/choras.lt\/index.php\/wp-json\/wp\/v2\/users\/2"}],"replies":[{"embeddable":true,"href":"https:\/\/choras.lt\/index.php\/wp-json\/wp\/v2\/comments?post=563"}],"version-history":[{"count":1,"href":"https:\/\/choras.lt\/index.php\/wp-json\/wp\/v2\/posts\/563\/revisions"}],"predecessor-version":[{"id":564,"href":"https:\/\/choras.lt\/index.php\/wp-json\/wp\/v2\/posts\/563\/revisions\/564"}],"wp:featuredmedia":[{"embeddable":true,"href":"https:\/\/choras.lt\/index.php\/wp-json\/wp\/v2\/media\/565"}],"wp:attachment":[{"href":"https:\/\/choras.lt\/index.php\/wp-json\/wp\/v2\/media?parent=563"}],"wp:term":[{"taxonomy":"category","embeddable":true,"href":"https:\/\/choras.lt\/index.php\/wp-json\/wp\/v2\/categories?post=563"},{"taxonomy":"post_tag","embeddable":true,"href":"https:\/\/choras.lt\/index.php\/wp-json\/wp\/v2\/tags?post=563"}],"curies":[{"name":"wp","href":"https:\/\/api.w.org\/{rel}","templated":true}]}}