{"id":5701,"date":"2024-10-17T18:37:18","date_gmt":"2024-10-17T18:37:18","guid":{"rendered":"https:\/\/choras.lt\/?p=5701"},"modified":"2024-10-17T18:38:55","modified_gmt":"2024-10-17T18:38:55","slug":"grazvydas-jegnoras-mintys-apie-chora-aplanko-net-sapnuose","status":"publish","type":"post","link":"https:\/\/choras.lt\/index.php\/2024\/10\/17\/grazvydas-jegnoras-mintys-apie-chora-aplanko-net-sapnuose\/","title":{"rendered":"Gra\u017evydas Jegnoras: \u201eMintys apie chor\u0105 aplanko net sapnuose\u201c"},"content":{"rendered":"\n<p>Rugs\u0117jo pabaigoje, choro dirigentas Gra\u017evydas Jegnoras (nuotr.) savo darbais ir atsidavimu kult\u016brai peln\u0117 Raseini\u0173 Garb\u0117s pilie\u010dio vard\u0105. Kaip teigia jis pats: \u201eRaseini\u0173 kra\u0161to \u017emoni\u0173 suteiktas Garb\u0117s pilie\u010dio vardas \u012fpareigoja nepaleisti to, k\u0105 iki \u0161iol teko nuveikti. Suprantu, kad dabar esu kult\u016bros srities atstovas, kurio veikla bus labiau matoma, lyginama, gal ir kritikuojama, tod\u0117l laukia daug darbo. B\u016btent darbams Raseini\u0173 kra\u0161tui Garb\u0117s pilie\u010dio vardas ir \u012fpareigoja.\u201c<\/p>\n\n\n\n<p>\u0160ia i\u0161kilia proga, muzikolog\u0117 Lukrecija Stonkut\u0117 pakviet\u0117 muzik\u0105 pasikalb\u0117ti apie nuolatin\u0117s k\u016brybos ir mokymo(si) keli\u0105, vedant\u012f ne tik per asmeninius, bet ir kolektyvinius pasiekimus, apie pirm\u0105j\u012f instrument\u0105, chor\u0105 \u201e\u0160atrija\u201c bei mokytojo darb\u0105.<\/p>\n\n\n\n<p class=\"has-text-align-center\"><strong><em>\u2026\u0160eimos meil\u0117 kult\u016brai \u012fkv\u0117pusi siekti muzikos\u2026<\/em><\/strong><\/p>\n\n\n\n<p class=\"has-text-align-left\"><strong>B\u016bt\u0173 \u012fdomu susipa\u017einti su J\u016bs\u0173 muzikine genealogij<\/strong>a<\/p>\n\n\n\n<p>Nors m\u016bs\u0173 \u0161eimoje esu pirmasis pasirink\u0119s muziko keli\u0105, bet kult\u016bros, meno dalykus visada gerb\u0117me ir vertinome. Mama labai m\u0117go oper\u0105, balet\u0105, tad su muzikiniu teatru susipa\u017einau dar 1974 metais, kai ji mane nusived\u0117 \u012f k\u0105 tik atidarytame operos ir baleto teatre rodom\u0105 Piotro \u010caikovskio balet\u0105 \u201eGulbi\u0173 e\u017eeras\u201c. Mano t\u0117tis dainavo \u0160eduvos kult\u016bros nam\u0173 chore. Jam gr\u012f\u017eus i\u0161 koncert\u0173 ar dain\u0173 \u0161ven\u010di\u0173 pasakodavo \u012fsp\u016bd\u017eius, kuriuose visada buvo minimas ir dirigentas \u2013 kaip dirigavo, kaip vadovavo chorui. Tuokart sav\u0119s dirigento vietoje nema\u010diau, bet \u012fsp\u016bd\u012f suk\u0117l\u0117. Taigi ir mudu su broliu buvome raginami muzikuoti, mat \u0161eima laik\u0117si nuostatos, kad vaikas turi i\u0161mokti groti bent vienu instrumentu.<\/p>\n\n\n\n<p><strong>Kaip prisimenate savo mokyklos, o v\u0117liau ir studij\u0173 metus?<\/strong><\/p>\n\n\n\n<p>Muzikuoti prad\u0117jau a\u0161tuoneri\u0173. Grojau \u0160eduvos pradin\u0117s mokyklos mokytojo Petro Vedecko vadovaujamame akordeono b\u016brelyje, o ketvirtoje klas\u0117je \u012fstojau \u012f Radvili\u0161kio muzikos mokyklos akordeono klas\u0119. \u0160eduvos vidurin\u0117je mokykloje mano klas\u0117s aukl\u0117tojas buvo muzikos mokytojas, tad jo vedamos pamokos, nuostabus grojimas saksofonu ir betarpi\u0161kas bendravimas su mokiniais, paaugliais, man galutinai pad\u0117jo apsispr\u0119sti, jog noriu b\u016bti pana\u0161us \u012f \u201em\u016bs\u0173 muzikori\u0173.\u201c Klas\u0117s vadovas man nuolat kartodavo: \u201etu gal\u0117tum b\u016bti geras muzikos mokytojas\u201c, \u2013 tod\u0117l ir pasirinkau choro dirigento-muzikos mokytojo specialyb\u0119. Mokslus t\u0119siau \u0160iauli\u0173 auk\u0161tesniojoje muzikos mokykloje-technikume, d\u0117stytojo Gintauto Navicko chorinio dirigavimo klas\u0117je, v\u0117liau \u2013 Vilniaus valstybin\u0117s konservatorijos Klaip\u0117dos fakultete.<\/p>\n\n\n\n<p><strong>Kokiais pedagoginiais principais buvo grind\u017eiamos J\u016bs\u0173 studijos?<\/strong><\/p>\n\n\n\n<p>Savo studij\u0173 met\u0105 prisimenu kaip tam tikros disciplinos mokykl\u0105, nes muzikos dalyk\u0173 mok\u0117m\u0117s ne tik paskaitose ar seminaruose. Nuo ankstaus ryto laik\u0105 skyr\u0117me grojimui instrumentu, pasiruo\u0161imui praktiniams u\u017esi\u0117mimams, atsiskaitymams. Chorinio dirigavimo subtilybi\u0173 mokiausi pas muzikos ir gyvenimo mokytoj\u0105 Remigij\u0173 Songail\u0105. Jis i\u0161mok\u0117 siekti nuolatinio tobul\u0117jimo, suvokimo, kad kartais susiklos\u010diusios ne itin malonios situacijos yra galimyb\u0117 stengtis labiau ir pasiekti auk\u0161tesnio rezultato. Tada dirigavimas chorui man tapo paslaptinga erdve, kurioje pa\u017einimui ir atradimams n\u0117ra pabaigos.<\/p>\n\n\n\n<p><strong>Kaip keit\u0117si J\u016bs\u0173 po\u017ei\u016bris \u012f muzik\u0105?<\/strong><\/p>\n\n\n\n<p>Studijuodamas \u0160iauliuose, o v\u0117liau ir Klaip\u0117doje, tobul\u0117jau techni\u0161kai, pl\u0117\u010diau muzikin\u0119 erudicij\u0105, ta\u010diau prad\u017eioje nelabai supratau k\u0105 muzika suteikia gilesniam emociniam \u017emogaus gyvenimui. Antrame kurse sulaukiau pasi\u016blymo vadovauti dain\u0173 ir \u0161oki\u0173 ansamblio \u201eDisvytis\u201c vokalinei grupei. Tada atsirado supratimas, kad savirai\u0161ka muzikoje neapsakomai praturtina \u017emogaus emocin\u012f gyvenim\u0105. Apie \u0161itoki\u0105 b\u016bsen\u0105 taikliai para\u0161\u0117 M. K. \u010ciurlionis: \u201emuzika \u2013 tai Dievo pasiuntinys, pasi\u0173stas judinti \u0161velniausias ir geriausias m\u016bs\u0173 sielos stygas, raminti \u0161irdis, suvargusias gyvenimo r\u016bpes\u010diuose, valyti jas nuo mel\u0173, nedorybi\u0173, pavyd\u0173, neapykantos.\u201c Suvokimas, kad muzika yra dvasios maistas ir sau, ir kitiems, lydi iki \u0161iol.<\/p>\n\n\n\n<p class=\"has-text-align-center\"><strong><em>\u2026Choras \u201e\u0160atrija\u201c \u2013 dainos magija, gimusi 1956-aisiais\u2026<\/em><\/strong><\/p>\n\n\n\n<p><strong>Kaip gim\u0117 Raseini\u0173 rajono kult\u016bros centro mi\u0161rus choras \u201e\u0160atrija\u201c? Kokia buvo pagrindin\u0117<br>motyvacija \u012fkurti \u0161\u012f chor\u0105 ir kokie buvo pirmieji jo tikslai?<\/strong><\/p>\n\n\n\n<p>\u012ek\u016brimo metus skai\u010diuojame nuo 1956-\u0173j\u0173, kai Raseini\u0173 siuvimo fabrike \u201e\u0160atrija\u201c susib\u016br\u0117 mi\u0161rus choras. 1991 metais gavau pasi\u016blym\u0105 jam vadovauti ir man tai buvo didelis i\u0161bandymas. Vienas did\u017eiausi\u0173 tiksl\u0173 ir i\u0161\u0161\u016bki\u0173 buvo bent minimaliai i\u0161mokyti choristus muzikinio ra\u0161to. Puikiai prisimenu m\u016bs\u0173 pirm\u0105j\u0105 repeticij\u0105. A\u0161, jaunas dirigentas, at\u0117jau pareng\u0119s dainos partit\u016br\u0105, o choristai man atr\u0117\u017e\u0117: \u201ek\u0105 \u010dia davei? Duok posmais i\u0161ra\u0161yt\u0105 dain\u0105!\u201c Tokia buvo prad\u017eia\u2026<\/p>\n\n\n\n<p><strong>Choras ,,\u0160atrija\u201c \u2013 kokia tai menin\u0117 bendruomen\u0117?<\/strong><\/p>\n\n\n\n<p>Tai kolektyvas, kur\u012f vienija bendryst\u0117s jausmas, muzikavimas drauge, atsakomyb\u0117 u\u017e save ir kitus, ir d\u017eiaugsmas ar li\u016bdesys u\u017e kolektyvo s\u0117kmes ir nes\u0117kmes. Did\u017eiausi\u0105 malonum\u0105 man, kaip vadovui, teikia tai, kad \u017emon\u0117s ateina i\u0161reik\u0161ti save dainoje. \u017davi choro nari\u0173 atsidavimas muzikai, nes vietoje poilsio ar asmeninio laiko su \u0161eima, po darbo jie skuba \u012f repeticijas.<\/p>\n\n\n\n<p>Manau, jog choras \u201e\u0160atrija\u201c \u0161iandien\u0105 tapo tikru miesto simboliu \u2013 j\u012f daugelis pa\u017e\u012fsta, o per ilgus veiklos metus \u010dia dainavo daugyb\u0117 \u017emoni\u0173. Tai subrend\u0119s kolektyvas, keliantis sau auk\u0161tus tikslus: aktyvi koncertin\u0117 veikla, bendradarbiavimas su profesionaliais menininkais, bendr\u0173 projekt\u0173 \u012fgyvendinimas bei Raseini\u0173 kra\u0161to muzikin\u0117s kult\u016bros sklaida. \u0160iemet su pasidid\u017eiavimu \u0161ven\u010diame jau 68-uosius k\u016brybin\u0117s ir nepertraukiamos koncertin\u0117s veiklos metus.<\/p>\n\n\n\n<p><strong>K\u0105 Jums rei\u0161kia b\u016bti choro vadovu? Kokie i\u0161\u0161\u016bkiai ir d\u017eiaugsmai siejasi su \u0161iomis pareigomis?<\/strong><\/p>\n\n\n\n<p>Karjeros prad\u017eioje tai buvo darbas, \u0161iandien \u2013 gyvenimo b\u016bdas, jei norite \u2013 tarnyst\u0117, nes mintys apie chor\u0105 aplanko net sapnuose. Vadovauti keturiasde\u0161imties \u017emoni\u0173 kolektyvui yra reikal\u0173! Labai pad\u0117jo \u0161vietimo vadybos magistro studijos Vytauto Did\u017eiojo universitete. \u010cia \u012fgytos \u017einios \u0161iandien padeda spr\u0119sti kartais \u201enei\u0161sprend\u017eiamus\u201c klausimus \u2013 i\u0161\u0161\u016bkius paversti d\u017eiaugsmais.<\/p>\n\n\n\n<p><strong>Kokia yra choro dirigento misija?<\/strong><\/p>\n\n\n\n<p>Propaguoti chorin\u0119 muzik\u0105 ir b\u016bti \u201eklijais\u201c, sujungian\u010diais kolektyv\u0105 \u012f viening\u0105 visum\u0105. Dainuoti susirenka \u012fvairiausi\u0173 patir\u010di\u0173, emocij\u0173 kupini \u017emon\u0117s, tad mano pareiga pad\u0117ti jiems tapti viena harmoninga visuma.<\/p>\n\n\n\n<p class=\"has-text-align-center\"><strong><em>Kiekvienas mokinys \u2013 \u0161viesa pedagoginiame kelyje\u2026<\/em><\/strong><\/p>\n\n\n\n<p><strong>Esate ne tik choro dirigentas, bet ir akordeono mokytojas.<\/strong><\/p>\n\n\n\n<p>Nors mano profesinis gyvenimas pakrypo chorinio dirigavimo linkme, ta\u010diau niekada neapleidau savo pirmojo instrumento \u2013 akordeono. Baig\u0119s studijas Klaip\u0117doje persik\u0117liau gyventi \u012f Raseinius ir prad\u0117jau dirbti meno mokykloje akordeono, chorinio dainavimo ir dirigavimo mokytoju. Ilgus metus grojau akordeonu kapeloje \u201eDubysa\u201c, \u0161iuo metu \u2013 su \u201eNemak\u0161\u010di\u0173 vyrais.\u201c<\/p>\n\n\n\n<p>Sykiu, Raseini\u0173 men\u0173 mokykloje kelis metus vadovavau mokyklos vaik\u0173 chorui, su kuriuo 1990-aisiais dalyvavome pirmojoje nepriklausomos Lietuvos Dain\u0173 \u0161vent\u0117je. Tais pa\u010diais metais su vaik\u0173 choru, pirmieji Raseiniuose, i\u0161dr\u012fsome paruo\u0161ti liturgin\u012f kal\u0117dini\u0173 giesmi\u0173 repertuar\u0105 ir j\u012f pagiedoti Raseini\u0173 ba\u017eny\u010dioje.<\/p>\n\n\n\n<p><strong>Kokiems menininkams J\u016bs, kaip pedagogas, i\u0161skleid\u0117te sparnus?<\/strong><\/p>\n\n\n\n<p>\u012e \u0161\u012f klausim\u0105 turb\u016bt atsakyt\u0173 tik mano mokiniai. D\u017eiaugiausi kiekvieno j\u0173 ma\u017eomis ir didel\u0117mis s\u0117km\u0117mis. Bene did\u017eiausi\u0105 \u012fvertinim\u0105 \u012fvardy\u010diau, kai buv\u0119s mokinys, dabar suaug\u0119s ir daug pasiek\u0119s \u017emogus, papasakojo, kad j\u012f nuo itin tamsi\u0173 psichologini\u0173 min\u010di\u0173 gelb\u0117jo akordeono pamokos ir m\u016bs\u0173 bendravimas.<\/p>\n\n\n\n<p><strong>Kaip apib\u016bdintum\u0117te save kaip mokytoj\u0105?<\/strong><\/p>\n\n\n\n<p>Esu grie\u017etas, bet teisingas \u2013 taip sak\u0117 vienas mano mokinys. Su daugeliu savo mokini\u0173 ir \u0161iandien esame draugai, seku tolesnius j\u0173 kelius.<\/p>\n\n\n\n<p class=\"has-text-align-center\"><strong><em>\u2026Smalsumo skiltel\u0117\u2026<\/em><\/strong><\/p>\n\n\n\n<p><strong>Ar J\u016bs\u0173 laisvalaikis taip pat susij\u0119s su menais?<\/strong><\/p>\n\n\n\n<p>Kartais pavargstu nuo darb\u0173, repeticij\u0173, koncert\u0173, \u017emoni\u0173 gausos. Jau de\u0161imtmetis, kai gyvenu kaime, toli nuo miesto. \u010cia, gamtos gl\u0117byje, randu atokv\u0117p\u012f ir poils\u012f. Emoci\u0161kai labai pailsiu bitininkaudamas. \u0160iuo metu mokausi nerti kauline adata.<\/p>\n\n\n\n<p><strong>Kokie yra J\u016bs\u0173 did\u017eiausi siekiai ir norai?<\/strong><\/p>\n\n\n\n<p>I\u0161mokti nauj\u0173 dalyk\u0173! Tai veda pirmyn, kuria id\u0117jas ir suteikia d\u017eiaugsmo!<\/p>\n\n\n\n<p class=\"has-text-align-center\"><strong>Pareng\u0117 muzikolog\u0117 Lukrecija Stonkut\u0117<\/strong><\/p>\n","protected":false},"excerpt":{"rendered":"<p>Rugs\u0117jo pabaigoje, choro dirigentas Gra\u017evydas Jegnoras (nuotr.) savo darbais ir atsidavimu kult\u016brai peln\u0117 Raseini\u0173 Garb\u0117s pilie\u010dio vard\u0105. Kaip teigia jis pats: \u201eRaseini\u0173 kra\u0161to \u017emoni\u0173 suteiktas Garb\u0117s pilie\u010dio vardas \u012fpareigoja nepaleisti&hellip; <\/p>\n","protected":false},"author":2,"featured_media":5703,"comment_status":"open","ping_status":"open","sticky":false,"template":"","format":"standard","meta":{"footnotes":""},"categories":[5],"tags":[],"_links":{"self":[{"href":"https:\/\/choras.lt\/index.php\/wp-json\/wp\/v2\/posts\/5701"}],"collection":[{"href":"https:\/\/choras.lt\/index.php\/wp-json\/wp\/v2\/posts"}],"about":[{"href":"https:\/\/choras.lt\/index.php\/wp-json\/wp\/v2\/types\/post"}],"author":[{"embeddable":true,"href":"https:\/\/choras.lt\/index.php\/wp-json\/wp\/v2\/users\/2"}],"replies":[{"embeddable":true,"href":"https:\/\/choras.lt\/index.php\/wp-json\/wp\/v2\/comments?post=5701"}],"version-history":[{"count":2,"href":"https:\/\/choras.lt\/index.php\/wp-json\/wp\/v2\/posts\/5701\/revisions"}],"predecessor-version":[{"id":5704,"href":"https:\/\/choras.lt\/index.php\/wp-json\/wp\/v2\/posts\/5701\/revisions\/5704"}],"wp:featuredmedia":[{"embeddable":true,"href":"https:\/\/choras.lt\/index.php\/wp-json\/wp\/v2\/media\/5703"}],"wp:attachment":[{"href":"https:\/\/choras.lt\/index.php\/wp-json\/wp\/v2\/media?parent=5701"}],"wp:term":[{"taxonomy":"category","embeddable":true,"href":"https:\/\/choras.lt\/index.php\/wp-json\/wp\/v2\/categories?post=5701"},{"taxonomy":"post_tag","embeddable":true,"href":"https:\/\/choras.lt\/index.php\/wp-json\/wp\/v2\/tags?post=5701"}],"curies":[{"name":"wp","href":"https:\/\/api.w.org\/{rel}","templated":true}]}}