{"id":5705,"date":"2024-10-17T18:54:40","date_gmt":"2024-10-17T18:54:40","guid":{"rendered":"https:\/\/choras.lt\/?p=5705"},"modified":"2024-10-17T18:54:43","modified_gmt":"2024-10-17T18:54:43","slug":"vox-maris-tarptautine-moteru-choru-ir-vokaliniu-ansambliu-muzikos-banga","status":"publish","type":"post","link":"https:\/\/choras.lt\/index.php\/2024\/10\/17\/vox-maris-tarptautine-moteru-choru-ir-vokaliniu-ansambliu-muzikos-banga\/","title":{"rendered":"\u201eVox Maris\u201c: tarptautin\u0117 moter\u0173 chor\u0173 ir  vokalini\u0173 ansambli\u0173 muzikos banga"},"content":{"rendered":"\n<p>\u201eVox Maris\u201c \u2013 tarptautinis moter\u0173 chor\u0173 ir vokalini\u0173 ansambli\u0173 festivalis, jau ketvirtus metus ne\u0161antis muzikos bangas per Klaip\u0117dos, Kretingos ir \u0160ventosios koncertines erdves. Spalio 4\u20136 dienomis vyk\u0119s renginys i\u0161siskyr\u0117 ne tik auk\u0161to lygio pasirodymais, bet ir edukacin\u0117mis programomis, leid\u017eian\u010diomis chor\u0173 vadovams ir dalyviams gilinti \u017einias, pl\u0117sti repertuarus ir kurti naujas muzikines vizijas. \u0160i\u0173 met\u0173 festivalis dar ypatingesnis, nes \u0161ven\u010diama Klaip\u0117dos \u017dvej\u0173 r\u016bm\u0173 moter\u0173 choro \u201eDang\u0117\u201c veiklos de\u0161imtme\u010dio sukaktis. Per minim\u0105 laikotarp\u012f kolektyvas ne tik praturtino Lietuvos chorin\u012f men\u0105, bet ir tapo pavyzd\u017eiu savo auk\u0161tu meistri\u0161kumu bei tarptautine veikla.<\/p>\n\n\n\n<p>Festivalio organizator\u0117 Judita Kiaulakyt\u0117, viena aktyviausi\u0173 Lietuvos chorin\u0117s scenos atstovi\u0173, dalijasi mintimis apie tai, kaip gim\u0117 \u201eVox Maris\u201c, kokiais principais vadovaujamasi rengiant \u0161\u012f festival\u012f ir koki\u0105 \u012ftak\u0105 jis turi Lietuvos bei tarptautin\u0117s chorin\u0117s muzikos scenai.<\/p>\n\n\n\n<p><strong>Kas paskatino id\u0117j\u0105 organizuoti tarptautin\u012f moter\u0173 chor\u0173 ir vokalini\u0173 ansambli\u0173 festival\u012f \u201eVox Maris\u201c?<\/strong><\/p>\n\n\n\n<p>Paskatino noras atlikti stambesn\u0117s formos k\u016brinius su kamerinius orkestru. 2011 metais, kai vadovavau Lietuvos muzikos ir teatro akademijos (LMTA) Klaip\u0117dos fakulteto mergin\u0173 chorui, Rasa Gelgotien\u0117 pasi\u016bl\u0117 kartu su jos vadovaujamu Vilniaus universiteto mergin\u0173 choru \u201eVirgo\u201c ir kameriniu orkestru (dabartinis vadovas Modestas Jank\u016bnas), atlikti G. B. Pergolesi \u201eStabat Mater\u201c. Netrukus prie kit\u0173 R. Gelgotien\u0117s iniciatyv\u0173 prisijung\u0117 ir Liepojos universiteto (dabar Rygos technikos universiteto Liepojos akademijos) mergin\u0173 choras \u201eAtbalss\u201c (vadov\u0117 Ilze Valce) bei mano \u012fkurtas ir vadovaujamas Klaip\u0117dos \u017dvej\u0173 r\u016bm\u0173 moter\u0173 choras \u201eDang\u0117\u201c, tad u\u017esimezg\u0117 stipri bendryst\u0117. \u0160is chor\u0173 \u201etrio\u201c ir kamerinis orkestras reng\u0117 stambesn\u0117s formos J. M.Haydno, St. Moniuszkos, F. Mendelssohno k\u016brinius ir dalyvavo \u012fvairiuose chorin\u0117s muzikos projektuose Vilniuje, Klaip\u0117doje, Marijampol\u0117je, Italijoje bei Austrijoje.<\/p>\n\n\n\n<p>Projektus vadindavome mergin\u0173 chor\u0173 samb\u016briais. M\u016bs\u0173 aktyvi\u0105 veikl\u0105 pasteb\u0117jo Lietuvos nacionalinis kult\u016bros centras ir Lietuvos chor\u0173 s\u0105jungai pritarus, pasi\u016bl\u0117 Klaip\u0117doje organizuoti tarptautin\u012f moter\u0173 chor\u0173 ir vokalini\u0173 ansambli\u0173 festival\u012f \u012f j\u012f \u012ftraukiant ne tik chor\u0173 koncertus, bet ir edukacines programas, chor\u0173 konkursus. Pirmasis festivalio renginys \u012fvyko 2020 metais, Klaip\u0117doje, surengus tarptautin\u012f seminar\u0105 Lietuvos moter\u0173 chor\u0173 ir vokalini\u0173 ansambli\u0173 vadovams. Tuokart dalyvavo lektoriai Marite Purina (Latvija), Serhii Savenko (Ukraina) ir Rasa Gelgotien\u0117. Kitais metais, klaip\u0117diet\u0117s, rengiant festival\u012f-konkurs\u0105, suteik\u0117 jam pavadinim\u0105 \u2013 \u201eVox Maris\u201c (liet. \u2013 \u201eJ\u016bros garsai\u201c). Taip pavadintas festivalis vyksta kasmet, \u0161iemet jau ketvirt\u0105 kart\u0105.<\/p>\n\n\n\n<p><strong>\u0160i\u0173metinis festivalis buvo skirtas moter\u0173 choro \u201eDang\u0117\u201c de\u0161imtme\u010diui. Koks Jums asmeni\u0161kai yra \u0161io choro k\u016brybinis kelias ir kaip vertinate pasiektus rezultatus per \u0161\u012f laikotarp\u012f?<\/strong><\/p>\n\n\n\n<p>Pasiektus choro rezultatus vertinu teigiamai. Choras dalyvauja \u012fvairiuose chorin\u0117s muzikos projektuose, yra tap\u0119s \u012fvairi\u0173 festivali\u0173, konkurs\u0173, Lietuvoje ir u\u017esienyje, laureatu, apdovanotas garbingu \u201eAukso pauk\u0161t\u0117\u201c 2017 prizu. Per de\u0161imtmet\u012f \u012fvyko nema\u017eas kolektyvo nari\u0173 pokytis, ta\u010diau \u010dia dainuoja tik labai chorin\u012f dainavim\u0105 mylin\u010dios, \u017eingeid\u017eios, menu ir kult\u016bra besidomin\u010dios moterys.<\/p>\n\n\n\n<p><strong>Kiekvienas festivalis atne\u0161a ka\u017ek\u0105 naujo. Kuo \u0161i\u0173 met\u0173 festivalis ypatingas?<\/strong><\/p>\n\n\n\n<p>\u0160iuose renginiuose kolektyv\u0173 vadovai papildo savo chor\u0173 repertuarus naujais k\u016briniais, pasisemia darbo patirties, turi galimyb\u0119 koncertuoti Klaip\u0117dos, Palangos, Kretingos miest\u0173 ba\u017eny\u010diose. Taip pat kasmet ple\u010diasi festivalio koncertin\u0117s erdv\u0117s \u2013 \u0161iemet vokaliniai ansambliai sureng\u0117 koncertus Klaip\u0117dos miesto tautini\u0173 kult\u016br\u0173 (Klaip\u0117dos miesto vokalinis ansamblis \u201eVowel\u201c, vad. Aleksandra Charina\u2013Vasiljeva, ir Priekul\u0117s meno ir kult\u016bros centro vokalinis ansamblis \u201eAgluona\u201c, vad. Kornelija Jurkevi\u010d\u0117), ir \u0160ventosios (Palangos kult\u016bros centro moter\u0173 vokalinis ansamblis ,,Guboja\u201c, vad. Rimgaudas Juozapavi\u010dius, ir \u201eEldija\u201c, vad. J\u016brat\u0117 Bar\u0161auskien\u0117), kult\u016bros centruose. Nauja ir tai, kad pagrindiniu edukacinio renginio ved\u0117ju \u0161iemet tapo ne tik puikus, charizmati\u0161kas choro vadovas, dirigentas, bet ir kompozitorius \u2013 Piotr Ja\u0144czak (Lenkija). Savo k\u016brinius profesorius ruo\u0161\u0117 baigiamajam festivalio koncertui, dalyvaujant mergin\u0173 ir moter\u0173 chorams: Rygos technikos universiteto Liepojos akademijos \u2013 \u201eAtbalss\u201c (vad. I. Valce), Vilniaus universiteto \u2013 \u201eVirgo\u201c (vad. R. Gelgotien\u0117), Vilniaus kolegijos \u2013 \u201eVaidilut\u0117s\u201c (vad. Genovait\u0117 Leimontait\u0117-Kumpien\u0117), Plung\u0117s mi\u0161raus choro \u201ePlung\u0117\u201c moter\u0173 grupei (vad. Rita Urnie\u017eien\u0117), Skuodo rajono kult\u016bros centro \u2013 \u201eApuol\u0117&#8221; (vad. Rasa Andersen) ir Klaip\u0117dos \u017dvej\u0173 r\u016bm\u0173 \u2013 \u201eDang\u0117\u201c (vad. Judita Kiaulakyt\u0117) I\u0161 viso per 120 dalyvi\u0173! Taigi, d\u017eiaugiuosi, kad festivalis prasipl\u0117t\u0117 ir kolektyv\u0173 skai\u010diumi. U\u017e skland\u017ei\u0105 \u0161io renginio eig\u0105 ir finansavim\u0105 d\u0117koju Klaip\u0117dos kult\u016bros centrui \u201e\u017dvej\u0173 r\u016bmai\u201c ir Lietuvos chor\u0173 s\u0105jungai.<\/p>\n\n\n\n<p><strong>Seminar\u0105-praktikum\u0105 ved\u0117 lektoriai prof. Piotr Ja\u0148czak ir doc. Rasa Gelgotien\u0117. Kaip j\u0173 prane\u0161imai ir meistri\u0161kumo pamokos praturtino chorinio meno \u017einias?<\/strong><\/p>\n\n\n\n<p>Seminaro dalyviams prof. P. Ja\u0144czak pasakojo apie XX a. II pus\u0117s ir XXI a. prad\u017eios lenk\u0173 kompozitori\u0173 k\u016bryb\u0105 moter\u0173 chorams, pristat\u0117 ry\u0161kiausius j\u0173 pavyzd\u017eius. Klausydami k\u016brini\u0173 pavyzd\u017ei\u0173 susipa\u017einome ne tik su k\u016brini\u0173 stilistika, interpretacija, bet, kaip ir profesorius pa\u017eym\u0117jo, gana auk\u0161tu Lenkijos kolektyv\u0173 k\u016brini\u0173 atlikimo meistri\u0161kumo lygiu. Doc. Rasa Gelgotien\u0117 kalb\u0117jo apie vis dar didel\u012f repertuaro moter\u0173 chorams stygi\u0173, dalinosi praktiniais patarimais, kaip ie\u0161koti k\u016brini\u0173 savo lygio kolektyvams. Ap\u017evelg\u0117 naujausi\u0173 k\u016brini\u0173 moter\u0173 chorams k\u016brybos, leidybos tendencijas, perspektyvas \u0161iandienos kontekstuose.<\/p>\n\n\n\n<p><strong>Kuo \u201eVox Maris\u201c festivalis i\u0161siskiria i\u0161 kit\u0173 chorin\u0117s muzikos rengini\u0173 Lietuvoje ir u\u017e jos rib\u0173?<\/strong><\/p>\n\n\n\n<p>Be festivalio koncert\u0173 ar konkurs\u0173 \u010dia rengiamos edukacin\u0117s programos, k\u016brybin\u0117s dirbtuv\u0117s. Temos \u2013 vokalin\u0117s technikos, repertuaro moter\u0173 chorams klausimai. Taip pat m\u016bs\u0173 renginyje nuolat pristatomi lietuvi\u0173 kompozitori\u0173 k\u016briniai, tarp kuri\u0173, specialiai \u0161iam festivaliui sukurtos Vaclovo Augustino, Donato Zakaro, Vytauto Mi\u0161kinio, Laimio Vilkon\u010diaus kompozicijos. K\u016brinius kompozitoriams u\u017esako Lietuvos chor\u0173 s\u0105junga ir Klaip\u0117dos kult\u016bros centras \u201e\u017dvej\u0173 r\u016bmai\u201c \u2013 pagrindiniai \u0161io festivalio organizatoriai. Dar svarbu pamin\u0117ti, kad festivalio renginiai ir kai kurie koncertai vyksta nuolatinio \u0161io projekto partnerio, r\u0117m\u0117jo \u2013 LMTA Klaip\u0117dos fakulteto d\u0117ka, nuostabioje, akustikos ir kitais at\u017evilgiais koncert\u0173 sal\u0117je.<\/p>\n\n\n\n<p><strong>J\u016bs\u0173 nuomone, koki\u0105 \u012ftak\u0105 festivalis turi ne tik Klaip\u0117dos, bet ir Lietuvos chorinio meno scenai? Ar pastebite, kad jis skatina nauj\u0173 chor\u0173 ir ansambli\u0173 k\u016brim\u0105si?<\/strong> <\/p>\n\n\n\n<p>Manau, kad festivalis \u201eVox Maris\u201c suaktyvino Lietuvos moter\u0173 chor\u0173 veikl\u0105. Jo d\u0117ka kolektyvams suteikiamos s\u0105lygos semtis id\u0117j\u0173 kuriant naujas koncertines programas, ma\u017eesniems chorams jungtis \u012f kolektyv\u0173 grupes atliekant sud\u0117tingus stambesn\u0117s formos k\u016brinius. Sykiu skatinamas nauj\u0173 kolektyv\u0173 k\u016brimasis, aktyvinama regionini\u0173 kolektyv\u0173 veikla.<\/p>\n\n\n\n<p><strong>Koki\u0105 festivalio ateit\u012f matote po de\u0161imties met\u0173?\u00a0<\/strong><\/p>\n\n\n\n<p>Tikiuosi, kad \u201eVox Maris\u201c i\u0161sipl\u0117s nauj\u0173 moter\u0173 chor\u0173, ansambli\u0173, apimties, koncertin\u0117s erdv\u0117s at\u017evilgiais. Tikiu, kad festivalis skatins lietuvi\u0173 kompozitori\u0173 muzikos moter\u0173 kolektyvams k\u016bryb\u0105.<\/p>\n\n\n\n<p class=\"has-text-align-center\"><strong>Pareng\u0117 muzikolog\u0117 Lukrecija Stonkut\u0117<\/strong><\/p>\n","protected":false},"excerpt":{"rendered":"<p>\u201eVox Maris\u201c \u2013 tarptautinis moter\u0173 chor\u0173 ir vokalini\u0173 ansambli\u0173 festivalis, jau ketvirtus metus ne\u0161antis muzikos bangas per Klaip\u0117dos, Kretingos ir \u0160ventosios koncertines erdves. Spalio 4\u20136 dienomis vyk\u0119s renginys i\u0161siskyr\u0117 ne&hellip; <\/p>\n","protected":false},"author":2,"featured_media":5707,"comment_status":"open","ping_status":"open","sticky":false,"template":"","format":"standard","meta":{"footnotes":""},"categories":[5],"tags":[],"_links":{"self":[{"href":"https:\/\/choras.lt\/index.php\/wp-json\/wp\/v2\/posts\/5705"}],"collection":[{"href":"https:\/\/choras.lt\/index.php\/wp-json\/wp\/v2\/posts"}],"about":[{"href":"https:\/\/choras.lt\/index.php\/wp-json\/wp\/v2\/types\/post"}],"author":[{"embeddable":true,"href":"https:\/\/choras.lt\/index.php\/wp-json\/wp\/v2\/users\/2"}],"replies":[{"embeddable":true,"href":"https:\/\/choras.lt\/index.php\/wp-json\/wp\/v2\/comments?post=5705"}],"version-history":[{"count":1,"href":"https:\/\/choras.lt\/index.php\/wp-json\/wp\/v2\/posts\/5705\/revisions"}],"predecessor-version":[{"id":5706,"href":"https:\/\/choras.lt\/index.php\/wp-json\/wp\/v2\/posts\/5705\/revisions\/5706"}],"wp:featuredmedia":[{"embeddable":true,"href":"https:\/\/choras.lt\/index.php\/wp-json\/wp\/v2\/media\/5707"}],"wp:attachment":[{"href":"https:\/\/choras.lt\/index.php\/wp-json\/wp\/v2\/media?parent=5705"}],"wp:term":[{"taxonomy":"category","embeddable":true,"href":"https:\/\/choras.lt\/index.php\/wp-json\/wp\/v2\/categories?post=5705"},{"taxonomy":"post_tag","embeddable":true,"href":"https:\/\/choras.lt\/index.php\/wp-json\/wp\/v2\/tags?post=5705"}],"curies":[{"name":"wp","href":"https:\/\/api.w.org\/{rel}","templated":true}]}}