{"id":5902,"date":"2024-11-26T15:47:25","date_gmt":"2024-11-26T15:47:25","guid":{"rendered":"https:\/\/choras.lt\/?p=5902"},"modified":"2024-12-09T10:56:55","modified_gmt":"2024-12-09T10:56:55","slug":"vilniaus-pro-musica-kviecia-i-jubiliejini-20-mecio-koncerta","status":"publish","type":"post","link":"https:\/\/choras.lt\/index.php\/2024\/11\/26\/vilniaus-pro-musica-kviecia-i-jubiliejini-20-mecio-koncerta\/","title":{"rendered":"Vilniaus \u201ePro Musica\u201c at\u0161vent\u0117 20-met\u012f. Interviu su choro meno vadove Rasa Gelgotiene."},"content":{"rendered":"\n<p>Per du de\u0161imtme\u010dius \u201ePro Musica\u201c tapo vienu i\u0161skirtiniausi\u0173 Lietuvos chor\u0173, gars\u0117jan\u010diu did\u017ei\u0173j\u0173 klasikos k\u016brini\u0173 atlikimu ir tarptautiniu bendradarbiavimu. Gruod\u017eio 4 dien\u0105 Lietuvos nacionalin\u0117je filharmonijoje choras min\u0117jo savo jubiliej\u0173 ypatingu koncertu, kurio pagrindinis akcentas \u2013 Philipo Glasso opusas \u201eSongs from Liquid Days\u201c.<\/p>\n\n\n\n<p>Apie choro prad\u017ei\u0105, keli\u0105 \u012f pripa\u017einim\u0105 ir pasirinkt\u0105 jubiliejin\u0119 program\u0105 kalbiname choro meno vadov\u0119 ir dirigent\u0119 Ras\u0105 Gelgotien\u0119.<\/p>\n\n\n\n<p><strong>Kaip ir kada susik\u016br\u0117 choras \u201ePro Musica\u201c?<\/strong><\/p>\n\n\n\n<p>Kolektyvo \u012fk\u016brimo id\u0117ja kilo 2004-\u0173j\u0173 ruden\u012f Vilniaus universiteto mergin\u0173 chore \u201eVirgo\u201c. Kelis metus jame dainavusios alumn\u0117s \u0117m\u0117 jausti diskomfort\u0105, dar\u0117si \u201eank\u0161ta\u201c \u2013 nuolatinis senojo repertuaro kartojimas su pirmakurs\u0117mis prad\u0117jo varginti, o kolektyve susiformavo dvi atskiros grup\u0117s: alumn\u0117s ir student\u0117s. T\u0105kart  choro \u201eVirgo\u201c \u012fk\u016br\u0117jos &#8211; Loreta \u017deimyt\u0117, Rasa Vaitiek\u016bnien\u0117, Asta Gasparavi\u010di\u016bt\u0117 ir kitos &#8211; praleido nema\u017eai laiko ie\u0161kodamos i\u0161eities. Galiausiai buvo nuspr\u0119sta \u012fkurti nauj\u0105 chor\u0105 i\u0161skirtinai alumn\u0117ms. Tai buvo gan\u0117tinai rizikingas sprendimas, mat \u201eVirgo\u201c neteko savo stipriausi\u0173 ir labiausiai patyrusi\u0173 dainininki\u0173, o naujo kolektyvo k\u016brimas taip pat buvo nemenkas i\u0161\u0161\u016bkis. Alumn\u0117s, puosel\u0117jan\u010dios stipri\u0105 draugyst\u0119 ir auk\u0161t\u0105 muzikin\u012f pasirengim\u0105, tik\u0117josi sukurti ypatingai auk\u0161to lygio kolektyv\u0105.<\/p>\n\n\n\n<p><strong>Ar j\u0173 l\u016bkes\u010diai pasiteisino?<\/strong><\/p>\n\n\n\n<p>Nesl\u0117psiu, teko labai greitai koreguoti naujojo choro koncepcij\u0105. Ne tod\u0117l, kad mergin\u0173 buvo ma\u017eai, o d\u0117l to, kad alumn\u0117s per kelet\u0105 met\u0173 \u201eVirgo\u201c chore buvo atlikusios did\u017ei\u0105j\u0105 dal\u012f moter\u0173 choro repertuaro ir surasti k\u0105 nors naujo buvo labai sunku. Tuokart prad\u0117jau svarstyti apie mi\u0161raus alumn\u0173 choro suk\u016brim\u0105. \u0160i mintis susilauk\u0117 didelio mergin\u0173 pasiprie\u0161inimo, ta\u010diau man pavyko jas \u012ftikinti ir \u0117m\u0117m\u0117s ie\u0161koti dainuojan\u010di\u0173 vyr\u0173.<\/p>\n\n\n\n<p><strong>Kaip klost\u0117si choro \u201ePro Musica\u201c gyvenimas v\u0117liau?<\/strong><\/p>\n\n\n\n<p>Choras stipr\u0117jo ir augo. Vos penkerius metus egzistavusi \u201ePro Musica\u201c i\u0161gyveno kriz\u0119, kai naujai at\u0117j\u0119 vaikinai prad\u0117jo reikalauti keisti choro vadyb\u0105, muzikin\u0119 krypt\u012f, vadov\u0105. Tada choras skilo perpus. Dalis i\u0161\u0117jo ir suk\u016br\u0117 nauj\u0105 chor\u0105, o likusiems pasi\u016bliau nauj\u0105 choro repertuarin\u0119 krypt\u012f \u2013 stambi\u0173 form\u0173 k\u016brini\u0173 atlikim\u0105, bendradarbiaujant su pasaulio universitet\u0173 chorais ir orkestrais.<\/p>\n\n\n\n<p><strong>Kod\u0117l pasirinkote stambi\u0173 form\u0173 k\u016brini\u0173 atlikim\u0105?<\/strong><\/p>\n\n\n\n<p>Pirmiausiai, tai yra nuostabi galimyb\u0117 dainuoti pa\u010dius \u012fsp\u016bdingiausius muzikos k\u016brinius! Esame atlik\u0119 jau daugiau nei 20 did\u017ei\u0173j\u0173 klasikos \u0161edevr\u0173, taip pat ir \u0161iuolaikin\u0117s muzikos opus\u0173 chorui su orkestru: J. S. Bacho, W. A. Mozarto, G. Verdi, G. Puccini, G. Rossini, A. Dvo\u0159\u00e1ko, A. Vivaldi, G. Faur\u00e9, C. Saint-Saenso, A. Brucknerio, C. Orffo, K. Jenkinso, O. Gjeilo ir daugelio kit\u0173 kompozitori\u0173 Mi\u0161ias: \u201eRequiem\u201c, \u201eMagnificat\u201c, \u201eStabat mater\u201c etc.&nbsp;Antra, m\u016bs\u0173 bendradarbiavimas su pasaulio universitet\u0173 chorais ir orkestrais atitinka Vilniaus universiteto strateginius tikslus. Jau esame bendradarbiav\u0119 su Bazelio, Liuksemburgo, Paduvos, Rio de \u017daneiro, San Francisko, Lozanos, Ekstremaduros, Oslo, Kyjivo, Rygos ir daugelio kit\u0173 universitet\u0173 chorais bei orkestrais.<\/p>\n\n\n\n<p><strong>Kuo choras gyvena dabar?<\/strong><\/p>\n\n\n\n<p>Kasmet, jau daugiau nei de\u0161imtmet\u012f, rengiame projekt\u0105 \u201eKlasika visiems\u201c. Tai edukacinis muzikos projektas, suteikiantis galimyb\u0119 dalintis did\u017ei\u0173j\u0173 muzikos \u0161edevr\u0173 atlikimo d\u017eiaugsmu su kitais \u017emon\u0117mis. Po Nauj\u0173 met\u0173 prad\u0117sime repetuoti dvi naujas programas: M. K. \u010ciurlionio 150-osios gimimo metin\u0117ms skirtas renginys, o baland\u017eio m\u0117nes\u012f tur\u0117sime reik\u0161ming\u0105 koncert\u0105 Pranc\u016bzijoje, kur Lietuvos pasidid\u017eiavimas, pianist\u0117 M\u016bza Rubackyt\u0117 mus pakviet\u0117 drauge atlikti F. Liszto \u201eVia crucis\u201c Kompjeno pilyje.<\/p>\n\n\n\n<p><strong>\u0160iuo metu \u201ePro Musicoje\u201c dainuoja apie 90 chorist\u0173. Kas Jums talkina darbe su \u0161iuo kolektyvu?<\/strong><\/p>\n\n\n\n<p>Svarbu pamin\u0117ti, kad apskritai chorinis jud\u0117jimas Lietuvoje pastaraisiais metais labai suaktyv\u0117jo. Reik\u0161m\u0117s neabejotinai turi ekonomin\u0117 \u0161alies situacija \u2013 tampame tokia pat valstybe kaip kitos Vakar\u0173 Europos \u0161alys. \u017dmon\u0117ms atsirado daugiau laiko ir finansini\u0173 galimybi\u0173 pasirinkti turining\u0105, \u012fdom\u0173 laisvalaik\u012f.<\/p>\n\n\n\n<p>Did\u017eiausia organizacin\u0117 choro \u201ePro Musica\u201c na\u0161ta tenka choro prezidentei Irmai Janonytei, buvusiai \u201eVirgo\u201c dainininkei, tikrai choro tradicij\u0173 t\u0119s\u0117jai ir entuziastei. Muzikin\u012f darb\u0105 dirbame trise: a\u0161, chormeisteriai Ignas Garla ir Donatas Zakaras. Su Ignu kartu dirbame jau seniai. Jis taip pat yra choro \u201eGaudeamus\u201c chormeisteris, be to, vadovauja naujai suklest\u0117jusiam \u201eDobilo\u201c chorui. I. Garla \u2013 puikus muzikantas, auk\u0161tos klas\u0117s chorvedys profesionalas ir nuostabiai \u0161iltas, draugi\u0161kas \u017emogus. Donatas Zakaras chore dar tik treji metai, ta\u010diau \u201ePro Musica\u201c negali atsid\u017eiaugti, kad \u017eymus kompozitorius skiria savo laik\u0105 ir j\u0117gas m\u016bs\u0173 chorui. Beje, Donatas pats turi nema\u017e\u0105 chorin\u0119 patirt\u012f, puikiai dainuoja bosu ir tod\u0117l nuostabiai gra\u017eiai dirba chorved\u017eio darb\u0105.<\/p>\n\n\n\n<p><strong>Gruod\u017eio 4 dien\u0105 Lietuvos nacionalin\u0117je filharmonijoje \u201ePro Musica\u201c 20-me\u010dio koncerte atlikote Philipo Glasso \u201eSongs from Liquid Days\u201c. Kuo ypatingas \u0161is k\u016brinys?<\/strong><\/p>\n\n\n\n<p>Apie j\u012f su\u017einojau netik\u0117tai, kai viename Niujorko muziej\u0173 Bruklino mergai\u010di\u0173 choras ir orkestras repetavo k\u016brinio fragmentus. Nors buvau nuvargusi po savo pa\u010dios koncert\u0173, ta\u010diau atsis\u0117dusi ant laipt\u0173 nesitraukiau tol, kol nei\u0161klausiau visos repeticijos, o v\u0117liau ir koncerto. Ne\u017einau kod\u0117l, bet Ph. Glasso muzika mane u\u017eburia, jos gro\u017eis \u201epakerta\u201c kojas. Nuo tada svajojau atlikti \u0161\u012f k\u016brin\u012f. At\u0117jus metui rinktis \u201ePro Musica\u201c jubiliejin\u0119 program\u0105, n\u0117 akimirkos neabejojau, kad tai bus Ph. Glasso \u201eSongs from Liquid Days\u201c. Gruod\u017eio 4 d. kartu su klausytojais patyr\u0117me nepaprast\u0105 kompozitoriaus muzikos \u017eaves\u012f!<\/p>\n\n\n\n<p class=\"has-text-align-center\"><strong>Pareng\u0117 muzikolog\u0117 Lukrecija Stonkut\u0117<\/strong><\/p>\n","protected":false},"excerpt":{"rendered":"<p>Per du de\u0161imtme\u010dius \u201ePro Musica\u201c tapo vienu i\u0161skirtiniausi\u0173 Lietuvos chor\u0173, gars\u0117jan\u010diu did\u017ei\u0173j\u0173 klasikos k\u016brini\u0173 atlikimu ir tarptautiniu bendradarbiavimu. Gruod\u017eio 4 dien\u0105 Lietuvos nacionalin\u0117je filharmonijoje choras min\u0117jo savo jubiliej\u0173 ypatingu koncertu,&hellip; <\/p>\n","protected":false},"author":2,"featured_media":5905,"comment_status":"open","ping_status":"open","sticky":false,"template":"","format":"standard","meta":{"footnotes":""},"categories":[3],"tags":[],"_links":{"self":[{"href":"https:\/\/choras.lt\/index.php\/wp-json\/wp\/v2\/posts\/5902"}],"collection":[{"href":"https:\/\/choras.lt\/index.php\/wp-json\/wp\/v2\/posts"}],"about":[{"href":"https:\/\/choras.lt\/index.php\/wp-json\/wp\/v2\/types\/post"}],"author":[{"embeddable":true,"href":"https:\/\/choras.lt\/index.php\/wp-json\/wp\/v2\/users\/2"}],"replies":[{"embeddable":true,"href":"https:\/\/choras.lt\/index.php\/wp-json\/wp\/v2\/comments?post=5902"}],"version-history":[{"count":6,"href":"https:\/\/choras.lt\/index.php\/wp-json\/wp\/v2\/posts\/5902\/revisions"}],"predecessor-version":[{"id":5962,"href":"https:\/\/choras.lt\/index.php\/wp-json\/wp\/v2\/posts\/5902\/revisions\/5962"}],"wp:featuredmedia":[{"embeddable":true,"href":"https:\/\/choras.lt\/index.php\/wp-json\/wp\/v2\/media\/5905"}],"wp:attachment":[{"href":"https:\/\/choras.lt\/index.php\/wp-json\/wp\/v2\/media?parent=5902"}],"wp:term":[{"taxonomy":"category","embeddable":true,"href":"https:\/\/choras.lt\/index.php\/wp-json\/wp\/v2\/categories?post=5902"},{"taxonomy":"post_tag","embeddable":true,"href":"https:\/\/choras.lt\/index.php\/wp-json\/wp\/v2\/tags?post=5902"}],"curies":[{"name":"wp","href":"https:\/\/api.w.org\/{rel}","templated":true}]}}