{"id":5917,"date":"2024-11-27T16:25:48","date_gmt":"2024-11-27T16:25:48","guid":{"rendered":"https:\/\/choras.lt\/?p=5917"},"modified":"2024-12-11T13:58:21","modified_gmt":"2024-12-11T13:58:21","slug":"choras-pro-musica-svencia-20-metu-sukakti","status":"publish","type":"post","link":"https:\/\/choras.lt\/index.php\/2024\/11\/27\/choras-pro-musica-svencia-20-metu-sukakti\/","title":{"rendered":"Choras \u201ePro musica\u201c at\u0161vent\u0117 20 met\u0173 sukakt\u012f"},"content":{"rendered":"\n<p>Vilniaus universiteto (VU) mi\u0161rusis choras \u201ePro musica\u201c, min\u0117damas savo dvide\u0161imtmet\u012f, klausytojams paruo\u0161\u0117 ypating\u0105 dovan\u0105 \u2013 gruod\u017eio 4 dien\u0105 Lietuvos nacionalin\u0117je filharmonijoje atliko retai skambant\u012f amerikie\u010di\u0173 minimalizmo genijaus Philipo Glasso k\u016brini\u0173 cikl\u0105 \u201eSongs from Liquid Days\u201c. \u0160is opusas vienodai \u017eavi tiek rimtosios muzikos entuziastus, tiek \u0161iuolaikin\u0117s ir populiariosios muzikos gerb\u0117jus. Jis pavergia ypatingu muzikiniu stiliumi, kurio atsikartojantys minimalistiniai motyvai ir original\u016bs harmoniniai s\u0105skambiai tarsi panardina \u012f meditacin\u0119 b\u016bsen\u0105, kviesdami apm\u0105styti dain\u0173 cikle gvildenamas gyvenimo laikinumo, meil\u0117s, b\u0117gan\u010dio laiko, jausm\u0173 trapumo temas.<\/p>\n\n\n\n<p>Pasak \u201ePro musica\u201c meno vadov\u0117s Rasos Gelgotien\u0117s, \u0161is Ph. Glasso k\u016brinys jau skamb\u0117jo atliekamas vis\u0173 trij\u0173 VU chor\u0173 ir tapo viena ry\u0161kiausi\u0173 kolektyvo program\u0173 per vis\u0105 dvide\u0161imtmet\u012f. \u201eTod\u0117l, kai reik\u0117jo pasirinkti, k\u0105 dainuosime jubiliejiniame koncerte, neteko abejoti n\u0117 sekund\u0117s. \u0160i muzika \u012ftraukia \u012f savit\u0105 \u201eglasi\u0161k\u0105\u201c pasaul\u012f, kuriame nenuilstamai pulsuojanti misti\u0161ka energija u\u017evaldo nuo pirm\u0173j\u0173 akord\u0173 ir nepaleid\u017eia iki paskutin\u0117s natos\u201c, \u2013 pasakojo chorved\u0117.<\/p>\n\n\n\n<p>K\u016brin\u012f kartu su sukakt\u012f minin\u010diu choru \u201ePro musica\u201c atliko VU chorai \u201eVirgo\u201c ir \u201eGaudeamus\u201c, Vilniaus miesto ansamblis NIKO, solistai Aist\u0117 Pilibavi\u010di\u016bt\u0117 (sopranas) ir Juozas Janu\u017eas (tenoras), VU vargonininkas Vidas Pinkevi\u010dius, pianist\u0117 Egl\u0117 Andrejevait\u0117, fleit\u0173 grup\u0117 (vad. Lina Baublyt\u0117) ir mu\u0161am\u0173j\u0173 grup\u0117 (vad. Andrius Reka\u0161ius). Dirigavo Gediminas Gelgotas.<\/p>\n\n\n\n<p>Savo gretose per devyniasde\u0161imt VU student\u0173, alumn\u0173, d\u0117stytoj\u0173, darbuotoj\u0173 ir muzikos m\u0117g\u0117j\u0173 vienijan\u010diam kolektyvui R. Gelgotien\u0117 vadovauja nuo jo susik\u016brimo 2004 m. Ambicingus planus \u012fgyvendinant jai talkina du chormeisteriai \u2013 chorvedys Ignas Garla ir vienas populiariausi\u0173 chorams kurian\u010di\u0173 Lietuvos kompozitori\u0173 Donatas Zakaras.<\/p>\n\n\n\n<p>\u201eNors choras jau mini dvide\u0161imtmet\u012f, palyginti su kitais \u0161alies kolektyvais, jis dar gana jaunas. Vis d\u0117lto, vertinant veiklos rezultatus, tai i\u0161ties labai brandus choras. Atlikti sud\u0117tingi k\u016briniai, parengtos ambicingos programos, atsakingos gastrol\u0117s, dalyvavimas valstybei svarbiuose reprezentaciniuose renginiuose \u2013 nuveikti darbai kalba patys u\u017e save\u201c, \u2013 pabr\u0117\u017e\u0117 choro meno vadov\u0117 ir vyriausioji dirigent\u0117 R. Gelgotien\u0117.<\/p>\n\n\n\n<p>Vienas \u0161iuo metu stipriausi\u0173 ir gausiausi\u0173 chor\u0173 Lietuvoje \u201ePro musica\u201c tik susik\u016br\u0119s i\u0161 kit\u0173 \u0161alies chor\u0173 i\u0161siskyr\u0117 pasirinkta stambi\u0173 chorini\u0173-simfonini\u0173 form\u0173 repertuarine kryptimi. Kolektyvas jau yra atlik\u0119s daugyb\u0119 did\u017ei\u0173j\u0173 chorini\u0173 partit\u016br\u0173, tarp kuri\u0173 \u2013 pagrindiniai pasaulin\u0117s klasikos lobyno \u0161edevrai: G. Verdi ir W. A. Mozarto \u201eRequiem\u201c, G. Rossini ir A. Dvo\u0159ako \u201eStabat Mater\u201c, J. S. Bacho \u201eMagnificat\u201c, C. Saint-Sa\u00ebnso \u201eKal\u0117din\u0117 oratorija\u201c ir \u201eRequiem\u201c, L. van Beethoveno IX simfonija, G. Mahlerio II (Prisik\u0117limo) simfonija.<\/p>\n\n\n\n<p>Nema\u017eai d\u0117mesio choras skiria ir \u0161iuolaikinei muzikai. Jo atliekami skamb\u0117jo A. Ram\u00edrezo \u201eMisa Criolla\u201c, D. Fanshawe \u201eAfrican Sanctus\u201c O. Gjeilo \u201eSaul\u0117tekio mi\u0161ios\u201c, M. Palmeri \u201eMisatango\u201c, C. Fonsecos \u201eAfrobrazili\u0161kos mi\u0161ios\u201c, K. Jenkinso \u201eGinkluotas \u017emogus. Mi\u0161ios u\u017e taik\u0105\u201c ir kiti. Be to, kolektyvas dalyvauja eksperimentiniuose projektuose ir \u0161iuolaikinio meno performansuose.<\/p>\n\n\n\n<p>Nuo susik\u016brimo choras yra pareng\u0119s nema\u017eai temini\u0173 \u2013 ispan\u0173, amerikie\u010di\u0173, rus\u0173, lietuvi\u0173 ir \u0160iaur\u0117s \u0161ali\u0173 \u2013 muzikos program\u0173. Kita svarbi choro veiklos sritis \u2013 bendradarbiavimas su kit\u0173 Europos ir pasaulio universitet\u0173 chorais ir orkestrais. Su u\u017esienio partneriais choras \u201ePro musica\u201c \u012fgyvendino daug muzikini\u0173 projekt\u0173 \u012fvairiose \u0161alyse, koncertavo daugelio Europos valstybi\u0173, taip pat JAV, Rusijos, Meksikos, Kubos, Brazilijos ir Kazachstano, Arm\u0117nijos ir Sakartvelo scenose.<\/p>\n\n\n\n<p>Chorui taip pat svarbi edukacin\u0117 ir chorinio dainavimo populiarinimo veikla. Kartu su kitais dviem VU chorais \u201ePro musica\u201c yra vienas nuo 2012 m. rengiamo ir ilgainiui tradiciniu tapusio projekto \u201eKlasika visiems\u201c steigiam\u0173j\u0173 organizatori\u0173.<\/p>\n\n\n\n<p class=\"has-text-align-center\"><strong>Justino Dijoko nuotr.<\/strong><\/p>\n","protected":false},"excerpt":{"rendered":"<p>Vilniaus universiteto (VU) mi\u0161rusis choras \u201ePro musica\u201c, min\u0117damas savo dvide\u0161imtmet\u012f, klausytojams paruo\u0161\u0117 ypating\u0105 dovan\u0105 \u2013 gruod\u017eio 4 dien\u0105 Lietuvos nacionalin\u0117je filharmonijoje atliko retai skambant\u012f amerikie\u010di\u0173 minimalizmo genijaus Philipo Glasso k\u016brini\u0173&hellip; <\/p>\n","protected":false},"author":2,"featured_media":5920,"comment_status":"open","ping_status":"open","sticky":false,"template":"","format":"standard","meta":{"footnotes":""},"categories":[3],"tags":[],"_links":{"self":[{"href":"https:\/\/choras.lt\/index.php\/wp-json\/wp\/v2\/posts\/5917"}],"collection":[{"href":"https:\/\/choras.lt\/index.php\/wp-json\/wp\/v2\/posts"}],"about":[{"href":"https:\/\/choras.lt\/index.php\/wp-json\/wp\/v2\/types\/post"}],"author":[{"embeddable":true,"href":"https:\/\/choras.lt\/index.php\/wp-json\/wp\/v2\/users\/2"}],"replies":[{"embeddable":true,"href":"https:\/\/choras.lt\/index.php\/wp-json\/wp\/v2\/comments?post=5917"}],"version-history":[{"count":4,"href":"https:\/\/choras.lt\/index.php\/wp-json\/wp\/v2\/posts\/5917\/revisions"}],"predecessor-version":[{"id":5960,"href":"https:\/\/choras.lt\/index.php\/wp-json\/wp\/v2\/posts\/5917\/revisions\/5960"}],"wp:featuredmedia":[{"embeddable":true,"href":"https:\/\/choras.lt\/index.php\/wp-json\/wp\/v2\/media\/5920"}],"wp:attachment":[{"href":"https:\/\/choras.lt\/index.php\/wp-json\/wp\/v2\/media?parent=5917"}],"wp:term":[{"taxonomy":"category","embeddable":true,"href":"https:\/\/choras.lt\/index.php\/wp-json\/wp\/v2\/categories?post=5917"},{"taxonomy":"post_tag","embeddable":true,"href":"https:\/\/choras.lt\/index.php\/wp-json\/wp\/v2\/tags?post=5917"}],"curies":[{"name":"wp","href":"https:\/\/api.w.org\/{rel}","templated":true}]}}