{"id":5927,"date":"2024-11-29T15:17:59","date_gmt":"2024-11-29T15:17:59","guid":{"rendered":"https:\/\/choras.lt\/?p=5927"},"modified":"2024-12-02T11:01:25","modified_gmt":"2024-12-02T11:01:25","slug":"choras-gaudeamus-g-puccinio-simtmeti-italisku-repertuaru-pamines-paryziuje","status":"publish","type":"post","link":"https:\/\/choras.lt\/index.php\/2024\/11\/29\/choras-gaudeamus-g-puccinio-simtmeti-italisku-repertuaru-pamines-paryziuje\/","title":{"rendered":"Choras \u201eGaudeamus\u201c G. Puccinio \u0161imtmet\u012f itali\u0161ku repertuaru pamin\u0117jo Pary\u017eiuje"},"content":{"rendered":"\n<p>Pasauliui \u0161ven\u010diant \u0161imt\u0105sias Giacomo Puccinio mirties metines, Vilniaus universiteto akademinis mi\u0161rus choras i\u0161vyko gastroli\u0173 \u012f Pranc\u016bzijos sostin\u0119, kur lapkri\u010dio 30 d. ir gruod\u017eio 1 d. Pary\u017eiaus \u0160v. Roko ba\u017eny\u010dioje kartu su \u017eymiu vietos choru \u201eLe Choeur de Paris\u201c sureng\u0117 koncertus, skirtus pamin\u0117ti garsaus ital\u0173 kompozitoriaus sukakt\u012f.<\/p>\n\n\n\n<p>Dviej\u0173 dali\u0173 koncertuose skamb\u0117jo dvi didel\u0117s apimties chorin\u0117s partit\u016bros \u2013 Giacomo Puccinio (1858\u20131924) \u201eMessa di Gloria\u201c ir Giuseppe&#8217;s Verdi (1813\u20131901) \u201eQuattro pezzi sacri\u201c. Dirigavo garsus vokie\u010di\u0173 dirigentas Till Aly, \u017eymaus pranc\u016bz\u0173 dirigento ir profesoriaus Sylvaino Cambrelingo aukl\u0117tinis ir tradicij\u0173 per\u0117m\u0117jas. Grie\u017e\u0117 orkestras \u201eMusici Europae\u201c.<\/p>\n\n\n\n<p>Pasak choro \u201eGaudeamus\u201c meno vadov\u0117s ir vyriausiosios dirigent\u0117s Rasos Gelgotien\u0117s, toki\u0173 \u017eymi\u0173 muzikant\u0173 kaip maestro T.\u00a0Aly kvietimas dainuoti Pary\u017eiuje \u2013 chorui labai svarbus \u012fvertinimas. Koncertai vyko pa\u010diame Pary\u017eiaus centre, \u0161alia Luvro, \u0160v. Roko ba\u017eny\u010dioje, kuri laikoma meninink\u0173 bendruomen\u0117s muzikine scena ir kurioje nuolat vyksta puik\u016bs choriniai koncertai. \u201ePrograma labai nelengva, ypa\u010d Verdi sakralini\u0173 k\u016brini\u0173 ciklas \u2013 jo harmonin\u0117 kalba tokia tir\u0161ta ir turtinga, kad teko gerokai padirb\u0117ti, kol \u201eprisijaukinome\u201c \u0161i\u0105 nuostabi\u0105 muzik\u0105\u201c, \u2013 \u012fsp\u016bd\u017eiais dalijosi R. Gelgotien\u0117.<\/p>\n\n\n\n<p>\u201eMessa di Gloria\u201c \u2013 G. Puccinio k\u016brinys keturi\u0173 bals\u0173 mi\u0161riam chorui su orkestru ir dviem solistams \u2013 tenorui ir baritonui. Tai kompozitoriaus jaunyst\u0117s k\u016brinys, kur\u012f jis para\u0161\u0117 1880 m., b\u016bdamas 22 met\u0173 am\u017eiaus. G. Puccinis j\u012f suk\u016br\u0117 studijuodamas Pizos konservatorijoje kaip diplomin\u012f darb\u0105. Tai ry\u0161kus, emocingas, jaunatvi\u0161ka energija tryk\u0161tantis k\u016brinys, jungiantis sakralin\u0119 muzik\u0105 su operiniu dramatizmu, itin b\u016bdingu G. Puccini stilistikai. K\u016brinys didel\u0117s apimties, susidedantis i\u0161 penki\u0173 dali\u0173 \u2013 <em>Kyrie, Gloria, Credo, Sanctus<\/em> ir <em>Agnus Dei<\/em>. \u0160iose mi\u0161iose labai i\u0161ry\u0161kinta ir i\u0161pl\u0117tota <em>Gloria<\/em> dalis, tod\u0117l k\u016brinys taip ir pavadintas. Nors opusas da\u017enai laikomas ankstyvuoju kompozitoriaus darbu ir didelio populiarumo po pirm\u0173j\u0173 atlikim\u0173 nesusilauk\u0117, laikui b\u0117gant buvo \u012fvertintas ir dabar greta Puccini oper\u0173 laikomas vienu svarbiausi\u0173 k\u016brini\u0173 jo repertuare.<\/p>\n\n\n\n<p>G. Verdi \u201eKeturios \u0161ventos giesm\u0117s\u201c (\u201eQuattro pezzi sacri\u201c) \u2013 tai paskutin\u012f kompozitoriaus gyvenimo de\u0161imtmet\u012f, skirtingais metais ir skirtingais tikslais para\u0161yti gil\u016bs ir didingi choriniai k\u016briniai: \u201eAve Maria\u201c mi\u0161riam chorui (1889), \u201eStabat Mater\u201c mi\u0161riam chorui ir orkestrui (1897), \u201eLaudi alla Vergine Maria\u201c (pagal Dant\u0117s \u201eRojaus\u201c XXXIII giesm\u0117s tekst\u0105) keturi\u0173 bals\u0173 moter\u0173 chorui <em>a cappella<\/em> (1889) ir \u201eTe Deum\u201c dvigubam mi\u0161riam chorui ir orkestrui (1897). Visus \u0161iuos k\u016brinius vienu rinkiniu 1898 m. i\u0161leido nat\u0173 leidykla \u201eRicordi\u201c. Tais pa\u010diais metais pirm\u0105 kart\u0105 kartu (be \u201eAve Maria\u201c) jie buvo atlikti Pary\u017eiaus operoje, diriguojant Pauliui Taffaneliui.<\/p>\n\n\n\n<p>VU akademinis choras \u201eGaudeamus\u201c \u2013 vienas seniausi\u0173 ir skaitlingiausi\u0173 student\u0173 chor\u0173 Lietuvoje, \u012fsteigtas 1940 m. Nuo 1995 m. jam vadovauja dabartin\u0117 kolektyvo vadov\u0117 Rasa Gelgotien\u0117. Savo gretose \u0161iuo metu apie 100 \u012fvairi\u0173 fakultet\u0173 student\u0173 vienijantis \u201eGaudeamus\u201c yra aktyvus Lietuvos ir u\u017esienio kult\u016brinio gyvenimo dalyvis. Choras dainuoja \u0161alies ir tarptautiniuose festivaliuose bei konkursuose, i\u0161kilminguose Vilniaus universiteto renginiuose. Yra koncertav\u0119s did\u017eiojoje dalyje Europos valstybi\u0173, taip pat Turkijos, Kazachstano, \u0160iaur\u0117s ir Piet\u0173 Amerikos klausytojams. Nuolat dalyvauja Lietuvos dain\u0173 \u0161vent\u0117se, Baltijos \u0161ali\u0173 student\u0173 chor\u0173 festivaliuose, taip pat \u012fvairiuose televizijos projektuose. Choras yra i\u0161leid\u0119s tris kompaktines plok\u0161teles ir \u012fra\u0161\u0119s nema\u017eai k\u016brini\u0173 Lietuvos radijo fondui.<\/p>\n\n\n\n<p>Tolimesniuose choro planuose \u2013 nauja programa: i\u0161kart po \u0161i\u0173 gastroli\u0173 \u201eGaudeamus\u201c imsis kito originalaus projekto, prad\u0117s ruo\u0161ti egzoti\u0161k\u0105 Lotyn\u0173 Amerikos muzikos opus\u0105 Carloso Fonsecos \u201eMissa afrobrasileira\u201c, kur\u012f jau kit\u0173 met\u0173 kovo m\u0117nes\u012f atliks Brazilijoje su Rio de \u017daneiro universiteto choru.<\/p>\n","protected":false},"excerpt":{"rendered":"<p>Pasauliui \u0161ven\u010diant \u0161imt\u0105sias Giacomo Puccinio mirties metines, Vilniaus universiteto akademinis mi\u0161rus choras i\u0161vyko gastroli\u0173 \u012f Pranc\u016bzijos sostin\u0119, kur lapkri\u010dio 30 d. ir gruod\u017eio 1 d. Pary\u017eiaus \u0160v. Roko ba\u017eny\u010dioje kartu&hellip; <\/p>\n","protected":false},"author":2,"featured_media":2590,"comment_status":"open","ping_status":"open","sticky":false,"template":"","format":"standard","meta":{"footnotes":""},"categories":[3],"tags":[],"_links":{"self":[{"href":"https:\/\/choras.lt\/index.php\/wp-json\/wp\/v2\/posts\/5927"}],"collection":[{"href":"https:\/\/choras.lt\/index.php\/wp-json\/wp\/v2\/posts"}],"about":[{"href":"https:\/\/choras.lt\/index.php\/wp-json\/wp\/v2\/types\/post"}],"author":[{"embeddable":true,"href":"https:\/\/choras.lt\/index.php\/wp-json\/wp\/v2\/users\/2"}],"replies":[{"embeddable":true,"href":"https:\/\/choras.lt\/index.php\/wp-json\/wp\/v2\/comments?post=5927"}],"version-history":[{"count":3,"href":"https:\/\/choras.lt\/index.php\/wp-json\/wp\/v2\/posts\/5927\/revisions"}],"predecessor-version":[{"id":5932,"href":"https:\/\/choras.lt\/index.php\/wp-json\/wp\/v2\/posts\/5927\/revisions\/5932"}],"wp:featuredmedia":[{"embeddable":true,"href":"https:\/\/choras.lt\/index.php\/wp-json\/wp\/v2\/media\/2590"}],"wp:attachment":[{"href":"https:\/\/choras.lt\/index.php\/wp-json\/wp\/v2\/media?parent=5927"}],"wp:term":[{"taxonomy":"category","embeddable":true,"href":"https:\/\/choras.lt\/index.php\/wp-json\/wp\/v2\/categories?post=5927"},{"taxonomy":"post_tag","embeddable":true,"href":"https:\/\/choras.lt\/index.php\/wp-json\/wp\/v2\/tags?post=5927"}],"curies":[{"name":"wp","href":"https:\/\/api.w.org\/{rel}","templated":true}]}}