{"id":6136,"date":"2025-01-24T16:28:42","date_gmt":"2025-01-24T16:28:42","guid":{"rendered":"https:\/\/choras.lt\/?p=6136"},"modified":"2025-01-24T16:28:45","modified_gmt":"2025-01-24T16:28:45","slug":"dainu-svente-pripazinta-sekmingiausiu-projektu-garsinant-lietuva-uzsienyje","status":"publish","type":"post","link":"https:\/\/choras.lt\/index.php\/2025\/01\/24\/dainu-svente-pripazinta-sekmingiausiu-projektu-garsinant-lietuva-uzsienyje\/","title":{"rendered":"Dain\u0173 \u0161vent\u0117 pripa\u017einta s\u0117kmingiausiu projektu garsinant Lietuv\u0105 u\u017esienyje!"},"content":{"rendered":"\n<p>Turizmo parodoje \u201eAdventur\u201c i\u0161dalyti 2024-\u0173j\u0173 turizmo s\u0117kmingiausi\u0173j\u0173 apdovanojimai. S\u0117kmingiausio met\u0173 turizmo projekto garsinant Lietuv\u0105 u\u017esienyje titulas atiteko \u0161imto met\u0173 tradicijas menan\u010diai Lietuvos dain\u0173 \u0161ventei. Nominacija \u012fteikta per kasme\u010dius nacionalinius turizmo apdovanojimus, kuriais siekiama pagerbti Lietuvos matomum\u0105 pasaulyje skatinan\u010dius, dalintis kelioni\u0173 atradimais \u012fkvepian\u010dius, ypatingas akimirkas keliaujantiems kurian\u010dius projektus.<\/p>\n\n\n\n<p>\u201eD\u017eiaugiam\u0117s, kad turizmas vis didesn\u012f d\u0117mes\u012f skiria kult\u016brai, kad apie did\u017eiausi\u0105 Lietuvos rengin\u012f \u2013 Dain\u0173 \u0161vent\u0119 \u2013 vis pla\u010diau su\u017eino visas pasaulis. Pra\u0117jusiais metais sulauk\u0117me labai daug sve\u010di\u0173, ekspert\u0173, u\u017esienio \u017einiasklaidos atstov\u0173, kurie atrado Lietuv\u0105 b\u016btent per Dain\u0173 \u0161vent\u0119\u201c, \u2013 sak\u0117 Dain\u0173 \u0161vent\u0117s organizatoriaus Lietuvos nacionalinio kult\u016bros centro direktorius Saulius Liausa.<\/p>\n\n\n\n<p>Dain\u0173 \u0161vent\u0117 yra vienas svarbiausi\u0173 ir did\u017eiausi\u0173 Lietuvos kult\u016bros rengini\u0173, vykstan\u010di\u0173 kas ketverius metus. \u0160i UNESCO pripa\u017einta tradicija skatina kult\u016brin\u012f s\u0105moningum\u0105, stiprina bendruomeni\u0161kumo jausm\u0105 tarp \u012fvairi\u0173 kart\u0173 lietuvi\u0173, buria pasaulio lietuvius.<\/p>\n\n\n\n<p>Renginyje dalyvauja \u0161imtai kolektyv\u0173 i\u0161 Lietuvos ir \u012fvairi\u0173 pasaulio \u0161ali\u0173, kuriose gyvenantys lietuviai puosel\u0117ja m\u016bs\u0173 tautos tradicijas. Sostin\u0117s aik\u0161t\u0117se, parkuose, ba\u017eny\u010diose, koncert\u0173 sal\u0117se vyksta renginiai ir koncertai, kuriuose pasirodo chorai, dain\u0173 ir \u0161oki\u0173 ansambliai, pu\u010diam\u0173j\u0173 ir liaudies instrument\u0173 orkestrai, folkloro ir liaudi\u0161k\u0173 \u0161oki\u0173 kolektyvai, sen\u0173j\u0173 amat\u0173 meistrai, m\u0117g\u0117j\u0173 teatrai.<\/p>\n\n\n\n<p>2024 m. Lietuvos dain\u0173 \u0161vent\u0117 \u201eKad giria \u017ealiuot\u0173\u201c pritrauk\u0117 per 200 t\u016bkstan\u010di\u0173 \u017ei\u016brov\u0173 i\u0161 Lietuvos ir \u012fvairi\u0173 pasaulio \u0161ali\u0173 \u2013 Australijos, Belgijos, Estijos, Graikijos, Ispanijos, Japonijos, JAV, Jungtin\u0117s Karalyst\u0117s, Latvijos, Lenkijos, Vokietijos, Rumunijos, Slov\u0117nijos, Suomijos, Ukrainos. 14-oje \u0161vent\u0117s rengini\u0173 dalyvavo 37 t\u016bkst. dalyvi\u0173, Dain\u0173 dien\u0105 Vingio parke gyvai steb\u0117jo 70 t\u016bkst. \u017emoni\u0173.<\/p>\n\n\n\n<p>Sklidina muzikos, \u0161oki\u0173, dain\u0173, susitikim\u0173 d\u017eiugesio Dain\u0173 \u0161vent\u0117 \u2013 pavyzdys, kaip kult\u016bra ir istorija pritraukia keliautojus i\u0161 viso pasaulio bei stiprina Lietuvos, kaip svetingos ir k\u016brybingos \u0161alies, \u012fvaizd\u012f.<\/p>\n","protected":false},"excerpt":{"rendered":"<p>Turizmo parodoje \u201eAdventur\u201c i\u0161dalyti 2024-\u0173j\u0173 turizmo s\u0117kmingiausi\u0173j\u0173 apdovanojimai. S\u0117kmingiausio met\u0173 turizmo projekto garsinant Lietuv\u0105 u\u017esienyje titulas atiteko \u0161imto met\u0173 tradicijas menan\u010diai Lietuvos dain\u0173 \u0161ventei. Nominacija \u012fteikta per kasme\u010dius nacionalinius turizmo&hellip; <\/p>\n","protected":false},"author":2,"featured_media":6138,"comment_status":"open","ping_status":"open","sticky":false,"template":"","format":"standard","meta":{"footnotes":""},"categories":[5],"tags":[],"_links":{"self":[{"href":"https:\/\/choras.lt\/index.php\/wp-json\/wp\/v2\/posts\/6136"}],"collection":[{"href":"https:\/\/choras.lt\/index.php\/wp-json\/wp\/v2\/posts"}],"about":[{"href":"https:\/\/choras.lt\/index.php\/wp-json\/wp\/v2\/types\/post"}],"author":[{"embeddable":true,"href":"https:\/\/choras.lt\/index.php\/wp-json\/wp\/v2\/users\/2"}],"replies":[{"embeddable":true,"href":"https:\/\/choras.lt\/index.php\/wp-json\/wp\/v2\/comments?post=6136"}],"version-history":[{"count":2,"href":"https:\/\/choras.lt\/index.php\/wp-json\/wp\/v2\/posts\/6136\/revisions"}],"predecessor-version":[{"id":6139,"href":"https:\/\/choras.lt\/index.php\/wp-json\/wp\/v2\/posts\/6136\/revisions\/6139"}],"wp:featuredmedia":[{"embeddable":true,"href":"https:\/\/choras.lt\/index.php\/wp-json\/wp\/v2\/media\/6138"}],"wp:attachment":[{"href":"https:\/\/choras.lt\/index.php\/wp-json\/wp\/v2\/media?parent=6136"}],"wp:term":[{"taxonomy":"category","embeddable":true,"href":"https:\/\/choras.lt\/index.php\/wp-json\/wp\/v2\/categories?post=6136"},{"taxonomy":"post_tag","embeddable":true,"href":"https:\/\/choras.lt\/index.php\/wp-json\/wp\/v2\/tags?post=6136"}],"curies":[{"name":"wp","href":"https:\/\/api.w.org\/{rel}","templated":true}]}}