{"id":6183,"date":"2025-02-10T18:11:18","date_gmt":"2025-02-10T18:11:18","guid":{"rendered":"https:\/\/choras.lt\/?p=6183"},"modified":"2025-02-10T18:12:42","modified_gmt":"2025-02-10T18:12:42","slug":"siuloma-pasaulio-lietuviu-vienybes-diena-itraukti-i-dainu-sventes-sudeti","status":"publish","type":"post","link":"https:\/\/choras.lt\/index.php\/2025\/02\/10\/siuloma-pasaulio-lietuviu-vienybes-diena-itraukti-i-dainu-sventes-sudeti\/","title":{"rendered":"Si\u016bloma \u012f Dain\u0173 \u0161vent\u0117s sud\u0117t\u012f \u012ftraukti Pasaulio lietuvi\u0173 vienyb\u0117s dien\u0105"},"content":{"rendered":"\n<p>Seimo T\u0117vyn\u0117s s\u0105jungos \u2013 Lietuvos krik\u0161\u010dioni\u0173 demokrat\u0173 (TS-LKD) frakcijos nar\u0117 Dalia\u00a0Asanavi\u010di\u016bt\u0117 registravo Dain\u0173 \u0161vent\u0117s tradicij\u0173 \u012fstatymo patais\u0105, kuria siekiama oficialiai \u012ftraukti Pasaulio lietuvi\u0173 vienyb\u0117s dien\u0105 \u012f Dain\u0173 \u0161ven\u010di\u0173 sud\u0117t\u012f prie toki\u0173 dien\u0173 kaip folkloro, ansambli\u0173, \u0161oki\u0173 ir kitos dienos.\u00a0<\/p>\n\n\n\n<p>Registruoto \u012fstatymo ai\u0161kinamajame ra\u0161te pa\u017eymima, kad dalyvaujan\u010di\u0173 pasaulio lietuvi\u0173 skai\u010dius kiekvien\u0105 Dain\u0173 \u0161vent\u0119 tik did\u0117ja, o 2024 m. Dain\u0173 \u0161vent\u0117je dalyvavo net 93 meno kolektyvai i\u0161 skirting\u0173 pasaulio valstybi\u0173.<\/p>\n\n\n\n<p>&nbsp;\u201eLietuvos dain\u0173 \u0161ven\u010di\u0173 programoje ne vienerius metus buvo min\u0117ta atskira Pasaulio lietuvi\u0173 diena, skiriami atskiri renginiai pasaulio lietuvi\u0173 bendruomeni\u0173 prisistatymui, kolektyv\u0173 pasirodymai, ir nors tokia diena ir special\u016bs renginiai, skirti pasaulio lietuviams ir Lietuvos tautin\u0117ms bendrijoms, vyksta ne vienerius metus ir yra \u012ftraukiami \u012f Lietuvos dain\u0173 \u0161vent\u0117s program\u0105, Dain\u0173 \u0161ven\u010di\u0173 tradicijos \u012fstatyme tokia oficiali diena numatyta n\u0117ra,\u201c \u2013 komentavo pagrindin\u0117 projekto teik\u0117ja Seimo nar\u0117 D. Asanavi\u010di\u016bt\u0117.<\/p>\n\n\n\n<p>Pasak projekto iniciator\u0117s D. Asanavi\u010di\u016bt\u0117s, oficialios Pasaulio lietuvi\u0173 vienyb\u0117s dienos \u012ftraukimas \u012f Dain\u0173 \u0161vent\u0117s program\u0105 pad\u0117t\u0173 biud\u017eete numatyti ir i\u0161skirti l\u0117\u0161as atitinkam\u0173 rengini\u0173 ir veikl\u0173 organizavimui rengiant Dain\u0173 \u0161vent\u0119.<\/p>\n\n\n\n<p>\u012estatymo projektas inicijuotas po jungtinio Seimo Kult\u016bros ir \u0160vietimo ir mokslo komitet\u0173 pos\u0117d\u017eio, kurio metu buvo i\u0161sakytos Pasaulio lietuvi\u0173 bendruomen\u0117s atstov\u0173 id\u0117jos d\u0117l Pasaulio lietuvi\u0173 vienyb\u0117s dienos \u012ftraukimo \u012f Dain\u0173 \u0161ven\u010di\u0173 tradicijos \u012fstatym\u0105.<\/p>\n\n\n\n<p>\u012estatymo projekt\u0105 taip pat pasira\u0161\u0117 Seimo nariai Liutauras Kazlavickas, Daiva \u017debelien\u0117, Jurgita \u0160ukevi\u010dien\u0117, Violeta Turauskait\u0117, Laura Asadauskait\u0117-Zadneprovskien\u0117, Lina \u0160ukyt\u0117-Korsak\u0117, Karolis Neimantas, Andrius Busila, Martynas Gedvilas, Paulius Visockas, Jaroslav Narkevi\u010d, Rima Ba\u0161kien\u0117, \u010ceslav Ol\u0161evski, Agn\u0117 \u0160irinskien\u0117, Rita Tama\u0161unien\u0117, Indr\u0117 Ki\u017eien\u0117, Andrius Bagdonas, Vytautas Juozapaitis, Jurgita Sejonien\u0117.<\/p>\n","protected":false},"excerpt":{"rendered":"<p>Seimo T\u0117vyn\u0117s s\u0105jungos \u2013 Lietuvos krik\u0161\u010dioni\u0173 demokrat\u0173 (TS-LKD) frakcijos nar\u0117 Dalia\u00a0Asanavi\u010di\u016bt\u0117 registravo Dain\u0173 \u0161vent\u0117s tradicij\u0173 \u012fstatymo patais\u0105, kuria siekiama oficialiai \u012ftraukti Pasaulio lietuvi\u0173 vienyb\u0117s dien\u0105 \u012f Dain\u0173 \u0161ven\u010di\u0173 sud\u0117t\u012f prie&hellip; <\/p>\n","protected":false},"author":2,"featured_media":414,"comment_status":"open","ping_status":"open","sticky":false,"template":"","format":"standard","meta":{"footnotes":""},"categories":[7],"tags":[],"_links":{"self":[{"href":"https:\/\/choras.lt\/index.php\/wp-json\/wp\/v2\/posts\/6183"}],"collection":[{"href":"https:\/\/choras.lt\/index.php\/wp-json\/wp\/v2\/posts"}],"about":[{"href":"https:\/\/choras.lt\/index.php\/wp-json\/wp\/v2\/types\/post"}],"author":[{"embeddable":true,"href":"https:\/\/choras.lt\/index.php\/wp-json\/wp\/v2\/users\/2"}],"replies":[{"embeddable":true,"href":"https:\/\/choras.lt\/index.php\/wp-json\/wp\/v2\/comments?post=6183"}],"version-history":[{"count":2,"href":"https:\/\/choras.lt\/index.php\/wp-json\/wp\/v2\/posts\/6183\/revisions"}],"predecessor-version":[{"id":6186,"href":"https:\/\/choras.lt\/index.php\/wp-json\/wp\/v2\/posts\/6183\/revisions\/6186"}],"wp:featuredmedia":[{"embeddable":true,"href":"https:\/\/choras.lt\/index.php\/wp-json\/wp\/v2\/media\/414"}],"wp:attachment":[{"href":"https:\/\/choras.lt\/index.php\/wp-json\/wp\/v2\/media?parent=6183"}],"wp:term":[{"taxonomy":"category","embeddable":true,"href":"https:\/\/choras.lt\/index.php\/wp-json\/wp\/v2\/categories?post=6183"},{"taxonomy":"post_tag","embeddable":true,"href":"https:\/\/choras.lt\/index.php\/wp-json\/wp\/v2\/tags?post=6183"}],"curies":[{"name":"wp","href":"https:\/\/api.w.org\/{rel}","templated":true}]}}