{"id":6187,"date":"2025-02-12T11:15:38","date_gmt":"2025-02-12T11:15:38","guid":{"rendered":"https:\/\/choras.lt\/?p=6187"},"modified":"2025-02-13T12:42:39","modified_gmt":"2025-02-13T12:42:39","slug":"dovana-lietuvos-valstybes-atkurimo-dienai-tradicinis-sventinis-koncertas-musu-vaikai-tevynei-lietuvai","status":"publish","type":"post","link":"https:\/\/choras.lt\/index.php\/2025\/02\/12\/dovana-lietuvos-valstybes-atkurimo-dienai-tradicinis-sventinis-koncertas-musu-vaikai-tevynei-lietuvai\/","title":{"rendered":"Dovana Lietuvos valstyb\u0117s atk\u016brimo dienai \u2013 tradicinis \u0161ventinis koncertas &#8220;M\u016bs\u0173 vaikai &#8211; T\u0117vynei Lietuvai&#8221;"},"content":{"rendered":"\n<p>Vasario 16-oji \u2013 ypatinga diena Lietuvos istorijoje, kasmet sutelkianti tautie\u010dius bendram min\u0117jimui. Klaip\u0117dos miesto chorin\u0117 bendrija \u201eAukuras\u201c jau nuo pirm\u0173j\u0173 atkurtos nepriklausomyb\u0117s met\u0173 inicijuoja tradicin\u012f \u0161ventin\u012f koncert\u0105 \u201eM\u016bs\u0173 vaikai \u2013 T\u0117vynei Lietuvai\u201c, skirt\u0105 Lietuvos valstyb\u0117s atk\u016brimo dienai. Tai gra\u017ei ir ilgamet\u0117 Klaip\u0117dos vaik\u0173 ir jaunimo tradicija, kasmet sulaukianti gausaus klausytoj\u0173 b\u016brio.<\/p>\n\n\n\n<p>2025 m. vasario 16 d. 14 val. kvie\u010diame visus \u012f Lietuvos muzikos ir teatro akademijos Klaip\u0117dos fakulteto koncert\u0173 sal\u0119 (K. Donelai\u010dio g. 4, Klaip\u0117da), kurioje vyks \u0161is ypatingas koncertas. Rengin\u012f organizuoja Klaip\u0117dos miesto chorin\u0117 bendrija \u201eAukuras\u201c kartu su Klaip\u0117dos miesto savivaldybe, o renginio partneris ir r\u0117m\u0117jas \u2013 Lietuvos muzikos ir teatro akademijos Klaip\u0117dos fakultetas.<\/p>\n\n\n\n<p>Koncerte pasirodys geriausi Klaip\u0117dos vaik\u0173 ir jaunimo chorai, ansambliai, solistai bei instrumentalistai. Scenoje i\u0161vysime ir i\u0161girsime tarptautini\u0173 bei respublikini\u0173 konkurs\u0173 laureatus, festivali\u0173 dalyvius bei kitus talentingus jaunuosius atlik\u0117jus. Savo muzikinius sugeb\u0117jimus demonstruos Klaip\u0117dos Eduardo Balsio men\u0173 gimnazijos choras (vadov\u0117 Erlanda Tverijonien\u0117), Klaip\u0117dos Vyd\u016bno gimnazijos vaik\u0173 choras (vadovas Arvydas Girdzijauskas), Klaip\u0117dos karalien\u0117s Luiz\u0117s jaunimo centro dainos studija \u201eKeberiok\u0161t\u201c (vadov\u0117 Regina Vind\u017eigalskien\u0117), Klaip\u0117dos Jeronimo Ka\u010dinsko muzikos mokyklos ansamblis \u201eVocalis\u201c (vadov\u0117 Erlanda Tverijonien\u0117), taip pat Klaip\u0117dos Stasio \u0160imkaus konservatorijos, Eduardo Balsio men\u0173 gimnazijos, Juozo Karoso muzikos mokyklos ir Jeronimo Ka\u010dinsko muzikos mokyklos solistai bei instrumentalistai.<\/p>\n\n\n\n<p>Kvie\u010diame kartu pasid\u017eiaugti jaun\u0173j\u0173 klaip\u0117die\u010di\u0173 talentu, klausytis gra\u017eiausi\u0173 lietuvi\u0173 ir u\u017esienio autori\u0173 k\u016brini\u0173 bei kartu \u0161v\u0119sti Lietuvos valstyb\u0117s atk\u016brimo dien\u0105!<\/p>\n\n\n\n<p class=\"has-text-align-center\"><br><strong>Prof. Algirdas \u0160umskis<br>Klaip\u0117dos miesto chorin\u0117s bendrijos \u201eAukuras\u201c tarybos pirmininkas<\/strong><\/p>\n","protected":false},"excerpt":{"rendered":"<p>Vasario 16-oji \u2013 ypatinga diena Lietuvos istorijoje, kasmet sutelkianti tautie\u010dius bendram min\u0117jimui. Klaip\u0117dos miesto chorin\u0117 bendrija \u201eAukuras\u201c jau nuo pirm\u0173j\u0173 atkurtos nepriklausomyb\u0117s met\u0173 inicijuoja tradicin\u012f \u0161ventin\u012f koncert\u0105 \u201eM\u016bs\u0173 vaikai \u2013&hellip; <\/p>\n","protected":false},"author":2,"featured_media":6189,"comment_status":"open","ping_status":"open","sticky":false,"template":"","format":"standard","meta":{"footnotes":""},"categories":[3],"tags":[],"_links":{"self":[{"href":"https:\/\/choras.lt\/index.php\/wp-json\/wp\/v2\/posts\/6187"}],"collection":[{"href":"https:\/\/choras.lt\/index.php\/wp-json\/wp\/v2\/posts"}],"about":[{"href":"https:\/\/choras.lt\/index.php\/wp-json\/wp\/v2\/types\/post"}],"author":[{"embeddable":true,"href":"https:\/\/choras.lt\/index.php\/wp-json\/wp\/v2\/users\/2"}],"replies":[{"embeddable":true,"href":"https:\/\/choras.lt\/index.php\/wp-json\/wp\/v2\/comments?post=6187"}],"version-history":[{"count":2,"href":"https:\/\/choras.lt\/index.php\/wp-json\/wp\/v2\/posts\/6187\/revisions"}],"predecessor-version":[{"id":6197,"href":"https:\/\/choras.lt\/index.php\/wp-json\/wp\/v2\/posts\/6187\/revisions\/6197"}],"wp:featuredmedia":[{"embeddable":true,"href":"https:\/\/choras.lt\/index.php\/wp-json\/wp\/v2\/media\/6189"}],"wp:attachment":[{"href":"https:\/\/choras.lt\/index.php\/wp-json\/wp\/v2\/media?parent=6187"}],"wp:term":[{"taxonomy":"category","embeddable":true,"href":"https:\/\/choras.lt\/index.php\/wp-json\/wp\/v2\/categories?post=6187"},{"taxonomy":"post_tag","embeddable":true,"href":"https:\/\/choras.lt\/index.php\/wp-json\/wp\/v2\/tags?post=6187"}],"curies":[{"name":"wp","href":"https:\/\/api.w.org\/{rel}","templated":true}]}}