{"id":6234,"date":"2025-02-26T10:48:27","date_gmt":"2025-02-26T10:48:27","guid":{"rendered":"https:\/\/choras.lt\/?p=6234"},"modified":"2025-02-26T10:48:50","modified_gmt":"2025-02-26T10:48:50","slug":"dainu-sventes-simtmetis-iamzintas-isskirtiniame-nuotrauku-albume","status":"publish","type":"post","link":"https:\/\/choras.lt\/index.php\/2025\/02\/26\/dainu-sventes-simtmetis-iamzintas-isskirtiniame-nuotrauku-albume\/","title":{"rendered":"Dain\u0173 \u0161vent\u0117s \u0161imtmetis \u012fam\u017eintas i\u0161skirtiniame nuotrauk\u0173 albume"},"content":{"rendered":"\n<p>\u201eKad giria \u017ealiuot\u0173\u201c \u2013 \u0161iais \u017eod\u017eiais Lietuva i\u0161dainavo \u0161imtamet\u0119 Dain\u0173 \u0161vent\u0119, sujungusi\u0105 praeit\u012f ir dabart\u012f, \u012fprasminusi\u0105 m\u016bs\u0173 kult\u016bros bei tradicij\u0173 t\u0119stinum\u0105. \u0160ios didingos \u0161vent\u0117s akimirkos \u2013 nuo pirm\u0173j\u0173 repeticij\u0173 iki paskutin\u0117s natos Dain\u0173 dienoje \u2013 sugul\u0117 \u012f k\u0105 tik i\u0161leist\u0105 nuotrauk\u0173 album\u0105, kvie\u010diant\u012f ne tik prisiminti, bet ir i\u0161gyventi \u2013 patirti jausm\u0105, kad visi esame \u0161io istorinio \u012fvykio dalis.<\/p>\n\n\n\n<p>Tai istorija, kuri\u0105 galima vartyti rankomis. Tai d\u017eiaugsmo pilnos akys, \u0161okio ritmu plakanti \u0161irdis, tyla prie\u0161 pirm\u0105j\u0105 nat\u0105 ir bals\u0173 j\u016bra, sudrebinusi Lietuv\u0105. Tai kvietimas pagalvoti, k\u0105 \u0161iandien galime padaryti, kad Lietuvos kult\u016bra klest\u0117t\u0173 dar \u0161imt\u0105 met\u0173.<\/p>\n\n\n\n<p>Gyvavimo \u0161imtmet\u012f min\u0117jusi Dain\u0173 \u0161vent\u0117 po savo tvariu stogu sukviet\u0117 37 t\u016bkstan\u010dius dalyvi\u0173, kurie vis\u0105 savait\u0119 kleg\u0117jo, \u0161urmuliavo, repetavo ir rod\u0117 vis kitas, bet vienu \u2013 savo kult\u016bros klest\u0117jimo \u2013 \u017eenklu pa\u017eym\u0117tas programas.<\/p>\n\n\n\n<p>Kiekviename nuotrauk\u0173 albumo puslapyje juntama \u0161vent\u0117s dvasia: u\u017eburiantys Ansambli\u0173 vakaro ir \u0160oki\u0173 dienos vaizdai, pagarba praei\u010diai, kalbai ir dainai \u0160ventaragio sl\u0117nyje, \u012ftraukiantys Teatro pasirodymai, pu\u010diam\u0173j\u0173 instrument\u0173 orkestr\u0173 gausmas ir, \u017einoma, t\u016bkstan\u010diais bals\u0173 suskambusi didingoji Dain\u0173 diena.<\/p>\n\n\n\n<p>Pasak Dain\u0173 \u0161vent\u0117s fotograf\u0173 Kata\u017eynos Palubinskos ir Simono Luko\u0161evi\u010diaus, fotografija padeda i\u0161saugoti ir puosel\u0117ti kult\u016br\u0105. Nuotraukos tampa istorijos dalimi, \u012fam\u017eina svarbius momentus ir perteikia ne tik rengin\u012f, bet ir jo emocijas. Jos i\u0161lieka archyvuose, muziejuose ir leidiniuose, taip primindamos renginio svarb\u0105 tiek Lietuvoje, tiek pasaulyje. Dirbti prie \u0161io projekto yra didel\u0117 garb\u0117 \u2013 tai \u012fprasmina tavo darb\u0105, motyvuoja stengtis ir toliau augti kaip profesionalams.<\/p>\n\n\n\n<p>Nuotrauk\u0173 album\u0105 i\u0161leido Lietuvos nacionalinis kult\u016bros centras. Albumo dizain\u0105 suk\u016br\u0117 Tadas Bujanauskas. Nuotrauk\u0173 autoriai \u2013 agent\u016bros AHOY fotografai Gabrielius Jauni\u0161kis, Kata\u017eyna Polubinska, Justinas Au\u0161kelis, Ugnius Bagdonavi\u010dius, Joana Suslavi\u010di\u016bt\u0117, Simonas Luko\u0161evi\u010dius.<\/p>\n\n\n\n<p class=\"has-text-align-center\"><strong>Tado Bujanausko nuotr.<\/strong><\/p>\n","protected":false},"excerpt":{"rendered":"<p>\u201eKad giria \u017ealiuot\u0173\u201c \u2013 \u0161iais \u017eod\u017eiais Lietuva i\u0161dainavo \u0161imtamet\u0119 Dain\u0173 \u0161vent\u0119, sujungusi\u0105 praeit\u012f ir dabart\u012f, \u012fprasminusi\u0105 m\u016bs\u0173 kult\u016bros bei tradicij\u0173 t\u0119stinum\u0105. \u0160ios didingos \u0161vent\u0117s akimirkos \u2013 nuo pirm\u0173j\u0173 repeticij\u0173 iki&hellip; <\/p>\n","protected":false},"author":2,"featured_media":6236,"comment_status":"open","ping_status":"open","sticky":false,"template":"","format":"standard","meta":{"footnotes":""},"categories":[5],"tags":[],"_links":{"self":[{"href":"https:\/\/choras.lt\/index.php\/wp-json\/wp\/v2\/posts\/6234"}],"collection":[{"href":"https:\/\/choras.lt\/index.php\/wp-json\/wp\/v2\/posts"}],"about":[{"href":"https:\/\/choras.lt\/index.php\/wp-json\/wp\/v2\/types\/post"}],"author":[{"embeddable":true,"href":"https:\/\/choras.lt\/index.php\/wp-json\/wp\/v2\/users\/2"}],"replies":[{"embeddable":true,"href":"https:\/\/choras.lt\/index.php\/wp-json\/wp\/v2\/comments?post=6234"}],"version-history":[{"count":3,"href":"https:\/\/choras.lt\/index.php\/wp-json\/wp\/v2\/posts\/6234\/revisions"}],"predecessor-version":[{"id":6238,"href":"https:\/\/choras.lt\/index.php\/wp-json\/wp\/v2\/posts\/6234\/revisions\/6238"}],"wp:featuredmedia":[{"embeddable":true,"href":"https:\/\/choras.lt\/index.php\/wp-json\/wp\/v2\/media\/6236"}],"wp:attachment":[{"href":"https:\/\/choras.lt\/index.php\/wp-json\/wp\/v2\/media?parent=6234"}],"wp:term":[{"taxonomy":"category","embeddable":true,"href":"https:\/\/choras.lt\/index.php\/wp-json\/wp\/v2\/categories?post=6234"},{"taxonomy":"post_tag","embeddable":true,"href":"https:\/\/choras.lt\/index.php\/wp-json\/wp\/v2\/tags?post=6234"}],"curies":[{"name":"wp","href":"https:\/\/api.w.org\/{rel}","templated":true}]}}