{"id":6284,"date":"2025-03-10T09:14:20","date_gmt":"2025-03-10T09:14:20","guid":{"rendered":"https:\/\/choras.lt\/?p=6284"},"modified":"2025-03-12T10:12:13","modified_gmt":"2025-03-12T10:12:13","slug":"gaudeamus-gastrolese-rio-de-zaneire-afrobraziliskos-misios-ir-kovo-11-osios-minejimas","status":"publish","type":"post","link":"https:\/\/choras.lt\/index.php\/2025\/03\/10\/gaudeamus-gastrolese-rio-de-zaneire-afrobraziliskos-misios-ir-kovo-11-osios-minejimas\/","title":{"rendered":"\u201eGaudeamus\u201c gastrol\u0117se Rio de \u017daneire &#8211; \u201eAfrobrazili\u0161kos mi\u0161ios\u201c ir Kovo 11-osios min\u0117jimas"},"content":{"rendered":"\n<p>Vilniaus universiteto (VU) mi\u0161rus choras \u201eGaudeamus\u201c i\u0161vyko gastroli\u0173 \u012f Brazilij\u0105. Rio de \u017daneire kartu su \u0161io miesto universiteto choru \u201eAltivoz\u201c kolektyvas sureng\u0117 koncertus, kuri\u0173 vienas buvo skirtas Kovo 11-ajai pamin\u0117ti. Jame skamb\u0117jo ir Tauti\u0161ka giesm\u0117.<\/p>\n\n\n\n<p>\u0160iemet minint M. K. \u010ciurlionio 150-\u0105sias gimimo metines, koncertuose \u201eGaudeamus\u201c pristato did\u017eiojo m\u016bs\u0173 klasiko harmonizuotas lietuvi\u0173 liaudies dainas ir jo sakralinius k\u016brinius. Koncert\u0173 kulminacija tapo egzoti\u0161kais ritmais pulsuojantis didel\u0117s apimties Carlos Alberto Pinto Fonseca k\u016brinys \u201eAfrobrazili\u0161kos mi\u0161ios\u201c.<\/p>\n\n\n\n<p>Rio de \u017daneiro universiteto Ekumenin\u0117je koply\u010dioje vykusiame, Kovo 11-jai skirtame koncerte dalyvavo ir kalbas sak\u0117 Lietuvos Respublikos generalin\u0117 konsul\u0117 San Paule ir Rio de \u017daneiro valstijos universiteto rektor\u0117.<\/p>\n\n\n\n<p>\u201e\u0160ios gastrol\u0117s studentams puiki galimyb\u0117 pa\u017einti pasaul\u012f ir kuo \u012fvairesn\u0119 jo muzik\u0105, d\u017eiugu, kad pristatydami lietuvi\u0161k\u0105 muzik\u0105 jie taip pat gali prisid\u0117ti ir prie lietuvyb\u0117s skatinimo u\u017ej\u016briuose\u201c, \u2013 sak\u0117 choro \u201eGaudeamus\u201c meno vadov\u0117 ir vyriausioji dirigent\u0117 Rasa Gelgotien\u0117.<\/p>\n\n\n\n<p>\u201eAfrobrazili\u0161kos mi\u0161ios\u201c sukurtos 1976 m. ir tais pa\u010diais metais San Paulo muzikos kritik\u0173 asociacijos apdovanotos \u201eGeriausio vokalinio k\u016brinio\u201c premija. Kompozitorius Carlos Fonseca (1933\u20132006) apie \u0161\u012f k\u016brin\u012f yra pasak\u0119s: \u201ePam\u0117ginau i\u0161trinti ribas tarp sakralin\u0117s, klasikin\u0117s, liaudies ir populiariosios muzikos ir paband\u017eiau pavaizduoti Brazilijos \u017emoni\u0173 impulsyvum\u0105 bei \u0161ilum\u0105.\u201c<\/p>\n\n\n\n<p>VU chor\u0173 bendradarbiavimas su Rio de \u017daneiro universiteto choru siekia daugiau kaip de\u0161imtmet\u012f. Pirm\u0105 kart\u0105 gastroli\u0173 Brazilijoje 2008 m. lank\u0117si VU mergin\u0173 choras \u201eVirgo\u201c. 2011 m. brazili\u0161kos muzikos program\u0105 parengti ir pasikviesti dirigent\u0105 Mario Assef\u0105 suman\u0117 choras \u201ePro musica\u201c. 2012 m. choras \u201ePro musica\u201c koncertavo Rio de \u017daneire. 2015 m. gastroli\u0173 \u012f Brazilij\u0105 vyko choras \u201eGaudeamus\u201c. O \u0161iemet Rio de \u017daneiro universiteto choras planuoja dalyvauti choro \u201eGaudemus\u201c 85-ojo jubiliejaus i\u0161kilm\u0117se.<\/p>\n\n\n\n<p>1940 m \u012fkurtas VU choras \u201eGaudeamus\u201c yra vienas seniausi\u0173, \u017eymiausi\u0173 ir gausiausi\u0173 Lietuvos student\u0173 kolektyv\u0173. Chorui vadovavo daugyb\u0117 \u012f\u017eymi\u0173 \u0161alies chorved\u017ei\u0173 ir pedagog\u0173. Nuo 1995 m. batut\u0105 per\u0117m\u0117 R. Gelgotien\u0117. Choras aktyviai dalyvauja Lietuvos bei tarptautiniuose festivaliuose ir konkursuose, i\u0161kilminguose Vilniaus universiteto renginiuose, koncertuoja Lietuvos dain\u0173 \u0161vent\u0117se, Baltijos \u0161ali\u0173 student\u0173 chor\u0173 festivaliuose, taip pat dalyvauja \u012fvairiuose televizijos projektuose. Kolektyvas apdovanotas daugyb\u0117s nacionalini\u0173 ir u\u017esienio konkurs\u0173 laurais.<\/p>\n\n\n\n<p><\/p>\n","protected":false},"excerpt":{"rendered":"<p>Vilniaus universiteto (VU) mi\u0161rus choras \u201eGaudeamus\u201c i\u0161vyko gastroli\u0173 \u012f Brazilij\u0105. Rio de \u017daneire kartu su \u0161io miesto universiteto choru \u201eAltivoz\u201c kolektyvas sureng\u0117 koncertus, kuri\u0173 vienas buvo skirtas Kovo 11-ajai pamin\u0117ti.&hellip; <\/p>\n","protected":false},"author":2,"featured_media":2590,"comment_status":"open","ping_status":"open","sticky":false,"template":"","format":"standard","meta":{"footnotes":""},"categories":[3],"tags":[],"_links":{"self":[{"href":"https:\/\/choras.lt\/index.php\/wp-json\/wp\/v2\/posts\/6284"}],"collection":[{"href":"https:\/\/choras.lt\/index.php\/wp-json\/wp\/v2\/posts"}],"about":[{"href":"https:\/\/choras.lt\/index.php\/wp-json\/wp\/v2\/types\/post"}],"author":[{"embeddable":true,"href":"https:\/\/choras.lt\/index.php\/wp-json\/wp\/v2\/users\/2"}],"replies":[{"embeddable":true,"href":"https:\/\/choras.lt\/index.php\/wp-json\/wp\/v2\/comments?post=6284"}],"version-history":[{"count":3,"href":"https:\/\/choras.lt\/index.php\/wp-json\/wp\/v2\/posts\/6284\/revisions"}],"predecessor-version":[{"id":6301,"href":"https:\/\/choras.lt\/index.php\/wp-json\/wp\/v2\/posts\/6284\/revisions\/6301"}],"wp:featuredmedia":[{"embeddable":true,"href":"https:\/\/choras.lt\/index.php\/wp-json\/wp\/v2\/media\/2590"}],"wp:attachment":[{"href":"https:\/\/choras.lt\/index.php\/wp-json\/wp\/v2\/media?parent=6284"}],"wp:term":[{"taxonomy":"category","embeddable":true,"href":"https:\/\/choras.lt\/index.php\/wp-json\/wp\/v2\/categories?post=6284"},{"taxonomy":"post_tag","embeddable":true,"href":"https:\/\/choras.lt\/index.php\/wp-json\/wp\/v2\/tags?post=6284"}],"curies":[{"name":"wp","href":"https:\/\/api.w.org\/{rel}","templated":true}]}}