{"id":6287,"date":"2025-03-10T09:28:39","date_gmt":"2025-03-10T09:28:39","guid":{"rendered":"https:\/\/choras.lt\/?p=6287"},"modified":"2025-03-10T14:54:44","modified_gmt":"2025-03-10T14:54:44","slug":"ii-juozo-tallat-kelpsos-vardo-respublikinis-jaunuju-dirigentu-konkursas-chorines-kulturos-svente","status":"publish","type":"post","link":"https:\/\/choras.lt\/index.php\/2025\/03\/10\/ii-juozo-tallat-kelpsos-vardo-respublikinis-jaunuju-dirigentu-konkursas-chorines-kulturos-svente\/","title":{"rendered":"II Juozo Tallat-Kelp\u0161os vardo respublikinis jaun\u0173j\u0173 dirigent\u0173 konkursas \u2013 chorin\u0117s kult\u016bros \u0161vent\u0117"},"content":{"rendered":"\n<p>Kovo 1 dien\u0105, Vilniaus Juozo Tallat-Kelp\u0161os konservatorijoje \u012fvyko II Juozo Tallat-Kelp\u0161os vardo respublikinis jaun\u0173j\u0173 dirigent\u0173 konkursas. \u0160iemet jame dalyvavo 24 jaunieji dirigentai i\u0161 \u012fvairi\u0173 Lietuvos muzikos mokykl\u0173, konservatorij\u0173 ir men\u0173 gimnazij\u0173. Konkurso tikslas \u2013 ugdyti jaunuosius dirigentus, skatinti j\u0173 meistri\u0161kum\u0105 bei suteikti galimyb\u0119 dirbti su choru.<\/p>\n\n\n\n<p>Konkurso dalyviai buvo suskirstyti \u012f keturias kategorijas: A1 ir A2 kategorijose var\u017e\u0117si muzikos mokykl\u0173 mokiniai, o B1 ir B2 kategorijose \u2013 konservatorij\u0173 ir men\u0173 gimnazij\u0173 ugdytiniai. Pirmajame ture visi dalyviai dirigavo k\u016brinius prie fortepijono, o antrajame ture vyresni\u0173j\u0173 kategorij\u0173 (B1, B2) dalyviai tur\u0117jo galimyb\u0119 diriguoti Vilniaus J. Tallat-Kelp\u0161os konservatorijos mi\u0161riam chorui, vadovaujamam mokytojos ekspert\u0117s Renatos Gilien\u0117s ir chormeister\u0117s Valerijos Skapien\u0117s.&nbsp;&nbsp;&nbsp;&nbsp;&nbsp;&nbsp;&nbsp;&nbsp;&nbsp;&nbsp;&nbsp;&nbsp;&nbsp;&nbsp;&nbsp;&nbsp;&nbsp;&nbsp;&nbsp;&nbsp;&nbsp;&nbsp;&nbsp;&nbsp;&nbsp;&nbsp;&nbsp;&nbsp;&nbsp;&nbsp;&nbsp;&nbsp;&nbsp;&nbsp;&nbsp;&nbsp;&nbsp;&nbsp;&nbsp;&nbsp;&nbsp;&nbsp;&nbsp;&nbsp;&nbsp;&nbsp;&nbsp;&nbsp;&nbsp;&nbsp;&nbsp;&nbsp;&nbsp;&nbsp;&nbsp;&nbsp;&nbsp; &nbsp;&nbsp;&nbsp;&nbsp;&nbsp;&nbsp;&nbsp;&nbsp;&nbsp;&nbsp;&nbsp;&nbsp;&nbsp;&nbsp;&nbsp;&nbsp;&nbsp;&nbsp;&nbsp;&nbsp;&nbsp;&nbsp;&nbsp;&nbsp;&nbsp;&nbsp;&nbsp;&nbsp;&nbsp;&nbsp;&nbsp;&nbsp;&nbsp;&nbsp;&nbsp;<\/p>\n\n\n\n<p>Vertinimo komisij\u0105 sudar\u0117 Lietuvos muzikos ir teatro akademijos profesoriai Dainius Pui\u0161ys (pirmininkas) ir Tadas \u0160umskas, Vilniaus Karolini\u0161ki\u0173 muzikos mokyklos mokytoja ekspert\u0117 Gra\u017eina Gumuliauskien\u0117 bei Vilniaus J. Tallat-Kelp\u0161os konservatorijos mokytoja ekspert\u0117 Valerija Skapien\u0117. \u017di\u016bri vertino dirigavimo technik\u0105, interpretacij\u0105, muzikalum\u0105 bei geb\u0117jim\u0105 repetuoti su choru.&nbsp;&nbsp;&nbsp;&nbsp;&nbsp;&nbsp;&nbsp;&nbsp;&nbsp;&nbsp;&nbsp;&nbsp;&nbsp;&nbsp;&nbsp;&nbsp;&nbsp;&nbsp;&nbsp;&nbsp;&nbsp;&nbsp;&nbsp;&nbsp;&nbsp;&nbsp;&nbsp;&nbsp;&nbsp;&nbsp;&nbsp;&nbsp;&nbsp;&nbsp;&nbsp;&nbsp;&nbsp;&nbsp;&nbsp;&nbsp;&nbsp;&nbsp;&nbsp;&nbsp;&nbsp;&nbsp;&nbsp;&nbsp;&nbsp;&nbsp;&nbsp;&nbsp;&nbsp;&nbsp;&nbsp;&nbsp;&nbsp;&nbsp;&nbsp;&nbsp;&nbsp;&nbsp;&nbsp;&nbsp;&nbsp;&nbsp;&nbsp;&nbsp;&nbsp;&nbsp;&nbsp;&nbsp;&nbsp;&nbsp;&nbsp;&nbsp;&nbsp;&nbsp;&nbsp;&nbsp;&nbsp;&nbsp;&nbsp;&nbsp;&nbsp; &nbsp;&nbsp;&nbsp;&nbsp;&nbsp;&nbsp;&nbsp;&nbsp;&nbsp;&nbsp;<\/p>\n\n\n\n<p>Konkurse buvo apdovanoti \u0161ie laureatai: A1 kategorijoje I laipsnio diplom\u0105 peln\u0117 Mant\u0117 Mikuckait\u0117 (mokyt. Julius \u0160idlauskas) ir Kamil\u0117 Na\u010daj\u016bt\u0117 (mokyt. Asta Miknien\u0117), II laipsnio \u2013 Aist\u0117 Stankevi\u010di\u016bt\u0117 ir Etm\u0117 \u0160imonyt\u0117 (abiej\u0173 mokyt. Regina Pa\u017e\u016bsien\u0117), III laipsnio \u2013 Kamil\u0117 \u010capkauskait\u0117 ir Smilt\u0117 Juozapaityt\u0117 (abiej\u0173 mokyt. Ingrida Tarvydien\u0117), Marija Stravinskait\u0117 (mokyt. Asta Miknien\u0117) ir Ema Zubavi\u010di\u016bt\u0117 (mokyt. Vydmantas Ruzgys). A2 kategorijoje: I laipsnio diplomu apdovanotas Aurelijus Augustinas (mokyt. Reda Dap\u0161auskien\u0117), II \u2013 Normilas Jurgaitis (mokyt. Auks\u0117 Stankevi\u010dien\u0117) ir III \u2013 Ar\u016bn\u0117 Antanavi\u010di\u016bt\u0117 (mokyt. Raimundas Martink\u0117nas). B1 kategorijos laureatai: I laipsnis ir geriausio konkurso dirigento prizas \u2013 Nojus \u017di\u017eys (mokyt. Renata Gilien\u0117), II \u2013 Veronika \u0160e\u0161el (mokyt. Jolanta Vy\u0161niauskien\u0117), III \u2013 Aleksandr Cygankov (mokyt. Renata Gilien\u0117), Monika Paugait\u0117 &nbsp;(mokyt. Valerija Skapien\u0117) ir Beatri\u010d\u0117 Petraityt\u0117 (mokyt. Jolanta Vy\u0161niauskien\u0117). B2 kategorijoje, II laipsnio diplom\u0105 peln\u0117 Karolina \u0160aikina (mokyt. Zita Kariniauskien\u0117). &nbsp;&nbsp;&nbsp;&nbsp;&nbsp; &nbsp;&nbsp;&nbsp;&nbsp;&nbsp;&nbsp;&nbsp;&nbsp;&nbsp;&nbsp;&nbsp;<\/p>\n\n\n\n<p>Muzikolog\u0117 Lukrecija Stonkut\u0117 dom\u0117josi \u012fvykusiu renginiu ir pakalbino vien\u0105 i\u0161 konkurso organizatori\u0173 \u2013 J. Tallat-Kelp\u0161os konservatorijos mokytoj\u0105 ekspert\u0119, dirigent\u0119 Renat\u0105 Gilien\u0119. Jos teigimu: \u201e\u0161i\u0173 met\u0173 konkurso dalyvi\u0173 skai\u010dius buvo vos ma\u017eesnis nei pernai: \u0161iemet 24, o pernai 28 dirigentai. Konkurs\u0105 organizavome dviese \u2013 su choro dirigente Valerija Skapiene. M\u016bs\u0173 tikslas \u2013 i\u0161laikyti konkurso stilistik\u0105 ir ai\u0161kiai suformuluotus reikalavimus, kad dalyviai \u017einot\u0173, ko tik\u0117tis ir nor\u0117t\u0173 dalyvauti. Pasteb\u0117jome, kad daugiausiai nerimo dalyviams k\u0117l\u0117 darbas su choru, nes muzikos mokyklose tam n\u0117ra skiriam\u0173 valand\u0173, tod\u0117l tai tampa nemenku i\u0161\u0161\u016bkiu. Pavyzd\u017eiui, viena dalyv\u0117, patekusi \u012f antr\u0105j\u012f tur\u0105, atsisak\u0117 dirbti su choru. Vis d\u0117lto konkurso atmosfera buvo itin draugi\u0161ka. Dalyviai nuo\u0161ird\u017eiai palaik\u0117 vieni kitus, mokytojai dalijosi patirtimi ir \u012fsp\u016bd\u017eiais. \u0160iais metais \u012f konkurso choro sud\u0117t\u012f ne\u012ftrauk\u0117me pa\u010di\u0173 konkurso dalyvi\u0173, nes pakako gerai pasiruo\u0161usio J. Tallat-Kelp\u0161os konservatorijos mi\u0161raus choro. Konkurso komisijos narys prof. Tadas \u0160umskas atkreip\u0117 d\u0117mes\u012f \u012f choro profesionalum\u0105 ir net paklaus\u0117, kiek chore yra samdom\u0173 daininink\u0173. Atsakymas buvo paprastas \u2013 nei vieno. Visi choristai yra J. Tallat-Kelp\u0161os konservatorijos mokiniai. Ateityje sieksime i\u0161laikyti susidom\u0117jim\u0105 konkursu ir laikytis pana\u0161i\u0173 reikalavim\u0173. Labai nor\u0117tume \u012ftraukti regionines muzikos mokyklas, ta\u010diau jos teigia neturin\u010dios dirigavimo pamok\u0173. Rinksime informacij\u0105 ir ie\u0161kosime b\u016bd\u0173, kaip paskatinti \u0161i\u0173 mokykl\u0173 mokinius \u012fsitraukti. Labai d\u0117kojame Lietuvos chor\u0173 s\u0105jungai, Lietuvos kult\u016bros tarybai ir UAB \u201eTamsta\u201c u\u017e param\u0105 ir prizus\u201c&nbsp;&nbsp;&nbsp;&nbsp; .&nbsp;&nbsp;&nbsp;&nbsp;&nbsp;&nbsp;&nbsp;&nbsp;&nbsp;&nbsp;&nbsp;&nbsp;&nbsp;&nbsp;&nbsp;&nbsp;&nbsp;&nbsp;&nbsp;&nbsp;&nbsp;&nbsp;&nbsp;&nbsp;&nbsp;&nbsp;&nbsp;&nbsp;&nbsp;&nbsp;&nbsp;&nbsp;&nbsp;&nbsp; &nbsp;&nbsp;&nbsp;&nbsp;&nbsp;&nbsp;&nbsp;&nbsp;&nbsp;&nbsp;&nbsp;&nbsp;&nbsp;&nbsp;&nbsp;&nbsp;&nbsp;&nbsp;&nbsp;&nbsp;&nbsp;&nbsp;&nbsp;&nbsp;&nbsp;&nbsp;&nbsp;&nbsp;&nbsp;&nbsp;&nbsp;&nbsp;&nbsp;&nbsp;&nbsp; &nbsp;&nbsp;&nbsp;&nbsp;&nbsp;&nbsp;&nbsp;&nbsp;&nbsp;&nbsp;&nbsp;&nbsp;&nbsp;&nbsp;&nbsp;&nbsp;&nbsp;&nbsp;&nbsp;&nbsp;&nbsp;&nbsp;&nbsp;&nbsp;&nbsp;&nbsp;&nbsp;&nbsp;&nbsp;&nbsp;&nbsp;&nbsp;&nbsp;&nbsp;&nbsp;&nbsp;&nbsp;&nbsp;&nbsp;&nbsp;&nbsp;&nbsp;&nbsp;&nbsp;&nbsp;&nbsp;&nbsp;&nbsp;&nbsp;&nbsp;&nbsp;&nbsp;&nbsp;&nbsp;&nbsp;&nbsp;&nbsp;&nbsp;&nbsp;<\/p>\n\n\n\n<p>\u012esp\u016bd\u017eiais pasidalino ir konkurso komisijos pirmininkas, LMTA prof. Dainius Pui\u0161ys: \u201evis\u0173 pirma, noriu pasid\u017eiaugti, kad toks konkursas vyksta ir ypa\u010d d\u017eiugu, kad jis organizuojamas Vilniaus J. Tallat-Kelp\u0161os konservatorijoje. Tai labai svarbus renginys choro muzikos \u017eanrui. Kalbant apie konkurso dalyvius \u2013 maloniai nustebino j\u0173 pasiruo\u0161imo lygis. Da\u017enai girdime, kad dirigavimo specialyb\u0117 tampa ma\u017eiau patraukli, kad valstyb\u0117s po\u017ei\u016bris \u012f j\u0105 n\u0117ra skatinantis. Ta\u010diau \u0161is konkursas parod\u0117, jog yra nema\u017eai talenting\u0173, motyvuot\u0173 jaun\u0173 \u017emoni\u0173, pasirengusi\u0173 siekti auk\u0161tum\u0173. Dalyvi\u0173 skai\u010dius, j\u0173 pasiruo\u0161imas, manualin\u0117 dirigavimo technika, k\u016brini\u0173 interpretavimas buvo \u012ftikinamas. Taip pat d\u017eiaugiuosi, kad tarp dalyvi\u0173 vis da\u017eniau matome ne tik talentingas merginas, bet ir vaikinus. J\u0173 dirigavimo maniera da\u017enai pasi\u017eymi tvirtesne ranka, ai\u0161kesniu auftaktu, racionalumu, ry\u017etu. Merginos visada \u017eavi lyriniu po\u017ei\u016briu, ta\u010diau \u0161iame konkurse netr\u016bko ir energing\u0173, ver\u017eli\u0173 dirigen\u010di\u0173. Konkurse dalyvavo mokiniai i\u0161 Vilniaus Balio Dvariono de\u0161imtmet\u0117s ir Vilniaus Algirdo muzikos mokykl\u0173, Vilniaus J. Tallat-Kelp\u0161os konservatorijos, Kauno Juozo Gruod\u017eio konservatorijos, Kauno Aleksandro Ka\u010danausko ir Kauno sakralin\u0117s muzikos mokykl\u0173, Kauno berniuk\u0173 chorinio dainavimo mokyklos \u201eVarpelis\u201c, Klaip\u0117dos Eduardo Balsio men\u0173 gimnazijos, Klaip\u0117dos Stasio \u0160imkaus konservatorijos, \u0160iauli\u0173 Sauliaus Sondeckio men\u0173 gimnazijos, tad renginys buvo skaitlingas. Buvo pasirodym\u0173, kurie brandumu nustebino komisij\u0105. Pavyzd\u017eiui, J. Tallat-Kelp\u0161os konservatorijos mokinys Nojus \u017di\u017eys, peln\u0119s pirm\u0105j\u0105 premij\u0105, nustebino itin brand\u017eia Broniaus Kutavi\u010diaus k\u016brinio \u201eKaimo kapinait\u0117s\u201c interpretacija. Tai buvo visi\u0161kai ai\u0161ki, apgalvota, i\u0161jausta atlikimo linija, perteikianti Sigito Gedos tekst\u0105 ir i\u0161laikanti stilistin\u012f autenti\u0161kum\u0105. Taip pat noriu i\u0161skirti Klaip\u0117dos E. Balsio men\u0173 gimnazijos mokin\u0119 Saul\u0119 \u0160ablinskait\u0119, kurios muzikalumas, jautrumas ir gird\u0117jimas su\u017eav\u0117jo komisij\u0105. Ji atliko Laimu\u010dio Vilkon\u010diaus ciklo \u201eG\u0117li\u0173 kalb\u0117jimas\u201c pirm\u0105j\u0105 dal\u012f bei Johno Rutterio kantatos \u201eMagnificat\u201c dal\u012f \u201eFecit potentiam\u201c. Labai gra\u017eiai pasirod\u0117 ir Normilas Jurgaitis i\u0161 Vilniaus Balio Dvariono de\u0161imtmet\u0117s muzikos mokyklos \u2013 puikus muzikalumas ir interpretacijos pajautimas. Kitas vilties teikiantis dalyvis \u2013 Aurelijus Augustinas i\u0161 Kauno berniuk\u0173 chorinio dainavimo mokyklos \u201eVarpelis\u201c. Jis pasi\u017eym\u0117jo muzikalumu, emociniu i\u0161rai\u0161kingumu ir impulsyvumu. Taip pat energinga ir valinga buvo Karolina \u0160aikina i\u0161 E. Balsio men\u0173 gimnazijos. Taigi noriu pasveikinti ir pad\u0117koti pedagogams, kurie su did\u017eiuliu atsidavimu ruo\u0161ia \u0161iuos talentingus jaunuosius dirigentus. Konkurso diena buvo puiki \u2013 steb\u0117jome jaun\u0173 \u017emoni\u0173 jaudul\u012f, pasitempim\u0105 ir sveik\u0105 menin\u0119 ambicij\u0105, kuri konkurse yra b\u016btina. Tai var\u017eytuv\u0117s, ta\u010diau kartu ir didel\u0117 chorin\u0117s kult\u016bros \u0161vent\u0117\u201c&nbsp;&nbsp;&nbsp;&nbsp; .&nbsp;&nbsp;&nbsp;&nbsp;&nbsp;&nbsp;&nbsp;&nbsp;&nbsp;&nbsp; &nbsp;&nbsp;&nbsp;&nbsp;&nbsp;&nbsp;&nbsp;&nbsp;&nbsp;&nbsp;&nbsp;&nbsp;&nbsp;&nbsp;&nbsp;&nbsp;&nbsp;&nbsp;&nbsp;&nbsp;&nbsp;&nbsp;&nbsp;&nbsp;&nbsp;&nbsp;&nbsp;&nbsp;&nbsp;&nbsp;&nbsp;&nbsp;&nbsp;&nbsp;&nbsp;&nbsp;&nbsp;&nbsp;&nbsp;&nbsp;&nbsp;&nbsp;&nbsp;&nbsp;&nbsp;&nbsp;&nbsp;<\/p>\n\n\n\n<p>Taigi II J. Tallat-Kelp\u0161os vardo respublikinis jaun\u0173j\u0173 dirigent\u0173 konkursas tapo tikra chorin\u0117s muzikos \u0161vente, kurioje susitiko talentingi jaunieji choro dirigentai. Renginys ne tik atskleid\u0117 jaun\u0173j\u0173 talent\u0173 spindes\u012f, bet ir parod\u0117, kad chorin\u0117 kult\u016bra Lietuvoje turi ry\u0161ki\u0105 ateit\u012f. Linkime, kad kompozitoriaus, dirigento, pedagogo, visuomenininko J. Tallat-Kelp\u0161os vardas ir toliau skamb\u0117t\u0173 kaip simbolis, kvie\u010diantis jaunim\u0105 siekti menini\u0173 auk\u0161tum\u0173, o \u0161is konkursas teb\u016bna vieta, kur gimsta naujos muzikos \u017evaig\u017ed\u0117s.&nbsp;&nbsp;&nbsp;&nbsp;&nbsp;&nbsp;&nbsp;&nbsp;&nbsp;&nbsp;&nbsp;<\/p>\n\n\n\n<p><em>Pareng\u0117 Lukrecija Stonkut\u0117<\/em><\/p>\n","protected":false},"excerpt":{"rendered":"<p>Kovo 1 dien\u0105, Vilniaus Juozo Tallat-Kelp\u0161os konservatorijoje \u012fvyko II Juozo Tallat-Kelp\u0161os vardo respublikinis jaun\u0173j\u0173 dirigent\u0173 konkursas. \u0160iemet jame dalyvavo 24 jaunieji dirigentai i\u0161 \u012fvairi\u0173 Lietuvos muzikos mokykl\u0173, konservatorij\u0173 ir men\u0173&hellip; <\/p>\n","protected":false},"author":2,"featured_media":6291,"comment_status":"open","ping_status":"open","sticky":false,"template":"","format":"standard","meta":{"footnotes":""},"categories":[2],"tags":[],"_links":{"self":[{"href":"https:\/\/choras.lt\/index.php\/wp-json\/wp\/v2\/posts\/6287"}],"collection":[{"href":"https:\/\/choras.lt\/index.php\/wp-json\/wp\/v2\/posts"}],"about":[{"href":"https:\/\/choras.lt\/index.php\/wp-json\/wp\/v2\/types\/post"}],"author":[{"embeddable":true,"href":"https:\/\/choras.lt\/index.php\/wp-json\/wp\/v2\/users\/2"}],"replies":[{"embeddable":true,"href":"https:\/\/choras.lt\/index.php\/wp-json\/wp\/v2\/comments?post=6287"}],"version-history":[{"count":3,"href":"https:\/\/choras.lt\/index.php\/wp-json\/wp\/v2\/posts\/6287\/revisions"}],"predecessor-version":[{"id":6290,"href":"https:\/\/choras.lt\/index.php\/wp-json\/wp\/v2\/posts\/6287\/revisions\/6290"}],"wp:featuredmedia":[{"embeddable":true,"href":"https:\/\/choras.lt\/index.php\/wp-json\/wp\/v2\/media\/6291"}],"wp:attachment":[{"href":"https:\/\/choras.lt\/index.php\/wp-json\/wp\/v2\/media?parent=6287"}],"wp:term":[{"taxonomy":"category","embeddable":true,"href":"https:\/\/choras.lt\/index.php\/wp-json\/wp\/v2\/categories?post=6287"},{"taxonomy":"post_tag","embeddable":true,"href":"https:\/\/choras.lt\/index.php\/wp-json\/wp\/v2\/tags?post=6287"}],"curies":[{"name":"wp","href":"https:\/\/api.w.org\/{rel}","templated":true}]}}