{"id":6305,"date":"2025-03-12T20:28:10","date_gmt":"2025-03-12T20:28:10","guid":{"rendered":"https:\/\/choras.lt\/?p=6305"},"modified":"2025-03-12T20:28:13","modified_gmt":"2025-03-12T20:28:13","slug":"trys-baltijos-saliu-teatrai-pasirase-bendradarbiavimo-memoranduma","status":"publish","type":"post","link":"https:\/\/choras.lt\/index.php\/2025\/03\/12\/trys-baltijos-saliu-teatrai-pasirase-bendradarbiavimo-memoranduma\/","title":{"rendered":"Trys Baltijos \u0161ali\u0173 teatrai pasira\u0161\u0117 bendradarbiavimo memorandum\u0105"},"content":{"rendered":"\n<p>Tre\u010diadien\u012f Lietuvos nacionalinio operos ir baleto teatro generalin\u0117 direktor\u0117 Laima Vilimien\u0117, Latvijos nacionalin\u0117s operos ir baleto valdybos pirmininkas Sandis Voldinis ir Estijos nacionalin\u0117s operos generalinis direktorius Ottas Maatenas pasira\u0161\u0117 trij\u0173 Baltijos \u0161ali\u0173 teatr\u0173 bendradarbiavimo memorandum\u0105.<\/p>\n\n\n\n<p>Pasak LNOBT generalin\u0117s direktor\u0117s L. Vilimien\u0117s, memorandumas akcentuoja \u0161i\u0173 teatr\u0173 pasirengim\u0105 bendriems reik\u0161mingiems darbams. Tai gal\u0117t\u0173 b\u016bti bendr\u0173 koncert\u0173 organizavimas, tarpusavio gastroli\u0173 mainai ir kiti \u012fdom\u016bs projektai, \u012fgaunantys vis ai\u0161kesnius kont\u016brus teatr\u0173 vadov\u0173 susitikimuose.<\/p>\n\n\n\n<p class=\"has-text-align-center\"><strong>Baltijos teatr\u0173 partneryst\u0117<\/strong><\/p>\n\n\n\n<p>\u201eLietuvos, Latvijos ir Estijos nacionalini\u0173 operos ir baleto teatr\u0173 partneryst\u0117 simbolizuoja bendr\u0105 siek\u012f stiprinti kult\u016brinius ry\u0161ius, skatinti menin\u0119 \u012fvairov\u0119 ir praturtinti m\u016bs\u0173 \u0161ali\u0173 kult\u016brin\u012f bendradarbiavim\u0105. Jis atveria duris glaudesnei meninink\u0173 partnerystei, bendr\u0173 projekt\u0173 \u012fgyvendinimui bei dalijimuisi patirtimi. Tai \u017eenklas, kad drauge galime siekti auk\u0161\u010diausi\u0173 menini\u0173 standart\u0173 ir pristatyti savo \u0161ali\u0173 kult\u016br\u0105 tarptautin\u0117je erdv\u0117je\u201c, \u2013 teig\u0117 LNOBT generalin\u0117 direktor\u0117.<\/p>\n\n\n\n<p>\u201eTai galimyb\u0117 atnaujinti ilgus metus trunkant\u012f trij\u0173 \u0161ali\u0173 teatr\u0173 bendradarbiavim\u0105, apimant\u012f apsikeitim\u0105 solistais, dirigentais, muzikantais ir kitais resursais. Baltijos \u0161ali\u0173 teatrai turi daug k\u0105 pasi\u016blyti pasauliui, tuo pa\u010diu pla\u010diai paskleisdami \u017eini\u0105 apie sav\u0105j\u012f region\u0105. Tikiuosi, laukia gra\u017e\u016bs darbai, kuriuos nuveiksime visi kartu\u201c, \u2013 pabr\u0117\u017e\u0117 Latvijos nacionalin\u0117s operos ir baleto valdybos pirmininkas S. Valdinis.<\/p>\n\n\n\n<p>\u201eMemorandumas atveria kelius trij\u0173 \u0161ali\u0173 bendradarbiavimui operos ir baleto srityje. Kiekvienas i\u0161 m\u016bs\u0173, dirbdamas teatre, kartais jau\u010diam\u0117s \u0161iek tiek izoliuoti ir u\u017eimti savais darbais. Bet negalime ignoruoti to, kad Europoje ir apskritai pasaulyje esame matomi b\u016btent kaip bendras Baltijos regionas, ir tod\u0117l m\u016bs\u0173 vienyb\u0117 u\u017eaugina m\u016bs\u0173 svarb\u0105 tarptautiniame kult\u016bros lauke\u201c, \u2013 akcentavo Estijos nacionalin\u0117s operos generalinis direktorius O. Maatenas.<\/p>\n\n\n\n<p class=\"has-text-align-center\"><strong>Diplomatinis paskatinimas<\/strong><\/p>\n\n\n\n<p>Memorandumo pasira\u0161ymo ceremonij\u0105 savo apsilankymu pagerb\u0117 Latvijos nepaprastoji ir \u012fgaliotoji ambasador\u0117 Lietuvoje Solveiga Silkalna bei Estijos nepaprastoji ir \u012fgaliotoji ambasador\u0117 Lietuvoje Kaili Terras.<\/p>\n\n\n\n<p>\u201eD\u017eiugu, kad trij\u0173 Baltijos \u0161ali\u0173 nacionaliniai operos ir baleto teatrai kuria ambicingus planus glaudesniam bendradarbiavimui. Jo d\u0117ka daugelis m\u016bs\u0173 talenting\u0173 meninink\u0173 taps dar labiau matomi \u2013 tiek vieni kitiems, tiek ir u\u017e m\u016bs\u0173 regiono rib\u0173. Kartu esame muzikin\u0117 supervalstyb\u0117\u201c, \u2013 teigia Latvijos ambasador\u0117 S. Silkalna.<\/p>\n\n\n\n<p>\u201eMan, kaip ambasadorei, labai malonu, kai bendradarbiaujant trij\u0173 \u0161ali\u0173 geriausiems atlik\u0117jams galime praturtinti ir prapl\u0117sti m\u016bs\u0173 regiono kult\u016brin\u012f gyvenim\u0105. Esu tikra, kad \u017ei\u016brovai tai priims su did\u017eiausiu d\u0117kingumu. Visiems trims nacionaliniams operos ir baleto teatrams linkiu kuo did\u017eiausios s\u0117km\u0117s!\u201c \u2013 palink\u0117jimu savo pasisakym\u0105 u\u017ebaig\u0117 Estijos ambasador\u0117 K. Terras.<\/p>\n\n\n\n<p class=\"has-text-align-center\"><strong>Martyno Aleksos nuotr.<\/strong><\/p>\n","protected":false},"excerpt":{"rendered":"<p>Tre\u010diadien\u012f Lietuvos nacionalinio operos ir baleto teatro generalin\u0117 direktor\u0117 Laima Vilimien\u0117, Latvijos nacionalin\u0117s operos ir baleto valdybos pirmininkas Sandis Voldinis ir Estijos nacionalin\u0117s operos generalinis direktorius Ottas Maatenas pasira\u0161\u0117 trij\u0173&hellip; <\/p>\n","protected":false},"author":2,"featured_media":6307,"comment_status":"open","ping_status":"open","sticky":false,"template":"","format":"standard","meta":{"footnotes":""},"categories":[7],"tags":[],"_links":{"self":[{"href":"https:\/\/choras.lt\/index.php\/wp-json\/wp\/v2\/posts\/6305"}],"collection":[{"href":"https:\/\/choras.lt\/index.php\/wp-json\/wp\/v2\/posts"}],"about":[{"href":"https:\/\/choras.lt\/index.php\/wp-json\/wp\/v2\/types\/post"}],"author":[{"embeddable":true,"href":"https:\/\/choras.lt\/index.php\/wp-json\/wp\/v2\/users\/2"}],"replies":[{"embeddable":true,"href":"https:\/\/choras.lt\/index.php\/wp-json\/wp\/v2\/comments?post=6305"}],"version-history":[{"count":4,"href":"https:\/\/choras.lt\/index.php\/wp-json\/wp\/v2\/posts\/6305\/revisions"}],"predecessor-version":[{"id":6310,"href":"https:\/\/choras.lt\/index.php\/wp-json\/wp\/v2\/posts\/6305\/revisions\/6310"}],"wp:featuredmedia":[{"embeddable":true,"href":"https:\/\/choras.lt\/index.php\/wp-json\/wp\/v2\/media\/6307"}],"wp:attachment":[{"href":"https:\/\/choras.lt\/index.php\/wp-json\/wp\/v2\/media?parent=6305"}],"wp:term":[{"taxonomy":"category","embeddable":true,"href":"https:\/\/choras.lt\/index.php\/wp-json\/wp\/v2\/categories?post=6305"},{"taxonomy":"post_tag","embeddable":true,"href":"https:\/\/choras.lt\/index.php\/wp-json\/wp\/v2\/tags?post=6305"}],"curies":[{"name":"wp","href":"https:\/\/api.w.org\/{rel}","templated":true}]}}