{"id":6333,"date":"2025-03-19T17:35:44","date_gmt":"2025-03-19T17:35:44","guid":{"rendered":"https:\/\/choras.lt\/?p=6333"},"modified":"2025-03-22T10:31:27","modified_gmt":"2025-03-22T10:31:27","slug":"6333","status":"publish","type":"post","link":"https:\/\/choras.lt\/index.php\/2025\/03\/19\/6333\/","title":{"rendered":"Chor\u0173 festival\u012f &#8220;M\u016bs\u0173 dainose&#8221; prad\u0117s &#8220;Liepait\u0117s&#8221;"},"content":{"rendered":"\n<p>Vievio kult\u016bros centras 17-t\u0105 kart\u0105 organizuoja chor\u0173 festival\u012f &#8211; konkurs\u0105 \u201eM\u016bs\u0173 dainose\u201c. Projekt\u0105 finansuoja Lietuvos kult\u016bros taryba ir Elektr\u0117n\u0173 savivaldyb\u0117. \u0160iemet projektas skirtas vaik\u0173 ir jaunimo chorams. Rengini\u0173 cikl\u0105 pradedame Vilniaus chorinio dainavimo mokyklos \u201eLiepait\u0117s\u201c mergin\u0173 choro koncertu.<\/p>\n\n\n\n<p>Gegu\u017e\u0117s 24 d. vyks Vaik\u0173 ir jaunimo chor\u0173 konkursas ir chor\u0173 koncertai. Kvie\u010diame chorus registruotis ir dalyvauti!&nbsp;<\/p>\n\n\n\n<p>D\u0117l detalios informacijos pra\u0161ome kreiptis: el.p.&nbsp;<a href=\"mailto:musudainose@gmail.com\" target=\"_blank\" rel=\"noreferrer noopener\">musudainose@gmail.com<\/a>, mob.&nbsp;+370 682 31581.<\/p>\n\n\n\n<p class=\"has-text-align-center\">Laukiame susitikim\u0173 dainoje!&nbsp;<\/p>\n\n\n\n<p class=\"has-text-align-center\"><strong>Audron\u0117 Stepankevi\u010di\u016bt\u0117,<\/strong> <\/p>\n\n\n\n<p class=\"has-text-align-center\">projekto \u201eVaik\u0173 ir jaunimo chor\u0173 festivalis &#8211; konkursas \u201eM\u016bs\u0173 dainose\u201c vadov\u0117<\/p>\n","protected":false},"excerpt":{"rendered":"<p>Vievio kult\u016bros centras 17-t\u0105 kart\u0105 organizuoja chor\u0173 festival\u012f &#8211; konkurs\u0105 \u201eM\u016bs\u0173 dainose\u201c. Projekt\u0105 finansuoja Lietuvos kult\u016bros taryba ir Elektr\u0117n\u0173 savivaldyb\u0117. \u0160iemet projektas skirtas vaik\u0173 ir jaunimo chorams. Rengini\u0173 cikl\u0105 pradedame&hellip; <\/p>\n","protected":false},"author":2,"featured_media":6347,"comment_status":"open","ping_status":"open","sticky":false,"template":"","format":"standard","meta":{"footnotes":""},"categories":[2],"tags":[],"_links":{"self":[{"href":"https:\/\/choras.lt\/index.php\/wp-json\/wp\/v2\/posts\/6333"}],"collection":[{"href":"https:\/\/choras.lt\/index.php\/wp-json\/wp\/v2\/posts"}],"about":[{"href":"https:\/\/choras.lt\/index.php\/wp-json\/wp\/v2\/types\/post"}],"author":[{"embeddable":true,"href":"https:\/\/choras.lt\/index.php\/wp-json\/wp\/v2\/users\/2"}],"replies":[{"embeddable":true,"href":"https:\/\/choras.lt\/index.php\/wp-json\/wp\/v2\/comments?post=6333"}],"version-history":[{"count":3,"href":"https:\/\/choras.lt\/index.php\/wp-json\/wp\/v2\/posts\/6333\/revisions"}],"predecessor-version":[{"id":6340,"href":"https:\/\/choras.lt\/index.php\/wp-json\/wp\/v2\/posts\/6333\/revisions\/6340"}],"wp:featuredmedia":[{"embeddable":true,"href":"https:\/\/choras.lt\/index.php\/wp-json\/wp\/v2\/media\/6347"}],"wp:attachment":[{"href":"https:\/\/choras.lt\/index.php\/wp-json\/wp\/v2\/media?parent=6333"}],"wp:term":[{"taxonomy":"category","embeddable":true,"href":"https:\/\/choras.lt\/index.php\/wp-json\/wp\/v2\/categories?post=6333"},{"taxonomy":"post_tag","embeddable":true,"href":"https:\/\/choras.lt\/index.php\/wp-json\/wp\/v2\/tags?post=6333"}],"curies":[{"name":"wp","href":"https:\/\/api.w.org\/{rel}","templated":true}]}}