{"id":6341,"date":"2025-03-21T10:59:41","date_gmt":"2025-03-21T10:59:41","guid":{"rendered":"https:\/\/choras.lt\/?p=6341"},"modified":"2025-03-21T10:59:44","modified_gmt":"2025-03-21T10:59:44","slug":"velyku-festivalis-resurrexit-vienintelis-toks-lietuvoje","status":"publish","type":"post","link":"https:\/\/choras.lt\/index.php\/2025\/03\/21\/velyku-festivalis-resurrexit-vienintelis-toks-lietuvoje\/","title":{"rendered":"Velyk\u0173 festivalis \u201eResurrexit\u201c \u2013 vienintelis toks Lietuvoje"},"content":{"rendered":"\n<p>Jau keturiasde\u0161imt antr\u0105j\u012f kart\u0105 savo gerb\u0117jus kvies ilgametis \u0161v. Velyk\u0173 palydovas \u2013 vienas seniausi\u0173 Lietuvos muzikos festivali\u0173 \u201eResurrexit\u201c (lot. <em>prisik\u0117l\u0117<\/em>), kaskart stebinantis didele muzikini\u0173 program\u0173 \u012fvairove. \u012eprasta, kad Kristaus prisik\u0117limo \u0161vent\u0117s data kasmet kinta, tod\u0117l net ir orai pasitaiko labai \u012fvair\u016bs \u2013 da\u017enai maloniai, o kartais ir nemaloniai nustebinantys. Geros muzikos myl\u0117tojams ir jos atlik\u0117jams yra tek\u0119 ne tik d\u017eiaugtis skais\u010dia pavasario saule, bet ir per gilias pusnis klampoti\u2026 Tikras i\u0161\u0161\u016bkis, bet toki\u0173 pastang\u0173 tikrai verta muzika!<\/p>\n\n\n\n<p>Velyk\u0173 metas renginiui pasirinktas neatsitiktinai \u2013 viena svarbiausi\u0173 krik\u0161\u010dioni\u0161kojo pasaulio \u0161ven\u010di\u0173 simbolizuoja gamtos atbudim\u0105 ir dvasios prisik\u0117lim\u0105. Sovietme\u010diu, prisidengiant \u201eSenosios muzikos festivalio\u201c pavadinimu, organizatoriai \u012f muzikin\u0119 program\u0105 \u012ftraukdavo pasaulinius \u0161edevrus \u2013 religinio pob\u016bd\u017eio k\u016brinius, kuriuos tuomet buvo draud\u017eiama atlikti, o j\u0173 gyvas skambesys \u017eadino \u017emoni\u0173 pilietin\u0119 savimon\u0119 ir ruo\u0161\u0117 juos b\u016bsimoms permainoms. Ilgaam\u017ei\u0161kumu i\u0161siskirian\u010diame festivalyje dera ir senosios tradicijos, ir naujov\u0117s. \u0160iemet nuskamb\u0117s dvylika koncert\u0173 \u0160iauliuose, \u0160eduvoje ir Pakruojyje.<\/p>\n\n\n\n<p>Did\u012fj\u012f tre\u010diadien\u012f \u012f\u017eangos koncertu prasid\u0117siantis ir vis\u0105 Velyk\u0173 savait\u0119 truksiantis festivalis nustebins sakralin\u0117s muzikos gerb\u0117jus net devyniais nemokamais koncertais (taip, perskait\u0117te teisingai \u2013 NEMOKAMAIS!), vyksian\u010diais \u0160iauli\u0173 miesto ir \u0160eduvos katalik\u0173 ba\u017eny\u010diose. Sakralin\u0117 muzika \u2013 tik dalis to, k\u0105 si\u016blys festivalis savo gerb\u0117jams. Tuos, kurie m\u0117gsta klausytis pu\u010diam\u0173j\u0173 instrument\u0173 atliekam\u0173 kompozicij\u0173, kvies \u201ePolifonijos\u201c sal\u0117 \u0160iauliuose. Beje, jei manote, kad tokia muzika \u2013 tai ka\u017ekas nuobodaus, atvykite ir i\u0161girskite, kad ji gali skamb\u0117ti labai \u0161iuolaiki\u0161kai ir net linksmai!<\/p>\n\n\n\n<p>Svarbu pamin\u0117ti ir ypatingus festivalio penktadienius! Jie skirti egzoti\u0161koms muzikin\u0117ms kelion\u0117ms, kurios yra greitos, pigios ir, kas svarbiausia \u2013 \u012fsp\u016bdingos! Tuo jau \u012fsitikino Neapolio muzikos ar ispan\u0173 flamenko gerb\u0117jai. \u0160iemet nuspr\u0119sta pasukti \u012f saul\u0117t\u0105j\u0105 Kub\u0105, kurios sostin\u0117 \u2013 Havana. Gra\u017eus sutapimas, kad \u0160iauliuose \u012fsik\u016br\u0119s klubas identi\u0161ku pavadinimu. \u201eHavana\u201c \u2013 vieta, idealiai tinkanti geram savaitgalio prad\u017eios u\u017etaisui. \u010cia apsilankysian\u010di\u0173 laukia tikrai kar\u0161tas vakar\u0117lis su d\u017eiazo prieskoniais pagardinta Lotyn\u0173 Amerikos muzika. Ir jei iki \u0161iol dar neteko \u0161okti mambos ar sambos, \u0161is vakaras gali b\u016bti puikus metas prad\u017eiai!<\/p>\n\n\n\n<p>Ne ma\u017eiau \u012fdomu bus ir tiems, kas planuoja savaitgalio i\u0161vyk\u0105 \u012f Pakruoj\u012f \u2013 \u010dia, be didel\u0117s gausos \u012fsp\u016bding\u0173 lankytin\u0173 objekt\u0173, laukia ir i\u0161skirtin\u0117 patirtis pasaki\u0161ko gro\u017eio Pakruojo sinagogoje. \u0160e\u0161tadienio vakar\u0105 jos erdves u\u017epildys baroko epochos muzika \u2013 skamb\u0117s moderni Henry Purcell semioperos \u201eF\u0117j\u0173 karalien\u0117\u201c interpretacija, kuri\u0105 atliks tarptautinis Baroko operos k\u016br\u0117j\u0173 kolektyvas LIETO FINE (Lietuva, Italija, Latvija, Austrija), re\u017eisierius ir scenografas Rokas La\u017eaunykas.<\/p>\n\n\n\n<p>Vis ry\u0161kesn\u0117 festivalio edukacin\u0117 linija. Sakralin\u0117s muzikos tyrin\u0117tojai, pedagogai ir m\u0117g\u0117jai jau ketvirt\u0105 kart\u0105 rinksis \u012f mokslin\u0119 konferencij\u0105 \u201eReligin\u0117 muzika: menas, mokslas, praktika\u201c. O tuos, kuriems aktualios komunikacijos, autori\u0173 teisi\u0173 ir kult\u016bros regionuose temos, organizatoriai kvies dalyvauti gyvose diskusijose arba steb\u0117ti j\u0173 transliacijas internetu.<\/p>\n\n\n\n<p>Festivalio programa labai \u012fvairi ir kiekvienas ras k\u0105 i\u0161sirinkti. Jei dar nesate \u0161vent\u0119 Velyk\u0173 su festivaliu \u201eResurrexit\u201c, pabandykite tai padaryti \u0161iemet \u2013 garantuojame, kad tai bus ne tik dvasinio, bet ir kult\u016brinio prisik\u0117limo patirtis! <\/p>\n\n\n\n<p class=\"has-text-align-center\"><strong>Organizatorius \u2013 koncertin\u0117 \u012fstaiga \u0160iauli\u0173 valstybinis kamerinis choras \u201ePolifonija\u201c<br>Festivalio r\u0117m\u0117jai: \u0160iauli\u0173 m. savivaldyb\u0117, LR Kult\u016bros ministerija<\/strong><\/p>\n\n\n\n<p><\/p>\n\n\n\n<p class=\"has-text-align-center\"><strong>P R O G R A M A<\/strong><\/p>\n\n\n\n<p class=\"has-text-align-left\"><br>Baland\u017eio 16 d., tre\u010diadienis, 17.30 val. (po \u0160v. Mi\u0161i\u0173) \u0160eduvos \u0160v. Kry\u017eiaus Atradimo ba\u017eny\u010dia (Vilniaus g.<br>10)<br><strong>\u012e\u017dANGOS KONCERTAS<\/strong><br>Simona LIAMO (sopranas)<br>Nora PETRO\u010cENKO (mecospranas)<br>Dovil\u0117 SAVICKAIT\u0116 (vargonai)<br>Koncertas nemokamas<\/p>\n\n\n\n<hr class=\"wp-block-separator has-alpha-channel-opacity\"\/>\n\n\n\n<p>Baland\u017eio 21 d., pirmadienis, 19.00 val. \u0160iauli\u0173 \u0160v\u010d. Mergel\u0117s Marijos Nekaltojo Prasid\u0117jimo ba\u017eny\u010dia<br>(Gegu\u017ei\u0173 g. 57)<\/p>\n\n\n\n<p><strong>ATIDARYMO KONCERTAS<\/strong><br>Renata DUBINSKAIT\u0116 (mecosopranas)<br>\u0160iauli\u0173 valstybinis kamerinis choras POLIFONIJA<br>Klaip\u0117dos kamerinis choras AUKURAS<br>KLAIP\u0116DOS KAMERINIS ORKESTRAS<br>Dirigentas Raul TALMAR (Estija)<br>Koncertas nemokamas<\/p>\n\n\n\n<hr class=\"wp-block-separator has-alpha-channel-opacity\"\/>\n\n\n\n<p>Baland\u017eio 22 d., antradienis, 18.30 val. \u0160iauli\u0173 kamerin\u0117 sal\u0117 \u201ePolifonija\u201c (Au\u0161ros al. 15)<br><strong>LAUKINIAI V\u0116JAI<\/strong><br>\u0160V. KRISTUPO KVINTETAS:<br>Giedrius GELGOTAS (fleita)<br>Ugnius DI\u010cI\u016aNAS (obojus)<br>Andrius \u017dI\u016aRA (klarnetas)<br>Andrius PUPLAUSKIS (fagotas)<br>Andrius DIRMAUSKAS (valtorn\u0117)<br>Bilietai 10 ir 7 Eur<\/p>\n\n\n\n<hr class=\"wp-block-separator has-alpha-channel-opacity\"\/>\n\n\n\n<p>Baland\u017eio 22 d. 12:00 val. \u0160iauli\u0173 kamerin\u0117 sal\u0117 \u201ePolifonija\u201c ir tiesiogiai internetu<br><strong>Paskaita \u201eCHORO KOMUNIKACIJOS PRAD\u017dIAMOKSLIS. 5 DALYKAI, KURIUOS PRIVALO DARYTI KIEKVIENAS<br>VADOVAS\u201c.<\/strong><br>Skaito Ieva Krivickait\u0117<br>Nemokamai<\/p>\n\n\n\n<hr class=\"wp-block-separator has-alpha-channel-opacity\"\/>\n\n\n\n<p>Baland\u017eio 23 d., tre\u010diadienis, 19.00 val. \u0160iauli\u0173 \u0160v\u010d. Mergel\u0117s Marijos Nekaltojo Prasid\u0117jimo ba\u017eny\u010dia<br>(Gegu\u017ei\u0173 g. 57)<br><strong>DIDIS ESI<\/strong><br>Raminta VAICEKAUSKAIT\u0116 (sopranas)<br>Mindaugas ZIMKUS (tenoras)<br>Paul\u0117 GUDINAIT\u0116 (fortepijonas)<br>Koncertas nemokamas<\/p>\n\n\n\n<hr class=\"wp-block-separator has-alpha-channel-opacity\"\/>\n\n\n\n<p>Baland\u017eio 23 d. 14:00 val. \u0160iauli\u0173 kamerin\u0117 sal\u0117 \u201ePolifonija\u201c ir tiesiogiai internetu<br><strong>Diskusija \u201eCHORIN\u0116S MUZIKOS LEIDYBOS IR AUTORI\u0172 TEISI\u0172 TENDENCIJOS LIETUVOJE\u201c<\/strong><br>Moderator\u0117 Silvija Pro\u010dkyte kalbina pa\u0161nekovus: kompozitori\u0173 Vaclov\u0105 Augustin\u0105, Lietuvos muzikos informacijos centro direktor\u0119 Radvil\u0119 Buivydien\u0119, LATGA vyr. teisinink\u0119 Gabriel\u0119 Vorobjovien\u0119, dirigent\u0119 Raimond\u0105 Skabeikait\u0119.<br>Nemokamai<\/p>\n\n\n\n<hr class=\"wp-block-separator has-alpha-channel-opacity\"\/>\n\n\n\n<p>Baland\u017eio 24 d., ketvirtadienis, 19.00 val. \u0160iauli\u0173 \u0160v\u010d. Mergel\u0117s Marijos Nekaltojo Prasid\u0117jimo ba\u017eny\u010dia<br>(Gegu\u017ei\u0173 g. 57)<br><strong>ECCE HOM<\/strong>O<br>Sophie-V\u00e9ronique CAUCHEFFER-CHOPLIN (vargonai, Pranc\u016bzija)<br>Pauline CHOPLIN (aktor\u0117, Pranc\u016bzija)<br>Koncertas nemokamas<\/p>\n\n\n\n<hr class=\"wp-block-separator has-alpha-channel-opacity\"\/>\n\n\n\n<p>Baland\u017eio 24 d. 14:00 val. \u0160iauli\u0173 kamerin\u0117 sal\u0117 \u201ePolifonija\u201c ir tiesiogiai internetu<br><strong>Diskusija \u201eREGION\u0172 KULT\u016aROS POLITIKA: LOZUNGAI, L\u016aKES\u010cIAI IR GALIMYB\u0116S\u201c (KAIP \u012eVYKDYTI TOLYGIOS KULT\u016aROS POLITIK\u0104 LIETUVOJE?).<\/strong><br>Moderuoja muzikolog\u0117s J\u016brat\u0117 Katinait\u0117 ir Lina Navickait\u0117-Martinelli, diskutuoja Kotryna Nekro\u0161i\u016bt\u0117, Mindaugas Ba\u010dkus ir Linas Balandis.<br>Nemokamai<\/p>\n\n\n\n<hr class=\"wp-block-separator has-alpha-channel-opacity\"\/>\n\n\n\n<p>Baland\u017eio 25 d., penktadienis, 19.00 val. \u0160iauli\u0173 klubas HAVANA (R\u016bd\u0117s g. 27d)<br><strong>LATIN FUSION<\/strong><br>Lotyn\u0173 Amerikos muzika<br>JAZZ FUSION 5:<br>Lily DIOR (vokalas, Australija\u2013Did\u017eioji Britanija)<br>Omar PUENTE (smuikas, Kuba\u2013Did\u017eioji Britanija)<br>Aurelijus \u0160\u010cIUKA (klavi\u0161iniai, Lietuva\u2013Did\u017eioji Britanija)<br>Marco MARZOLA (kontrabosas, Italija\u2013Did\u017eioji Britanija)<br>Alfonso VITALE (perkusija, Italija\u2013Did\u017eioji Britanija)<br>Bilietas 15 Eur<br>*G\u0117rimai ir u\u017ekand\u017eiai prie baro<\/p>\n\n\n\n<hr class=\"wp-block-separator has-alpha-channel-opacity\"\/>\n\n\n\n<p>Baland\u017eio 25 d., penktadienis, 9.00\u201317.00 val. Vilniaus universiteto \u0160iauli\u0173 akademijos informacijos centras<br>(Vytauto g. 84)<\/p>\n\n\n\n<p><strong>Konferencija RELIGIN\u0116 MUZIKA: MENAS, MOKSLAS, PRAKTIKA<\/strong><\/p>\n\n\n\n<hr class=\"wp-block-separator has-alpha-channel-opacity\"\/>\n\n\n\n<p>Baland\u017eio 26 d., \u0161e\u0161tadienis, 16.00 val. Pakruojo sinagoga (Kranto g. 8 )<br><strong>F\u0116J\u0172 KARALIEN\u0116<\/strong><br>Henry Purcell semioperos interaktyvi interpretacija<br>Baroko operos k\u016br\u0117j\u0173 kolektyvas LIETO FINE (Lietuva, Italija, Latvija, Austrija)<br>Re\u017eisierius ir scenografas Rokas La\u017eaunykas<br>Bilietas 5 Eur<\/p>\n\n\n\n<hr class=\"wp-block-separator has-alpha-channel-opacity\"\/>\n\n\n\n<p><strong>SKAMBAN\u010cIOS \u0160IAULI\u0172 BA\u017dNY\u010cIOS<\/strong><br>Baland\u017eio 26 d., \u0161e\u0161tadienis<\/p>\n\n\n\n<p><strong>17.00 val. \u0160iauli\u0173 \u0160v. apa\u0161tal\u0173 Petro ir Pauliaus katedra (Au\u0161ros takas 3)<\/strong><br>\u0160v. Mi\u0161ios ir koncertas<br>Grigali\u0161kasis choras <strong>SCHOLA GREGORIANA VILNENSIS<\/strong><br>Meno vadov\u0117 ir dirigent\u0117 \u017divil\u0117 Stonyt\u0117-Tama\u0161evi\u010dien\u0117<br>Dovil\u0117 SAVICKAIT\u0116 (vargonai)<\/p>\n\n\n\n<p><strong>18.00 val. \u0160iauli\u0173 \u0160v. Jurgio ba\u017eny\u010dia (Kra\u017ei\u0173 g. 17)<\/strong><br>Kauno mi\u0161rus choras <strong>SALUTO<\/strong><br>Meno vadov\u0117 ir dirigent\u0117 Ramut\u0117 \u0160TREIMIKYT\u0116<br>Koncertmeister\u0117 Ema BOJAD\u017dIAN<\/p>\n\n\n\n<p><strong>18.00 val. \u0160iauli\u0173 \u0160v. Ignaco Lojolos ba\u017eny\u010dia (Vilniaus g. 247B)<\/strong><br><strong>PLUNG\u0116S KAMERINIS CHORAS<\/strong><br>Meno vadovas ir dirigentas Alfonsas VILD\u017dI\u016aNAS<br>Vaiva PURLYT\u0116 (fortepijonas)<br>Ieva LYGNUGARIEN\u0116 (smuikas)<br>Beatri\u010d\u0117 RAULU\u0160AITIEN\u0116 (smuikas)<br>Au\u0161ra JARA\u0160I\u016aNIEN\u0116 (violon\u010del\u0117)<\/p>\n\n\n\n<p><strong>19.00 val. \u0160iauli\u0173 \u0160v\u010d. Mergel\u0117s Marijos Nekaltojo Prasid\u0117jimo ba\u017eny\u010dia (Gegu\u017ei\u0173 g. 57)<\/strong><br>\u0160iauli\u0173 kult\u016bros centro kamerinis choras <strong>AT\u017dALYNAS<\/strong><br>Meno vadovas ir dirigentas Mindaugas \u017dALALIS<br>Egl\u0117 \u017dALALIEN\u0116 (sopranas)<br>Mindaugas ZIMKUS (tenoras)<br>Jonas LAMAUSKAS (bosas)<br>Rimvydas MITKUS (vargonai)<\/p>\n\n\n\n<p>Koncertai nemokami<\/p>\n\n\n\n<hr class=\"wp-block-separator has-alpha-channel-opacity\"\/>\n\n\n\n<p>Baland\u017eio 27 d., sekmadienis, 19.00 val. \u0160iauli\u0173 \u0160v\u010d. Mergel\u0117s Marijos Nekaltojo Prasid\u0117jimo ba\u017eny\u010dia<br>(Gegu\u017ei\u0173 g. 57)<\/p>\n\n\n\n<p><strong>U\u017dDARYMO KONCERTAS<\/strong><br>Valstybinis choras VILNIUS<br>LIETUVOS KAMERINIS ORKESTRAS<br>Vincenzo DE MARTINO (fortepijonas, Italija\u2013Lietuva)<br>Dirigentas Art\u016bras DAMBRAUSKAS<br>Koncertas nemokamas<\/p>\n","protected":false},"excerpt":{"rendered":"<p>Jau keturiasde\u0161imt antr\u0105j\u012f kart\u0105 savo gerb\u0117jus kvies ilgametis \u0161v. Velyk\u0173 palydovas \u2013 vienas seniausi\u0173 Lietuvos muzikos festivali\u0173 \u201eResurrexit\u201c (lot. prisik\u0117l\u0117), kaskart stebinantis didele muzikini\u0173 program\u0173 \u012fvairove. \u012eprasta, kad Kristaus prisik\u0117limo&hellip; <\/p>\n","protected":false},"author":2,"featured_media":6343,"comment_status":"open","ping_status":"open","sticky":false,"template":"","format":"standard","meta":{"footnotes":""},"categories":[2],"tags":[],"_links":{"self":[{"href":"https:\/\/choras.lt\/index.php\/wp-json\/wp\/v2\/posts\/6341"}],"collection":[{"href":"https:\/\/choras.lt\/index.php\/wp-json\/wp\/v2\/posts"}],"about":[{"href":"https:\/\/choras.lt\/index.php\/wp-json\/wp\/v2\/types\/post"}],"author":[{"embeddable":true,"href":"https:\/\/choras.lt\/index.php\/wp-json\/wp\/v2\/users\/2"}],"replies":[{"embeddable":true,"href":"https:\/\/choras.lt\/index.php\/wp-json\/wp\/v2\/comments?post=6341"}],"version-history":[{"count":3,"href":"https:\/\/choras.lt\/index.php\/wp-json\/wp\/v2\/posts\/6341\/revisions"}],"predecessor-version":[{"id":6345,"href":"https:\/\/choras.lt\/index.php\/wp-json\/wp\/v2\/posts\/6341\/revisions\/6345"}],"wp:featuredmedia":[{"embeddable":true,"href":"https:\/\/choras.lt\/index.php\/wp-json\/wp\/v2\/media\/6343"}],"wp:attachment":[{"href":"https:\/\/choras.lt\/index.php\/wp-json\/wp\/v2\/media?parent=6341"}],"wp:term":[{"taxonomy":"category","embeddable":true,"href":"https:\/\/choras.lt\/index.php\/wp-json\/wp\/v2\/categories?post=6341"},{"taxonomy":"post_tag","embeddable":true,"href":"https:\/\/choras.lt\/index.php\/wp-json\/wp\/v2\/tags?post=6341"}],"curies":[{"name":"wp","href":"https:\/\/api.w.org\/{rel}","templated":true}]}}