{"id":6352,"date":"2025-03-25T09:12:49","date_gmt":"2025-03-25T09:12:49","guid":{"rendered":"https:\/\/choras.lt\/?p=6352"},"modified":"2025-03-25T09:18:56","modified_gmt":"2025-03-25T09:18:56","slug":"vdu-sa-misrus-choras-ave-vita-svencia-90-metu-jubilieju","status":"publish","type":"post","link":"https:\/\/choras.lt\/index.php\/2025\/03\/25\/vdu-sa-misrus-choras-ave-vita-svencia-90-metu-jubilieju\/","title":{"rendered":"VDU \u0160A mi\u0161rus choras \u201eAve Vita\u201c \u0161ven\u010dia 90 met\u0173 jubiliej\u0173!!!"},"content":{"rendered":"\n<p class=\"has-text-align-center\"><strong>Choras, kuriame telpa visa Lietuva ir pasaulis<\/strong><\/p>\n\n\n\n<p>Kas b\u016bt\u0173 gal\u0117j\u0119s pagalvoti, kad 90 met\u0173 istorij\u0105 skai\u010diuojantis choras \u201eAve Vita\u201c, kuris atstovauja VDU \u0160vietimo akademij\u0105 Vilniuje, taps vienu ry\u0161kiausi\u0173 Lietuvos chorinio meno ambasadori\u0173? Tai ne tik kolektyvas, bet ir gyva istorija, persmelkta begale koncert\u0173, tarptautini\u0173 ir nacionalini\u0173 pergali\u0173, muzikini\u0173 projekt\u0173, draugys\u010di\u0173, eksperiment\u0173. Jubiliejui art\u0117jant, metas prisiminti svarbiausias akimirkas ir atskleisti, kuo gi choras gyvena \u0161iandien!<\/p>\n\n\n\n<p class=\"has-text-align-center\"><strong>Tarptautinis spindesys ir \u201eAukso pauk\u0161t\u0117s\u201c sparnai<\/strong><\/p>\n\n\n\n<p>Choras \u201eAve Vita\u201c jau seniai per\u017eeng\u0117 Lietuvos ribas. J\u0173 balsai skamb\u0117jo did\u017eiausiuose tarptautiniuose festivaliuose ir konkursuose tokiose \u0161alyse kaip Vokietija, Olandija, Malta, \u0160veicarija, Graikija, Ispanija, Belgija, Turkija, \u010cekija, Gruzija, USA, Meksika ir daugyb\u0117 kit\u0173.<\/p>\n\n\n\n<p>Kolektyvas ne tik dalyvavo, bet ir peln\u0117 prizines vietas, o u\u017e savo nuopelnus sulauk\u0117 ypatingo pripa\u017einimo \u2013 \u201eAukso pauk\u0161t\u0117s\u201c nominacijos \u201eTarptautinio spindesio \u017evaig\u017ed\u0117\u201c. Pirmoji pauk\u0161t\u0117 choro padang\u0119 aplank\u0117 2002 metais, o \u0161tai, pra\u0117jus lygiai 20 met\u0173 \u2013 2022 metais chor\u0105 aplank\u0117 dar viena \u201eAukso pauk\u0161t\u0117\u201c &#8211; \u201eGeriausias suaugusi\u0173j\u0173 choras ir vadovas\u201c. \u0160is \u201eAukso pauk\u0161t\u0117\u201c apdovanojimas chorui \u201eAve Vita\u201c skirtas u\u017e aktyvi\u0105 pastar\u0173j\u0173 met\u0173 veikl\u0105: koncertus, dalyvavim\u0105 svarbiausiuose \u0161alies renginiuose, konkursuose pelnytus prizus, festivali\u0173 bei seminar\u0173 inicijavim\u0105.<\/p>\n\n\n\n<p class=\"has-text-align-center\"><strong>Muzika be sien\u0173: nuo akademin\u0117s klasikos iki televizijos projekt\u0173<\/strong><\/p>\n\n\n\n<p>Kasmet \u201eAve Vita\u201c surengia 40-50 koncert\u0173 universitetuose, mokyklose, ba\u017eny\u010di\u0173 skliautuose, parkuose, arenose ir presti\u017ein\u0117se koncert\u0173 sal\u0117se Lietuvoje ir svetur. Jo repertuare &#8211; religin\u0117 muzika, populiarios melodijos, lietuvi\u0173 ir u\u017esienio autori\u0173 opusai bei harmonizuotos liaudies dainos. Choras nevengia ir stambi\u0173 form\u0173 k\u016brini\u0173: su auk\u0161to lygio orkestrais ir kitais chorais i\u0161 Lietuvos, Vokietijos, JAV ir kit\u0173 \u0161ali\u0173 surengtas ne vienas koncertas ir bendras projektas.<\/p>\n\n\n\n<p>2009 metais choras \u017eeng\u0117 \u012f nauj\u0105 erdv\u0119 &#8211; televizijos ekranus. LRT projekte \u201eLietuvos balsai\u201c jie sulauk\u0117 did\u017eiausio pripa\u017einimo, o v\u0117liau tapo neatsiejama \u201e\u017dvaig\u017ed\u017ei\u0173 duet\u0173\u201c, \u201eAuksinio balso\u201c kit\u0173 televizini\u0173 projekt\u0173, socialini\u0173 iniciatyv\u0173, tiesiogini\u0173 transliacij\u0173, min\u0117jim\u0173 dalimi. \u201eAve Vita\u201c dainavo kartu su garsiausiais Lietuvos klasikos ir populiariosios muzikos solistais, atlik\u0117jais.<\/p>\n\n\n\n<p class=\"has-text-align-center\"><strong>\u201eRa\u0161t\u0173 pyn\u0117\u201c \u2013 unikalus tautinio identiteto pristatymas<\/strong><\/p>\n\n\n\n<p>Be koncert\u0173, konkurs\u0173 ir projekt\u0173 \u201eAve Vita\u201c, kartu su Lietuvos nacionaliniu kult\u016bros centrU, yra suk\u016br\u0119s ir vien\u0105 ypating\u0105 projekt\u0105 \u2013 teatralizuot\u0105 koncert\u0105 \u201eRa\u0161t\u0173 pyn\u0117\u201c. Tai ne tik muzikinis pasirodymas, bet ir Lietuvos kult\u016bros paveldo \u0161viet\u0117ji\u0161kas renginys, kuriame pristatomas lietuvi\u0173 tautinis kostiumas bei skirting\u0173 region\u0173 folkloras. Su \u0161iuo projektu choras keliavo po Lietuv\u0105 ir sve\u010diavosi \u012fvairiuose Europos miestuose.<\/p>\n\n\n\n<p class=\"has-text-align-center\"><strong>Kas laukia jubiliejaus metu?<\/strong><\/p>\n\n\n\n<p>90-metis negali praeiti tyliai! Jau planuojama i\u0161skirtin\u0117 jubiliejin\u0117 programa, kuri skamb\u0117s \u012fvairiuose koncertuose, miestuose ir miesteliuose i\u0161tisus metus. Choras apjungs savo istorijos svarbiausius momentus su naujais muzikiniais atradimais. Bus ypatingi sve\u010diai, staigmenos ir, \u017einoma, muzika, kuri sujaudins kiekvien\u0105 klausytoj\u0105.<\/p>\n\n\n\n<p>Svarbiausias jubiliejaus renginys \u2013 gegu\u017e\u0117s 9 d. 19 val. Vilniaus Rotu\u0161\u0117je vyksiantis jubiliejinis choro koncertas, kuriame dalyvaus visi esami, buv\u0119 choro nariai, vadovai, choro draugai i\u0161 Lietuvos ir viso pasaulio. Kiekvieno jubiliejaus tradicija \u2013 sujungti bendroms dainoms visus esamus, buvusius choro narius, visas kartas, visus Lietuvos kampelius ir pasijausti taip, kaip kaskart, kai nuskamba choro \u201eAve Vita\u201c atliekama muzikin\u0117 melodija.<\/p>\n\n\n\n<p class=\"has-text-align-center\"><strong>Muzika, kuri niekada nesustoja<\/strong><\/p>\n\n\n\n<p>90 met\u0173 \u2013 tai ne tik skai\u010dius. Tai istorija, tradicija ir aistra muzikai, kuri nesustoja augti. \u201eAve Vita\u201c ir toliau ie\u0161ko nauj\u0173 keli\u0173, eksperimentuoja ir d\u017eiaugiasi galimybe skleisti chorin\u0119 muzik\u0105 tiek Lietuvoje, tiek visame pasaulyje.<\/p>\n\n\n\n<p>Tad sekite naujienas ir nepraleiskite \u0161ios ypatingos sukakties rengini\u0173!<\/p>\n","protected":false},"excerpt":{"rendered":"<p>Choras, kuriame telpa visa Lietuva ir pasaulis Kas b\u016bt\u0173 gal\u0117j\u0119s pagalvoti, kad 90 met\u0173 istorij\u0105 skai\u010diuojantis choras \u201eAve Vita\u201c, kuris atstovauja VDU \u0160vietimo akademij\u0105 Vilniuje, taps vienu ry\u0161kiausi\u0173 Lietuvos chorinio&hellip; <\/p>\n","protected":false},"author":2,"featured_media":6354,"comment_status":"open","ping_status":"open","sticky":false,"template":"","format":"standard","meta":{"footnotes":""},"categories":[3],"tags":[],"_links":{"self":[{"href":"https:\/\/choras.lt\/index.php\/wp-json\/wp\/v2\/posts\/6352"}],"collection":[{"href":"https:\/\/choras.lt\/index.php\/wp-json\/wp\/v2\/posts"}],"about":[{"href":"https:\/\/choras.lt\/index.php\/wp-json\/wp\/v2\/types\/post"}],"author":[{"embeddable":true,"href":"https:\/\/choras.lt\/index.php\/wp-json\/wp\/v2\/users\/2"}],"replies":[{"embeddable":true,"href":"https:\/\/choras.lt\/index.php\/wp-json\/wp\/v2\/comments?post=6352"}],"version-history":[{"count":3,"href":"https:\/\/choras.lt\/index.php\/wp-json\/wp\/v2\/posts\/6352\/revisions"}],"predecessor-version":[{"id":6357,"href":"https:\/\/choras.lt\/index.php\/wp-json\/wp\/v2\/posts\/6352\/revisions\/6357"}],"wp:featuredmedia":[{"embeddable":true,"href":"https:\/\/choras.lt\/index.php\/wp-json\/wp\/v2\/media\/6354"}],"wp:attachment":[{"href":"https:\/\/choras.lt\/index.php\/wp-json\/wp\/v2\/media?parent=6352"}],"wp:term":[{"taxonomy":"category","embeddable":true,"href":"https:\/\/choras.lt\/index.php\/wp-json\/wp\/v2\/categories?post=6352"},{"taxonomy":"post_tag","embeddable":true,"href":"https:\/\/choras.lt\/index.php\/wp-json\/wp\/v2\/tags?post=6352"}],"curies":[{"name":"wp","href":"https:\/\/api.w.org\/{rel}","templated":true}]}}