{"id":6367,"date":"2025-03-28T09:45:49","date_gmt":"2025-03-28T09:45:49","guid":{"rendered":"https:\/\/choras.lt\/?p=6367"},"modified":"2025-03-28T09:45:52","modified_gmt":"2025-03-28T09:45:52","slug":"garsas-apie-begemota-pasklido-prestiziniame-berlyno-festivalyje","status":"publish","type":"post","link":"https:\/\/choras.lt\/index.php\/2025\/03\/28\/garsas-apie-begemota-pasklido-prestiziniame-berlyno-festivalyje\/","title":{"rendered":"Garsas apie begemot\u0105 pasklido presti\u017einiame Berlyno festivalyje"},"content":{"rendered":"\n<p>Koncertas su choreografine uodega \u201eThe Urban Tale of a Hippo\u201c kovo 24 dien\u0105 buvo pristatytas Berlyno aktualios muzikos festivalio \u201eMaerzMusik\u201c programoje. \u0160iuolaikyb\u0117s kra\u0161tovaizd\u012f tyrin\u0117jan\u010dio ir \u017emogaus bei gyv\u016bno tapatum\u0105 kvestionuojan\u010dio k\u016brinio autoriai \u2013 tarptautin\u0117 komanda: kompozitorius Panayiotis Kokoras, \u0161okio menininkas Andrius Katinas, \u0161vies\u0173 dailinink\u0117 Nanni Vapaavuori, kostium\u0173 dizainer\u0117 Morta Nakait\u0117 ir ansamblis \u201eSynaesthesis\u201c (nuotr.).<\/p>\n\n\n\n<p>Koncertus, performansus, nauj\u0105j\u0105 oper\u0105, garso meno \u012fvykius pristatantis kasmetinis aktualios muzikos festivalis \u201eMaerzMusik\u201c, \u0161iemet vykstantis kovo 21-30 dienomis Berlyne, rengiamas jau 24-\u0105j\u012f kart\u0105, o jo i\u0161takos siekia net 1967-uosius. Tai bene presti\u017ei\u0161kiausia \u0161iuolaikin\u0117s muzikos ir inovatyvi\u0173 tarpdisciplinini\u0173 audialini\u0173 projekt\u0173 scena pasaulyje.<\/p>\n\n\n\n<p>\u0160i\u0173 met\u0173 festivalio \u201eMaerzMusik\u201c programoje, kartu su k\u016br\u0117j\u0173 i\u0161 Vokietijos, Jungtini\u0173 Amerikos Valstij\u0173, Izraelio, Tailando, Vietnamo ir kit\u0173 \u0161ali\u0173 atstov\u0173 darbais, prisistat\u0117 Vilniaus miesto \u0161iuolaikinio muzikos teatro kompanijos \u201eOperomanija\u201c prodiusuojamas k\u016brinys \u2013 koncertas su choreografine uodega \u201eThe Urban Tale of a Hippo\u201c du kartus nuskamb\u0117jo Berlyno Sophiens\u00e6le.<\/p>\n\n\n\n<p>\u201eTarp k\u016brybin\u0117s komandos, festivalio atstov\u0173 ir koncerto dalyvi\u0173-klausytoj\u0173 lyg aidas sklido mintis, kad m\u016bs\u0173 pasaka apie begemot\u0105 \u2013 Berlynui ir festivaliui \u201eMaerzMusik\u201c yra labai tinkamas k\u016brinys. Jo urbanistinis, esteti\u0161kas, garsi\u0161kai originalus turinys tarsi prat\u0119sia \u0161\u012f miest\u0105, savo i\u0161gryninta vizionieri\u0161ka forma tampa it jo metafora. Tuo pa\u010diu \u012fsuka \u012f \u0161iuolaikyb\u0117je aktuali\u0105 menin\u0119 kalb\u0105, intuityviai u\u017e\u010diuopia joje sklandan\u010dias temas\u201c, \u2013 \u012fsp\u016bd\u017eiais po gastroli\u0173 Berlyne dalijasi ansamblio \u201eSynaesthesis\u201c pianist\u0117 Marta Finkel\u0161tein.<\/p>\n\n\n\n<p>Anks\u010diau M. Finkel\u0161tein festival\u012f \u201eMaerzMusik\u201c \u2013 kurio scenose siekia pasirodyti daugyb\u0117 inovatyvios, eksperimentin\u0117s muzikos k\u016br\u0117j\u0173 \u2013 teko steb\u0117ti kaip \u017ei\u016brovei. Prisimindama anuometin\u0119 \u017ei\u016brovi\u0161k\u0105 patirt\u012f ir dabar jau pati i\u0161band\u017eiusi \u201eMaerzMusik\u201c scen\u0105, sako: \u201eLankydamasi festivalyje kaip klausytoja labiausiai atkreipiau d\u0117mes\u012f \u012f jo i\u0161skirtin\u0119 aur\u0105, sklindan\u010di\u0105 i\u0161 konceptuali\u0173 festivalio programavimo sprendim\u0173, \u012fstabi\u0173 miesto erdvi\u0173 ir dinami\u0161kos publikos. Dar kart\u0105 tai patyriau kaip atlik\u0117ja, tik kur kas intensyviau. Publika sek\u0117 kiekvien\u0105 judes\u012f ir gars\u0105, o \u017eaviausia yra tai, kad pagavo ir k\u016brinyje slypin\u010dius humoro elementus. Performanso prasmes ir atlik\u0117j\u0173 b\u016bv\u012f scenoje visada esmi\u0161kai veikia publika, erdv\u0117, joje tvyranti atmosfera \u2013 taigi, \u0161\u012fkart m\u016bs\u0173 \u201ebegemotas\u201c gal\u0117jo sau leisti b\u016bti ypa\u010d ekstravaganti\u0161kas, \u017eavus ir dr\u0105siai pajuokauti.\u201c<\/p>\n\n\n\n<p>Koncerto su choreografine uodega \u201eThe Urban Tale of a Hippo\u201c pasirodymas \u201eMaerzMusik\u201c programoje buvo pirmas \u201eOperomanijos\u201c prodiusuotas k\u016brinys, pristatytas Berlyno festivalio scenoje, ta\u010diau s\u0117kmingai u\u017emegzt\u0105 bendradarbiavim\u0105 ketinama t\u0119sti toliau. \u201eFestivalio organizatoriai i\u0161rei\u0161k\u0117 nor\u0105 bendradarbiauti ir su ansambliu \u201eSynaesthesis\u201c, ir su \u201eOperomanija\u201c. Su \u201eMaerzMusik\u201c meno vadove Kamila Metwaly d\u0117l konkre\u010di\u0173 partneryst\u0117s id\u0117j\u0173 susitiksime tartis dar \u0161\u012f pavasar\u012f, taip pat ji ketina gyvai susipa\u017einti su kitais organizacijos prodiusuojamais darbais\u201c, \u2013 sako \u201eOperomanijos\u201c vadov\u0117 Ana Ablamonova.<\/p>\n\n\n\n<p>Be to, festivalis \u201eMaerzMusik\u201c puosel\u0117ja \u0161iuolaikin\u0117s muzikos bibliotek\u0105 \u2013 \u012f \u010dia jau sukaupt\u0105 plat\u0173 k\u016brybos pavyzd\u017ei\u0173 archyv\u0105, fondo k\u016br\u0117j\u0173 pra\u0161ymu \u012fsiliejo ir solidus \u201eSynaesthesis\u201c bei \u201eOperomanijos\u201c padovanotas rinkinys \u2013 vinilin\u0117s plok\u0161tel\u0117s bei kompaktiniai diskai, pristatantys Lietuvos \u0161iuolaikin\u0117s muzikos autori\u0173 ir atlik\u0117j\u0173 k\u016bryb\u0105.<\/p>\n\n\n\n<p class=\"has-text-align-center\"><strong>Ilm\u0117s Vy\u0161niauskait\u0117s nuotr.<\/strong><\/p>\n","protected":false},"excerpt":{"rendered":"<p>Koncertas su choreografine uodega \u201eThe Urban Tale of a Hippo\u201c kovo 24 dien\u0105 buvo pristatytas Berlyno aktualios muzikos festivalio \u201eMaerzMusik\u201c programoje. \u0160iuolaikyb\u0117s kra\u0161tovaizd\u012f tyrin\u0117jan\u010dio ir \u017emogaus bei gyv\u016bno tapatum\u0105 kvestionuojan\u010dio&hellip; <\/p>\n","protected":false},"author":2,"featured_media":6369,"comment_status":"open","ping_status":"open","sticky":false,"template":"","format":"standard","meta":{"footnotes":""},"categories":[5],"tags":[],"_links":{"self":[{"href":"https:\/\/choras.lt\/index.php\/wp-json\/wp\/v2\/posts\/6367"}],"collection":[{"href":"https:\/\/choras.lt\/index.php\/wp-json\/wp\/v2\/posts"}],"about":[{"href":"https:\/\/choras.lt\/index.php\/wp-json\/wp\/v2\/types\/post"}],"author":[{"embeddable":true,"href":"https:\/\/choras.lt\/index.php\/wp-json\/wp\/v2\/users\/2"}],"replies":[{"embeddable":true,"href":"https:\/\/choras.lt\/index.php\/wp-json\/wp\/v2\/comments?post=6367"}],"version-history":[{"count":2,"href":"https:\/\/choras.lt\/index.php\/wp-json\/wp\/v2\/posts\/6367\/revisions"}],"predecessor-version":[{"id":6370,"href":"https:\/\/choras.lt\/index.php\/wp-json\/wp\/v2\/posts\/6367\/revisions\/6370"}],"wp:featuredmedia":[{"embeddable":true,"href":"https:\/\/choras.lt\/index.php\/wp-json\/wp\/v2\/media\/6369"}],"wp:attachment":[{"href":"https:\/\/choras.lt\/index.php\/wp-json\/wp\/v2\/media?parent=6367"}],"wp:term":[{"taxonomy":"category","embeddable":true,"href":"https:\/\/choras.lt\/index.php\/wp-json\/wp\/v2\/categories?post=6367"},{"taxonomy":"post_tag","embeddable":true,"href":"https:\/\/choras.lt\/index.php\/wp-json\/wp\/v2\/tags?post=6367"}],"curies":[{"name":"wp","href":"https:\/\/api.w.org\/{rel}","templated":true}]}}